{"id":623670,"date":"2025-12-26T17:13:13","date_gmt":"2025-12-26T17:13:13","guid":{"rendered":"https:\/\/www.europesays.com\/fr\/623670\/"},"modified":"2025-12-26T17:13:13","modified_gmt":"2025-12-26T17:13:13","slug":"franck-haise-veut-attirer-un-defenseur-de-brighton","status":"publish","type":"post","link":"https:\/\/www.europesays.com\/fr\/623670\/","title":{"rendered":"Franck Haise veut attirer un d\u00e9fenseur de Brighton"},"content":{"rendered":"<p>\t\t\t\t\t Ancien de la maison ni\u00e7oise o\u00f9 il a \u00e9volu\u00e9 entre 2011 et 2019, Olivier Boscagli pourrait-il effectuer un retour surprise sur la C\u00f4te d&rsquo;Azur ? Selon nos informations, l&rsquo;OGC Nice s&rsquo;est renseign\u00e9 sur la situation du d\u00e9fenseur de Brighton, dans l&rsquo;optique de renforcer son secteur d\u00e9fensif lors de ce mercato hivernal. Un dossier qui plait beaucoup \u00e0 Franck Haise, mais qui s&rsquo;annonce pourtant loin d&rsquo;\u00eatre simple pour les Aiglons. <br \/>  \u200b <br \/>  Arriv\u00e9 libre en provenance du PSV Eindhoven l&rsquo;\u00e9t\u00e9 dernier apr\u00e8s six saisons couronn\u00e9es de succ\u00e8s aux Pays-Bas, o\u00f9 il a notamment \u00e9t\u00e9 sacr\u00e9 double champion d&rsquo;Eredivisie en 2024 et 2025, Boscagli traverse une p\u00e9riode extr\u00eamement d\u00e9licate \u00e0 Brighton. Le gaucher de 28 ans, li\u00e9 jusqu&rsquo;en 2030 avec les Seagulls, n&rsquo;a disput\u00e9 que 142 minutes en Premier League cette saison, cantonn\u00e9 \u00e0 trois apparitions en Coupe de la Ligue. Une situation frustrante pour un joueur qui totalisait 204 matchs avec le PSV et poss\u00e9dait une solide exp\u00e9rience europ\u00e9enne avec 53 rencontres en coupes continentales. <br \/>  \u200b <br \/>  Mais la donne a r\u00e9cemment \u00e9volu\u00e9. Le 20 d\u00e9cembre dernier, Boscagli a enfin connu sa premi\u00e8re titularisation en championnat anglais face \u00e0 Sunderland, disputant l&rsquo;int\u00e9gralit\u00e9 de la rencontre (0-0) en raison de l&rsquo;indisponibilit\u00e9 de Lewis Dunk et Jan Paul van Hecke. Selon la BBC, le natif de Monaco s&rsquo;est dit \u00ab\u00a0satisfait\u00a0\u00bb de cette performance et a affirm\u00e9 \u00ab\u00a0travailler tr\u00e8s dur\u00a0\u00bb pour convaincre Fabian H\u00fcrzeler de lui accorder plus de temps de jeu. Cette \u00e9volution r\u00e9cente pourrait freiner les ardeurs de Brighton, qui ne souhaiterait d\u00e9sormais plus prendre de d\u00e9cision h\u00e2tive concernant son avenir, pr\u00e9f\u00e9rant attendre la fin du mercato pour trancher. <br \/>  \u200b <br \/>  L&rsquo;OGC Nice devra \u00e9galement composer avec une concurrence redoutable. Selon nos informations, <a class=\"liens\" href=\"https:\/\/www.jeunesfooteux.com\/Habib-Beye-veut-un-defenseur-le-Stade-Rennais-regarde-du-cote-de-Brighton_a78358.html\" target=\"_blank\" rel=\"noopener\">le Stade Rennais a \u00e9galement coch\u00e9 le nom de Boscagli<\/a> pour apporter de l&rsquo;exp\u00e9rience \u00e0 sa d\u00e9fense. Les dirigeants bretons auraient m\u00eame d\u00e9j\u00e0 approch\u00e9 l&rsquo;entourage du joueur pour explorer les modalit\u00e9s d&rsquo;un pr\u00eat assorti d&rsquo;une option d&rsquo;achat. Parall\u00e8lement, plusieurs formations turques sont sur les rangs. Le quotidien turc Fanatik r\u00e9v\u00e8le que Fenerbah\u00e7e, qui avait d\u00e9j\u00e0 tent\u00e9 de recruter le Fran\u00e7ais avant sa signature \u00e0 Brighton, est revenu \u00e0 la charge et placerait le d\u00e9fenseur en t\u00eate de sa liste pour janvier, notamment pour pallier le d\u00e9part potentiel de Jayden Oosterwolde. <br \/>  \u200b <br \/>  Pour un OGC Nice en qu\u00eate de stabilit\u00e9 d\u00e9fensive &#8211; Franck Haise ayant d\u00fb r\u00e9guli\u00e8rement bricoler sa charni\u00e8re centrale en raison des blessures r\u00e9currentes de ses joueurs &#8211; l&rsquo;op\u00e9ration Boscagli repr\u00e9senterait un coup int\u00e9ressant. Reste \u00e0 savoir si le club azur\u00e9en parviendra \u00e0 surpasser la concurrence pour r\u00e9cup\u00e9rer l&rsquo;un de ses anciens pensionnaires.<\/p>\n","protected":false},"excerpt":{"rendered":"Ancien de la maison ni\u00e7oise o\u00f9 il a \u00e9volu\u00e9 entre 2011 et 2019, Olivier Boscagli pourrait-il effectuer un&hellip;\n","protected":false},"author":2,"featured_media":623671,"comment_status":"","ping_status":"","sticky":false,"template":"","format":"standard","meta":{"footnotes":""},"categories":[2819],"tags":[1111,11,1777,674,1011,27,12,2401,882,25],"class_list":{"0":"post-623670","1":"post","2":"type-post","3":"status-publish","4":"format-standard","5":"has-post-thumbnail","7":"category-nice","8":"tag-actu","9":"tag-actualites","10":"tag-eu","11":"tag-europe","12":"tag-fr","13":"tag-france","14":"tag-news","15":"tag-nice","16":"tag-provence-alpes-cote-dazur","17":"tag-republique-francaise"},"share_on_mastodon":{"url":"https:\/\/pubeurope.com\/@fr\/115786993068126514","error":""},"_links":{"self":[{"href":"https:\/\/www.europesays.com\/fr\/wp-json\/wp\/v2\/posts\/623670","targetHints":{"allow":["GET"]}}],"collection":[{"href":"https:\/\/www.europesays.com\/fr\/wp-json\/wp\/v2\/posts"}],"about":[{"href":"https:\/\/www.europesays.com\/fr\/wp-json\/wp\/v2\/types\/post"}],"author":[{"embeddable":true,"href":"https:\/\/www.europesays.com\/fr\/wp-json\/wp\/v2\/users\/2"}],"replies":[{"embeddable":true,"href":"https:\/\/www.europesays.com\/fr\/wp-json\/wp\/v2\/comments?post=623670"}],"version-history":[{"count":0,"href":"https:\/\/www.europesays.com\/fr\/wp-json\/wp\/v2\/posts\/623670\/revisions"}],"wp:featuredmedia":[{"embeddable":true,"href":"https:\/\/www.europesays.com\/fr\/wp-json\/wp\/v2\/media\/623671"}],"wp:attachment":[{"href":"https:\/\/www.europesays.com\/fr\/wp-json\/wp\/v2\/media?parent=623670"}],"wp:term":[{"taxonomy":"category","embeddable":true,"href":"https:\/\/www.europesays.com\/fr\/wp-json\/wp\/v2\/categories?post=623670"},{"taxonomy":"post_tag","embeddable":true,"href":"https:\/\/www.europesays.com\/fr\/wp-json\/wp\/v2\/tags?post=623670"}],"curies":[{"name":"wp","href":"https:\/\/api.w.org\/{rel}","templated":true}]}}