{"id":623694,"date":"2025-12-26T17:29:12","date_gmt":"2025-12-26T17:29:12","guid":{"rendered":"https:\/\/www.europesays.com\/fr\/623694\/"},"modified":"2025-12-26T17:29:12","modified_gmt":"2025-12-26T17:29:12","slug":"cette-equipe-du-psg-a-gagne-des-supporters-par-son-exemplarite","status":"publish","type":"post","link":"https:\/\/www.europesays.com\/fr\/623694\/","title":{"rendered":"\u00ab\u00a0Cette \u00e9quipe du PSG a gagn\u00e9 des supporters par son exemplarit\u00e9\u00a0\u00bb"},"content":{"rendered":"<p>        <img decoding=\"async\" id=\"27107905\" src=\"https:\/\/www.europesays.com\/fr\/wp-content\/uploads\/2025\/12\/roche.jpeg\" alt=\"Alain Roche, lorsqu\u2019il \u00e9tait directeur sportif des Girondins.\" itemprop=\"contentURL\"\/><\/p>\n<p>    Alain Roche, lorsqu\u2019il \u00e9tait directeur sportif des Girondins.<\/p>\n<p>SudOuest<\/p>\n<p class=\"interview-question\">Qu\u2019est-ce qui vous a marqu\u00e9 sur cette ann\u00e9e 2025 de football\u00a0?<\/p>\n<p class=\"interview-answer\"><a href=\"https:\/\/www.sudouest.fr\/sport\/football\/ligue-des-champions\/le-psg-remporte-la-ligue-des-champions-etincelant-ecrasant-paris-enfin-roi-d-europe-24675186.php\" target=\"_blank\" rel=\"follow noopener\">La victoire en Ligue des champions du Paris Saint-Germain<\/a>forc\u00e9ment. Leur parcours depuis la victoire contre Manchester City [NDLR\u00a0: 4-2 le 22&#8230;<\/p>\n<p>        <img decoding=\"async\" id=\"27107905\" src=\"https:\/\/www.europesays.com\/fr\/wp-content\/uploads\/2025\/12\/roche.jpeg\" alt=\"Alain Roche, lorsqu\u2019il \u00e9tait directeur sportif des Girondins.\" itemprop=\"contentURL\"\/><\/p>\n<p>    Alain Roche, lorsqu\u2019il \u00e9tait directeur sportif des Girondins.<\/p>\n<p>SudOuest<\/p>\n<p class=\"interview-question\">Qu\u2019est-ce qui vous a marqu\u00e9 sur cette ann\u00e9e 2025 de football\u00a0?<\/p>\n<p class=\"interview-answer\"><a href=\"https:\/\/www.sudouest.fr\/sport\/football\/ligue-des-champions\/le-psg-remporte-la-ligue-des-champions-etincelant-ecrasant-paris-enfin-roi-d-europe-24675186.php\" target=\"_blank\" rel=\"follow noopener\">La victoire en Ligue des champions du Paris Saint-Germain<\/a> forc\u00e9ment. Leur parcours depuis la victoire contre Manchester City [NDLR\u00a0: 4-2 le 22\u00a0janvier] est exceptionnel, sur les r\u00e9sultats et dans la mani\u00e8re. J\u2019ai eu la chance de vivre tous les d\u00e9placements comme supporter. Quand ils ont \u00e9limin\u00e9 Liverpool, la meilleure \u00e9quipe de Premier League alors [0-1, 1-0, 4-1 t.a.b les 5 et 13\u00a0mars], je me suis dit qu\u2019ils pouvaient aller au bout. Hormis Barcelone qu\u2019ils auraient pu retrouver en finale, je ne voyais pas qui pouvait les en emp\u00eacher.<\/p>\n<p class=\"interview-question\">Est-ce la meilleure \u00e9quipe qu\u2019il n\u2019y ait jamais eue en France\u00a0?<\/p>\n<p class=\"interview-answer\">Pour moi, oui. Elle allie technique, jeu, d\u00e9passement de soi, solidarit\u00e9. Elle a gagn\u00e9 d\u2019autres supporters par son exemplarit\u00e9. Quand je suis en province, je ressens une sympathie pour elle. L\u2019entra\u00eeneur [Luis Enrique] ne fait pas de bruit, ne se plaint jamais des erreurs d\u2019arbitrage. Et en France, elle n\u2019est que la deuxi\u00e8me \u00e0 gagner la C1 donc forc\u00e9ment, c\u2019est au moins l\u2019\u00e9quipe d\u2019une \u00e9poque. Rien qu\u2019avec notre succ\u00e8s en Coupe des Coupes [avec Paris en 1996], on avait marqu\u00e9 une g\u00e9n\u00e9ration au PSG.<\/p>\n<p class=\"interview-question\">En tant qu\u2019ancien joueur (1992-1998) et directeur sportif (2006-2012) du PSG, est-ce un aboutissement du parcours du club\u00a0?<\/p>\n<p class=\"interview-answer\">Oui car il court apr\u00e8s depuis des ann\u00e9es. Mon \u00e9poque est lointaine maintenant. Mais depuis qu\u2019il a \u00e9t\u00e9 repris par le Qatar, le club s\u2019en donne les moyens avec l\u2019argent d\u00e9pens\u00e9 dans les transferts. Tout le monde est content d\u2019avoir vu passer les plus grands joueurs du monde. Le changement de strat\u00e9gie est peut-\u00eatre venu tardivement, mais il faut parfois faire des erreurs pour les analyser et gagner. Je lui souhaite maintenant qu\u2019il se maintienne au sommet. Il a les moyens de garder ses joueurs, ce qui n\u2019est pas le cas de tous. Il a l\u2019atout d\u2019\u00eatre dans la plus belle ville du monde, d\u2019avoir un vivier de jeunes colossal et d\u2019attirer plus que jamais les autres.<\/p>\n<p class=\"interview-question\">Que pensez-vous de la mani\u00e8re dont ils ont encha\u00een\u00e9 apr\u00e8s le titre\u00a0?<\/p>\n<p class=\"interview-answer\">Ce que j\u2019aime avec Luis Enrique est qu\u2019il affiche ses ambitions d\u2019entr\u00e9e. Il veut gagner \u00e0 nouveau la Ligue des champions. Je les trouve performants en Europe o\u00f9 ils montent le curseur par rapport \u00e0 la L1. <a href=\"https:\/\/www.sudouest.fr\/sport\/football\/paris-saint-germain\/ligue-1-le-psg-maitrise-rennes-pour-rester-au-contact-de-lens-et-distancer-l-om-27004625.php\" target=\"_blank\" rel=\"follow noopener\">Contre Rennes [victoire 5-0 le 6\u00a0d\u00e9cembre<\/a> apr\u00e8s une d\u00e9faite 1-0 \u00e0 Monaco], ils y ont retrouv\u00e9 leurs standards. Avec la Coupe du monde des clubs puis la Supercoupe d\u2019Europe, ils n\u2019ont pas eu de vacances et il fallait bien se douter qu\u2019il y aurait des blessures, une p\u00e9riode o\u00f9 ils seraient moins dominateurs. Mais ils assument en lan\u00e7ant des jeunes, ils sont deuxi\u00e8mes en championnat et presque d\u00e9j\u00e0 qualifi\u00e9s pour les huiti\u00e8mes en C1. On peut penser que quand tout le monde sera revenu, ils seront \u00e0 nouveau au top au printemps.<\/p>\n<p class=\"interview-question\">L\u2019ann\u00e9e 2025 a \u00e9t\u00e9 celle de la premi\u00e8re Coupe du monde des clubs. Qu\u2019en avez-vous pens\u00e9\u00a0?<\/p>\n<p class=\"interview-answer\">J\u2019ai commenc\u00e9 \u00e0 m\u2019y int\u00e9resser \u00e0 partir des quarts de finale car c\u2019\u00e9tait une mini Ligue des champions d\u00e9localis\u00e9e. Pour le reste, c\u2019\u00e9tait des stades pas pleins, des chaleurs accablantes avec de nombreuses coupures pour s\u2019hydrater. C\u2019est une comp\u00e9tition de plus qui met \u00e0 mal les organismes des joueurs. Les clubs qui y participent nient toute sorte de m\u00e9fait, parce qu\u2019ils s\u2019y retrouvent financi\u00e8rement. Malheureusement, la voix des joueurs n\u2019est pas tr\u00e8s \u00e9cout\u00e9e.<\/p>\n<blockquote><p>\u00ab\u00a0Le Ballon d\u2019Or d\u2019Ousmane Demb\u00e9l\u00e9, c\u2019est la reconnaissance d\u2019un talent qui n\u2019avait jusqu\u2019ici jamais trouv\u00e9 le bon contexte pour s\u2019exprimer pleinement\u00a0\u00bb<\/p><\/blockquote>\n<p class=\"interview-question\">Que retenez-vous d\u2019autres\u00a0?<\/p>\n<p class=\"interview-answer\"><a href=\"https:\/\/www.sudouest.fr\/sport\/ousmane-dembele-remporte-le-ballon-d-or-2025-devant-lamine-yamal-26047291.php\" target=\"_blank\" rel=\"follow noopener\">Le Ballon d\u2019Or d\u2019Ousmane Demb\u00e9l\u00e9<\/a>. C\u2019est la reconnaissance d\u2019un talent qui n\u2019avait jusqu\u2019ici jamais trouv\u00e9 le bon contexte pour s\u2019exprimer pleinement et est devenu efficace en sept mois. Au-del\u00e0, c\u2019est celle du collectif du PSG et d\u2019un football moderne o\u00f9, pour gagner, vous devez avoir des attaquants qui courent, pressent. J\u2019ai ador\u00e9 son discours, tr\u00e8s humble. Apr\u00e8s des ann\u00e9es d\u2019h\u00e9g\u00e9monie de Messi et Ronaldo, \u00e7a montre, apr\u00e8s Rodri en 2024, que les journalistes ont chang\u00e9 d\u2019approche dans leur vote. Marquer ne suffit pas.<\/p>\n<p class=\"interview-answer\">Apr\u00e8s, sur les \u00e9v\u00e9nements de 2025, je ne peux pas occulter la qualification de l\u2019\u00e9quipe de France \u00e0 la Coupe du monde 2026. On peut dire que c\u2019\u00e9tait un groupe facile, il faut r\u00e9pondre sur le terrain. Ils l\u2019ont fait comme d\u2019habitude avec Didier Deschamps.<\/p>\n<p class=\"interview-question\">Est-ce une bonne chose <a href=\"https:\/\/www.sudouest.fr\/sport\/football\/didier-deschamps\/video-deschamps-quittera-l-equipe-de-france-en-2026-j-ai-fait-mon-temps-estime-le-selectionneur-22752686.php\" target=\"_blank\" rel=\"follow noopener\">qu\u2019il ait annonc\u00e9 t\u00f4t son d\u00e9part<\/a>\u00a0?<\/p>\n<p class=\"interview-answer\">Oui car il est appr\u00e9ci\u00e9. Il y a toujours des gens \u00e0 l\u2019ext\u00e9rieur qui critiquent le jeu mais moi je pr\u00e9f\u00e8re aller c\u00e9l\u00e9brer sur les Champs-\u00c9lys\u00e9es que m\u2019arr\u00eater en quart de finale. \u00c7a l\u2019a peut-\u00eatre soulag\u00e9 aussi car il payait dans l\u2019opinion le fait que sa prolongation ait \u00e9t\u00e9 d\u00e9cid\u00e9e en catimini avec No\u00ebl Le\u00a0Gra\u00ebt apr\u00e8s 2022. Il se fait moins fracasser aussi dans les m\u00e9dias, alors qu\u2019il l\u2019\u00e9tait souvent injustement au vu de son palmar\u00e8s.<\/p>\n<p class=\"interview-question\">Et que retenez-vous au niveau des clubs\u00a0?<\/p>\n<p class=\"interview-answer\">L\u2019arriv\u00e9e de la famille Arnault comme propri\u00e9taire du Paris FC. C\u2019est bien pour le football fran\u00e7ais dans cette p\u00e9riode difficile, pour Paris qui \u00e9tait la seule grande capitale avec un seul club au plus haut niveau. \u00c7a prendra du temps mais j\u2019y crois car Red Bull est une entit\u00e9 qui a un savoir-faire \u00e9prouv\u00e9 et que les Arnault ont la t\u00eate sur les \u00e9paules. M\u00eame si le foot peut faire perdre l\u2019esprit de rigueur, je pense qu\u2019ils peuvent devenir un acteur int\u00e9ressant de Ligue 1 dans les prochaines ann\u00e9es.<\/p>\n","protected":false},"excerpt":{"rendered":"Alain Roche, lorsqu\u2019il \u00e9tait directeur sportif des Girondins. SudOuest Qu\u2019est-ce qui vous a marqu\u00e9 sur cette ann\u00e9e 2025&hellip;\n","protected":false},"author":2,"featured_media":623695,"comment_status":"","ping_status":"","sticky":false,"template":"","format":"standard","meta":{"footnotes":""},"categories":[1888],"tags":[1111,1928,11,1927,1777,674,1011,27,12,1926,626,1925,25],"class_list":{"0":"post-623694","1":"post","2":"type-post","3":"status-publish","4":"format-standard","5":"has-post-thumbnail","7":"category-paris","8":"tag-actu","9":"tag-actu-paris","10":"tag-actualites","11":"tag-actualites-paris","12":"tag-eu","13":"tag-europe","14":"tag-fr","15":"tag-france","16":"tag-news","17":"tag-news-paris","18":"tag-paris","19":"tag-paris-news","20":"tag-republique-francaise"},"share_on_mastodon":{"url":"https:\/\/pubeurope.com\/@fr\/115787057674350712","error":""},"_links":{"self":[{"href":"https:\/\/www.europesays.com\/fr\/wp-json\/wp\/v2\/posts\/623694","targetHints":{"allow":["GET"]}}],"collection":[{"href":"https:\/\/www.europesays.com\/fr\/wp-json\/wp\/v2\/posts"}],"about":[{"href":"https:\/\/www.europesays.com\/fr\/wp-json\/wp\/v2\/types\/post"}],"author":[{"embeddable":true,"href":"https:\/\/www.europesays.com\/fr\/wp-json\/wp\/v2\/users\/2"}],"replies":[{"embeddable":true,"href":"https:\/\/www.europesays.com\/fr\/wp-json\/wp\/v2\/comments?post=623694"}],"version-history":[{"count":0,"href":"https:\/\/www.europesays.com\/fr\/wp-json\/wp\/v2\/posts\/623694\/revisions"}],"wp:featuredmedia":[{"embeddable":true,"href":"https:\/\/www.europesays.com\/fr\/wp-json\/wp\/v2\/media\/623695"}],"wp:attachment":[{"href":"https:\/\/www.europesays.com\/fr\/wp-json\/wp\/v2\/media?parent=623694"}],"wp:term":[{"taxonomy":"category","embeddable":true,"href":"https:\/\/www.europesays.com\/fr\/wp-json\/wp\/v2\/categories?post=623694"},{"taxonomy":"post_tag","embeddable":true,"href":"https:\/\/www.europesays.com\/fr\/wp-json\/wp\/v2\/tags?post=623694"}],"curies":[{"name":"wp","href":"https:\/\/api.w.org\/{rel}","templated":true}]}}