{"id":623714,"date":"2025-12-26T17:46:24","date_gmt":"2025-12-26T17:46:24","guid":{"rendered":"https:\/\/www.europesays.com\/fr\/623714\/"},"modified":"2025-12-26T17:46:24","modified_gmt":"2025-12-26T17:46:24","slug":"elle-etait-en-ce2-quand-il-y-a-eu-un-incident-pornographique-elle-se-mobilise-contre-les-telephones-avant-15-ans","status":"publish","type":"post","link":"https:\/\/www.europesays.com\/fr\/623714\/","title":{"rendered":"\u00ab\u00a0Elle \u00e9tait en CE2 quand il y a eu un incident pornographique\u00a0\u00bb\u00a0: elle se mobilise contre les t\u00e9l\u00e9phones avant 15 ans"},"content":{"rendered":"<p>\n                                                                    l&rsquo;essentiel<br \/>\n                                                                En 2019, une m\u00e8re de famille lance un mouvement militant pour retarder l\u2019acc\u00e8s des enfants aux smartphones. Six ans plus tard, son combat continu\u00a0: il fait \u00e9cho aux inqui\u00e9tudes des sp\u00e9cialistes comme de parents rencontr\u00e9s \u00e0 Auch (Gers).\n                            <\/p>\n<p>En 2019, Marie-Alix Le Roy, m\u00e8re de deux enfants, lance une action militante contre l\u2019usage des t\u00e9l\u00e9phones et smartphones avant l\u2019\u00e2ge de 15 ans. \u00ab\u00a0Mon action a commenc\u00e9 cette ann\u00e9e-l\u00e0, quand ma fille \u00e9tait en CE2. Il y a eu un incident \u00e0 caract\u00e8re pornographique\u00a0\u00bb, explique la m\u00e8re de famille, six ans plus tard. Alors que son enfant n\u2019a que huit ans, elle prend alors pleinement conscience des dangers li\u00e9s \u00e0 l\u2019acc\u00e8s pr\u00e9coce aux smartphones.<\/p>\n<p>\u00ab\u00a0J\u2019ai commenc\u00e9 \u00e0 r\u00e9aliser que tout le monde s\u2019appr\u00eatait \u00e0 donner un t\u00e9l\u00e9phone d\u00e8s la sixi\u00e8me, et que d\u00e9sormais cela arrivait d\u00e8s le CM1, voire le CM2. Je me suis demand\u00e9 comment retarder cela\u00a0\u00bb, raconte-t-elle. Pour Marie-Alix Le Roy, il devient primordial que les parents s\u2019unissent face \u00e0 la pression sociale, mais aussi face \u00e0 celle exerc\u00e9e par les enfants eux-m\u00eames. Elle cr\u00e9e alors un groupe de parole sur le r\u00e9seau social Facebook\u00a0: \u00ab\u00a0Parents unis contre les smartphones avant 15 ans\u00a0\u00bb.<\/p>\n<p>Le choix de cet \u00e2ge n\u2019est pas anodin. Il correspond \u00e0 la majorit\u00e9 num\u00e9rique, mais aussi \u00e0 l\u2019entr\u00e9e au lyc\u00e9e. \u00ab\u00a0C\u2019est aussi l\u2019\u00e2ge o\u00f9 les psychologues estiment qu\u2019il faut commencer \u00e0 l\u00e2cher un peu de lest\u00a0\u00bb, ajoute-t-elle.<\/p>\n<p>Accompagner plut\u00f4t qu\u2019interdire<\/p>\n<p>Dans le Gers, de nombreux parents partagent aujourd\u2019hui cette difficult\u00e9 \u00e0 accompagner leurs enfants vers l\u2019\u00e2ge adulte num\u00e9rique. Certains estiment que donner un t\u00e9l\u00e9phone permettrait une meilleure int\u00e9gration \u00e0 l\u2019\u00e9cole. Pour Laura, m\u00e8re d\u2019une petite fille, cette question est source d\u2019inqui\u00e9tude. \u00ab\u00a0Ma fille est encore petite, mais on s\u2019en approche. Je ne veux pas l\u2019emp\u00eacher de parler avec ses amies, mais j\u2019ai peur des personnes sur les r\u00e9seaux sociaux, des arnaques, et de beaucoup de choses finalement\u00a0\u00bb, confie-t-elle, rencontr\u00e9e en haute ville \u00e0 Auch.<\/p>\n<p>Idem du c\u00f4t\u00e9 de Manon*, maman de la petite Alba, encore \u00e0 l\u2019\u00e9cole primaire. \u00ab\u00a0Alors je suis tr\u00e8s partag\u00e9e sur ce sujet. Le t\u00e9l\u00e9phone est hyper important pour la s\u00e9curit\u00e9 surtout aujourd\u2019hui. Et en m\u00eame temps les r\u00e9seaux sociaux modifient tellement une personnalit\u00e9 que j\u2019en ai peur.\u00a0\u00bb Elle-m\u00eame avoue ne pas se rendre compte du temps pass\u00e9 sur son t\u00e9l\u00e9phone et estime que le danger est d\u2019autant plus important pour les enfants.<\/p>\n<p>Une surexposition aux \u00e9crans aux cons\u00e9quences multiples<\/p>\n<p>Omnipr\u00e9sents dans le quotidien des familles, les \u00e9crans s\u2019invitent d\u00e9sormais tr\u00e8s t\u00f4t dans la vie des enfants. Si leur usage est devenu banal, <a href=\"https:\/\/www.ladepeche.fr\/2025\/09\/19\/comment-limiter-le-temps-decrans-des-enfants-operateurs-experts-et-etat-a-la-rescousse-des-parents-12939178.php\" target=\"_blank\" rel=\"noopener\">la question de la surexposition num\u00e9rique<\/a> inqui\u00e8te de plus en plus les sp\u00e9cialistes. Chez les enfants et les adolescents, une utilisation prolong\u00e9e des \u00e9crans peut avoir des cons\u00e9quences notables, tant sur la sant\u00e9 physique que sur l\u2019\u00e9quilibre psychologique et les relations sociales. Remis en avril\u00a02024 \u00e0 la demande du Pr\u00e9sident de la R\u00e9publique, le rapport Enfants et \u00e9crans, \u00c0 la recherche du temps perdu dresse un constat pr\u00e9occupant. Selon Sant\u00e9 publique France, les 6-17 ans passent en moyenne plus de quatre heures par jour devant un \u00e9cran.<\/p>\n<p>        <img decoding=\"async\" class=\"std-img__img responsive-img\" src=\"https:\/\/www.europesays.com\/fr\/wp-content\/uploads\/2025\/12\/1766771184_318_image.jpg\" alt=\"La Gersoise pr\u00e9conise un accompagnement des enfants \u00e0 travers le num\u00e9rique.\"\/><\/p>\n<p>                La Gersoise pr\u00e9conise un accompagnement des enfants \u00e0 travers le num\u00e9rique.<br \/>\n                                    DDM illustration &#8211; S\u00e9bastien Lapeyr\u00e8re<\/p>\n<p>Sur le plan physique, cet usage excessif peut entra\u00eener une d\u00e9gradation de la qualit\u00e9 et de la dur\u00e9e du sommeil, une baisse de l\u2019activit\u00e9 physique, ainsi que des troubles visuels, <a href=\"https:\/\/solidarites.gouv.fr\/enfants-et-ecrans-des-risques-sanitaires-reels-un-accompagnement-necessaire\" target=\"_blank\" rel=\"noopener\">notamment le d\u00e9veloppement de la myopie.<\/a> Chez les plus jeunes, les \u00e9crans empi\u00e8tent \u00e9galement sur les temps d\u2019\u00e9change avec les adultes, pourtant essentiels au d\u00e9veloppement de l\u2019enfant. Ces perturbations, appel\u00e9es technof\u00e9rences, sont susceptibles d\u2019affecter l\u2019acquisition du langage, les capacit\u00e9s d\u2019attention, mais aussi le d\u00e9veloppement des comp\u00e9tences \u00e9motionnelles et sociales.<\/p>\n<p>Les cons\u00e9quences psychologiques suscitent \u00e9galement de vives inqui\u00e9tudes. L\u2019exposition r\u00e9p\u00e9t\u00e9e \u00e0 des contenus inadapt\u00e9s, violents, haineux ou \u00e0 caract\u00e8re pornographique, associ\u00e9e \u00e0 une sollicitation permanente de l\u2019attention, peut fragiliser l\u2019estime de soi, g\u00e9n\u00e9rer du stress, aggraver des troubles anxieux ou d\u00e9pressifs et favoriser certains troubles du comportement chez les jeunes.<\/p>\n<p>Face \u00e0 ces constats, les pouvoirs publics ont renforc\u00e9 le cadre r\u00e9glementaire. <a href=\"https:\/\/www.info.gouv.fr\/actualite\/les-ecrans-interdits-dans-les-lieux-daccueil-pour-jeunes-enfants\" target=\"_blank\" rel=\"noopener\">Depuis le 3\u00a0juillet 2025,<\/a> les \u00e9crans sont officiellement interdits dans l\u2019ensemble des lieux d\u2019accueil du jeune enfant. Cette mesure, act\u00e9e par un arr\u00eat\u00e9 publi\u00e9 au Journal officiel, modifie la charte nationale pour l\u2019accueil du jeune enfant et encadre plus strictement les pratiques des professionnels du secteur, qu\u2019il s\u2019agisse des assistantes maternelles ou des personnels de cr\u00e8ches.<\/p>\n<p>Pour Marie-Alix Le Roy, le groupe \u00ab\u00a0Parents unis contre les smartphones avant 15 ans\u00a0\u00bb permet avant tout un \u00e9change d\u2019exp\u00e9riences et de r\u00e9flexions entre parents. L\u2019objectif\u00a0: aider ceux qui, comme Laura, souhaitent aborder l\u2019arriv\u00e9e du smartphone chez leur enfant de mani\u00e8re r\u00e9fl\u00e9chie et \u00e9clair\u00e9e.<\/p>\n<p>*Le pr\u00e9nom a \u00e9t\u00e9 modifi\u00e9.<\/p>\n","protected":false},"excerpt":{"rendered":"l&rsquo;essentiel En 2019, une m\u00e8re de famille lance un mouvement militant pour retarder l\u2019acc\u00e8s des enfants aux smartphones.&hellip;\n","protected":false},"author":2,"featured_media":623715,"comment_status":"","ping_status":"","sticky":false,"template":"","format":"standard","meta":{"footnotes":""},"categories":[1586],"tags":[11,16802,1777,674,1779,1011,27,329,11328,12,25,21762,1778,364],"class_list":{"0":"post-623714","1":"post","2":"type-post","3":"status-publish","4":"format-standard","5":"has-post-thumbnail","7":"category-europe","8":"tag-actualites","9":"tag-auch","10":"tag-eu","11":"tag-europe","12":"tag-european-union","13":"tag-fr","14":"tag-france","15":"tag-france-monde","16":"tag-gers","17":"tag-news","18":"tag-republique-francaise","19":"tag-u00c9ducation","20":"tag-ue","21":"tag-union-europeenne"},"share_on_mastodon":{"url":"https:\/\/pubeurope.com\/@fr\/115787123913261748","error":""},"_links":{"self":[{"href":"https:\/\/www.europesays.com\/fr\/wp-json\/wp\/v2\/posts\/623714","targetHints":{"allow":["GET"]}}],"collection":[{"href":"https:\/\/www.europesays.com\/fr\/wp-json\/wp\/v2\/posts"}],"about":[{"href":"https:\/\/www.europesays.com\/fr\/wp-json\/wp\/v2\/types\/post"}],"author":[{"embeddable":true,"href":"https:\/\/www.europesays.com\/fr\/wp-json\/wp\/v2\/users\/2"}],"replies":[{"embeddable":true,"href":"https:\/\/www.europesays.com\/fr\/wp-json\/wp\/v2\/comments?post=623714"}],"version-history":[{"count":0,"href":"https:\/\/www.europesays.com\/fr\/wp-json\/wp\/v2\/posts\/623714\/revisions"}],"wp:featuredmedia":[{"embeddable":true,"href":"https:\/\/www.europesays.com\/fr\/wp-json\/wp\/v2\/media\/623715"}],"wp:attachment":[{"href":"https:\/\/www.europesays.com\/fr\/wp-json\/wp\/v2\/media?parent=623714"}],"wp:term":[{"taxonomy":"category","embeddable":true,"href":"https:\/\/www.europesays.com\/fr\/wp-json\/wp\/v2\/categories?post=623714"},{"taxonomy":"post_tag","embeddable":true,"href":"https:\/\/www.europesays.com\/fr\/wp-json\/wp\/v2\/tags?post=623714"}],"curies":[{"name":"wp","href":"https:\/\/api.w.org\/{rel}","templated":true}]}}