{"id":623717,"date":"2025-12-26T17:48:22","date_gmt":"2025-12-26T17:48:22","guid":{"rendered":"https:\/\/www.europesays.com\/fr\/623717\/"},"modified":"2025-12-26T17:48:22","modified_gmt":"2025-12-26T17:48:22","slug":"lentree-en-vigueur-du-conge-de-naissance-repoussee-a-juillet-2026-annonce-le-ministere-de-la-sante","status":"publish","type":"post","link":"https:\/\/www.europesays.com\/fr\/623717\/","title":{"rendered":"L\u2019entr\u00e9e en vigueur du cong\u00e9 de naissance repouss\u00e9e \u00e0 juillet 2026, annonce le minist\u00e8re de la Sant\u00e9"},"content":{"rendered":"<p>\n    Mi-d\u00e9cembre, la ministre d\u00e9l\u00e9gu\u00e9e charg\u00e9e de l\u2019\u00c9galit\u00e9 femmes-hommes avait promis un d\u00e9ploiement \u00able plus rapide possible\u00bb de ce nouveau cong\u00e9.<\/p>\n<p class=\"fig-paragraph\">Du retard \u00e0 l\u2019allumage pour le\u00a0<a href=\"http:\/\/www.lefigaro.fr\/politique\/les-deputes-retablissent-la-creation-d-un-conge-de-naissance-des-le-1er-janvier-2026-20251206\" data-fig-type=\"NewsFlash\" data-gtm-custom-categorie=\"navigation\" data-gtm-custom-action=\"crossclick\" data-gtm-custom-label=\"Contextuel\" data-gtm-event=\"customEventSPE\" data-fig-domain=\"LEFIGARO\" target=\"_blank\" rel=\"noopener\">nouveau cong\u00e9 de naissance<\/a>. Ce vendredi 26 d\u00e9cembre, le minist\u00e8re de la Sant\u00e9 a indiqu\u00e9 que ce nouveau dispositif pr\u00e9vu pour les parents ne serait finalement pas mis en place d\u00e8s le d\u00e9but d\u2019ann\u00e9e. \u00c0 la place, l\u2019entr\u00e9e en vigueur est d\u00e9sormais pr\u00e9vue en juillet 2026.<\/p>\n<p class=\"fig-paragraph\">Le cong\u00e9 parental viendra s\u2019ajouter aux cong\u00e9s maternit\u00e9 et paternit\u00e9, avec un niveau d\u2019indemnisation plus \u00e9lev\u00e9 que le cong\u00e9 parental actuel, \u00e9galement maintenu. L\u2019ex\u00e9cutif a confirm\u00e9 vendredi que ce montant, qui doit \u00eatre fix\u00e9 par d\u00e9cret, s\u2019\u00e9l\u00e8verait \u00e0 70% du salaire net le premier mois et 60% le second. Ce nouveau cong\u00e9 pourra enfin \u00eatre pris sous la forme d\u2019un mois, de deux mois, ou de deux p\u00e9riodes d\u2019un mois.<\/p>\n<p>                                            <a class=\"fig-a11y-skip\" href=\"#fig-a11y-skip-main-inarticle\" data-module=\"a11y-skip\" data-context=\"was @visible\"><br \/>\n    Passer la publicit\u00e9<br \/>\n<\/a>            <\/p>\n<p class=\"fig-paragraph\">Mi-d\u00e9cembre, la ministre d\u00e9l\u00e9gu\u00e9e charg\u00e9e de l\u2019\u00c9galit\u00e9 femmes-hommes avait promis un d\u00e9ploiement \u00able plus rapide possible\u00bb du cong\u00e9 de naissance, vot\u00e9 dans le cadre du budget de la S\u00e9curit\u00e9 sociale pour 2026. Mais le choix des d\u00e9put\u00e9s d\u2019une entr\u00e9e en vigueur d\u00e8s le 1er janvier, \u00abquelques jours seulement apr\u00e8s la publication de la loi\u00bb, \u00e9tait jug\u00e9 acrobatique par le gouvernement en raison de \u00abdifficult\u00e9s fortes de mise en \u0153uvre\u00bb.<\/p>\n<p class=\"fig-paragraph\">Au minist\u00e8re de la Sant\u00e9 et des Familles, on juge en effet qu\u2019\u00abun an et demi aurait \u00e9t\u00e9 n\u00e9cessaire pour mettre en \u0153uvre dans de bonnes conditions cette r\u00e9forme\u00bb. Cette dur\u00e9e \u00abdevait permettre aux employeurs de s\u2019adapter, y compris dans leurs logiciels de gestion des ressources humaines, et aux caisses de s\u00e9curit\u00e9 sociale d\u2019adapter les syst\u00e8mes d\u2019information n\u00e9cessaires \u00e0 la d\u00e9claration, au calcul et au versement de ce nouveau droit\u00bb, plaide le minist\u00e8re dans un communiqu\u00e9. Les parents d\u2019enfants n\u00e9s ou adopt\u00e9s entre le 1er janvier et le 31 mai pourront tout de m\u00eame b\u00e9n\u00e9ficier de ce nouveau dispositif, instaur\u00e9 par le budget 2026 de la S\u00e9curit\u00e9 sociale.<\/p>\n<p class=\"fig-paragraph\">Pour \u00eatre pr\u00eat mi-2026, St\u00e9phanie Rist promet \u00abun engagement tr\u00e8s volontariste des pouvoirs publics\u00bb, et notamment gr\u00e2ce au recrutement \u00abdes personnels pour r\u00e9aliser le calcul et le versement du droit dans les caisses de s\u00e9curit\u00e9 sociale\u00bb. Malgr\u00e9 ces efforts, des difficult\u00e9s sont d\u00e9j\u00e0 anticip\u00e9es avec de \u00abd\u00e9lais d\u2019indemnisation\u00bb et une \u00ablourdeur administrative\u00bb plus importants que pr\u00e9vu initialement.<\/p>\n<p>                                            \u00abUn enjeu existentiel\u00bb<\/p>\n<p class=\"fig-paragraph\">\u00abUne r\u00e9forme sociale de l\u2019ampleur du cong\u00e9 suppl\u00e9mentaire de naissance m\u00e9rite \u00e0 la fois ambition et responsabilit\u00e9\u00bb, d\u00e9fend la ministre de la Sant\u00e9 et des Familles, qui va suivre \u00abavec attention\u00bb le d\u00e9ploiement de ce nouveau droit avec les repr\u00e9sentants des familles, les employeurs et le service public de la S\u00e9curit\u00e9 sociale.<\/p>\n<p class=\"fig-paragraph\">Les d\u00e9put\u00e9s avaient pour leur part voulu permettre \u00e0 la r\u00e9forme de s\u2019appliquer au plus vite, d\u00e8s le 1er janvier 2026, notamment dans un contexte\u00a0<a href=\"http:\/\/www.lefigaro.fr\/actualite-france\/les-jeunes-sont-deja-en-retard-dans-la-fecondite-par-rapport-a-celle-de-la-generation-precedente-au-meme-age-en-2025-la-france-s-enfonce-dans-le-declin-demographique-20251128\" data-fig-type=\"Article\" data-gtm-custom-categorie=\"navigation\" data-gtm-custom-action=\"crossclick\" data-gtm-custom-label=\"Contextuel\" data-gtm-event=\"customEventSPE\" data-fig-domain=\"LEFIGARO\" target=\"_blank\" rel=\"noopener\">de baisse spectaculaire des naissances<\/a>. Les s\u00e9nateurs avaient vot\u00e9 pour une mise en \u0153uvre plus tardive, au 1er janvier 2027.<\/p>\n<p>                                            <a class=\"fig-a11y-skip\" href=\"#fig-a11y-skip-main-inarticle_mtf\" data-module=\"a11y-skip\" data-context=\"was @visible\"><br \/>\n    Passer la publicit\u00e9<br \/>\n<\/a>            <\/p>\n<p class=\"fig-paragraph\">Olivier Henno, rapporteur pour la branche famille du PLFSS au S\u00e9nat, avait cependant rappel\u00e9 l\u2019ampleur de l\u2019enjeu\u00a0: \u00abLe nombre moyen d\u2019enfant par femme est de 1,6 et, avec deux g\u00e9n\u00e9rations connaissant un tel nombre, on perdra 30 % de la population\u00a0! Il s\u2019agit d\u2019un enjeu existentiel\u00bb. Selon ce dernier, cette r\u00e9forme pourrait co\u00fbter entre 200 et 300 millions d\u2019euros, selon son succ\u00e8s aupr\u00e8s des familles.<\/p>\n<p class=\"fig-paragraph\">Globalement salu\u00e9e, cette mesure a cependant \u00e9t\u00e9 mise en regard avec le\u00a0<a href=\"http:\/\/www.lefigaro.fr\/conjoncture\/allocations-familiales-le-gouvernement-veut-repousser-l-age-de-la-revalorisation-de-14-a-18-ans-20251017\" data-fig-type=\"NewsFlash\" data-gtm-custom-categorie=\"navigation\" data-gtm-custom-action=\"crossclick\" data-gtm-custom-label=\"Contextuel\" data-gtm-event=\"customEventSPE\" data-fig-domain=\"LEFIGARO\" target=\"_blank\" rel=\"noopener\">d\u00e9calage des majorations pour \u00e2ge des allocations familiales<\/a>. Concr\u00e8tement, les parents d\u2019adolescents \u00e2g\u00e9s de 14 \u00e0 17 ans ne b\u00e9n\u00e9ficieront plus de la majoration des allocations familiales pour cette tranche d\u2019\u00e2ge. La revalorisation n\u2019arrivera qu\u2019aux 18 ans de l\u2019enfant. Une coupe d\u00e9cri\u00e9e par les associations familiales. \u00abLa branche famille dispose d\u2019un exc\u00e9dent suffisant pour \u00eatre en mesure de financer le cong\u00e9 suppl\u00e9mentaire de naissance sans devoir frapper les familles\u00bb, s\u2019est notamment agac\u00e9 Olivier Henno.<\/p>\n","protected":false},"excerpt":{"rendered":"Mi-d\u00e9cembre, la ministre d\u00e9l\u00e9gu\u00e9e charg\u00e9e de l\u2019\u00c9galit\u00e9 femmes-hommes avait promis un d\u00e9ploiement \u00able plus rapide possible\u00bb de ce&hellip;\n","protected":false},"author":2,"featured_media":623718,"comment_status":"","ping_status":"","sticky":false,"template":"","format":"standard","meta":{"footnotes":""},"categories":[2],"tags":[11,6969,652,1011,27,198,12,25],"class_list":{"0":"post-623717","1":"post","2":"type-post","3":"status-publish","4":"format-standard","5":"has-post-thumbnail","7":"category-actualites","8":"tag-actualites","9":"tag-demographie","10":"tag-famille","11":"tag-fr","12":"tag-france","13":"tag-naissance","14":"tag-news","15":"tag-republique-francaise"},"share_on_mastodon":{"url":"https:\/\/pubeurope.com\/@fr\/115787130700863581","error":""},"_links":{"self":[{"href":"https:\/\/www.europesays.com\/fr\/wp-json\/wp\/v2\/posts\/623717","targetHints":{"allow":["GET"]}}],"collection":[{"href":"https:\/\/www.europesays.com\/fr\/wp-json\/wp\/v2\/posts"}],"about":[{"href":"https:\/\/www.europesays.com\/fr\/wp-json\/wp\/v2\/types\/post"}],"author":[{"embeddable":true,"href":"https:\/\/www.europesays.com\/fr\/wp-json\/wp\/v2\/users\/2"}],"replies":[{"embeddable":true,"href":"https:\/\/www.europesays.com\/fr\/wp-json\/wp\/v2\/comments?post=623717"}],"version-history":[{"count":0,"href":"https:\/\/www.europesays.com\/fr\/wp-json\/wp\/v2\/posts\/623717\/revisions"}],"wp:featuredmedia":[{"embeddable":true,"href":"https:\/\/www.europesays.com\/fr\/wp-json\/wp\/v2\/media\/623718"}],"wp:attachment":[{"href":"https:\/\/www.europesays.com\/fr\/wp-json\/wp\/v2\/media?parent=623717"}],"wp:term":[{"taxonomy":"category","embeddable":true,"href":"https:\/\/www.europesays.com\/fr\/wp-json\/wp\/v2\/categories?post=623717"},{"taxonomy":"post_tag","embeddable":true,"href":"https:\/\/www.europesays.com\/fr\/wp-json\/wp\/v2\/tags?post=623717"}],"curies":[{"name":"wp","href":"https:\/\/api.w.org\/{rel}","templated":true}]}}