{"id":623725,"date":"2025-12-26T17:58:14","date_gmt":"2025-12-26T17:58:14","guid":{"rendered":"https:\/\/www.europesays.com\/fr\/623725\/"},"modified":"2025-12-26T17:58:14","modified_gmt":"2025-12-26T17:58:14","slug":"integrer-une-equipe-cycliste-cest-un-reve-denfant-sports-infos-ski","status":"publish","type":"post","link":"https:\/\/www.europesays.com\/fr\/623725\/","title":{"rendered":"\u00ab\u00a0Int\u00e9grer une \u00e9quipe cycliste, c&rsquo;est un r\u00eave d&rsquo;enfant\u00a0\u00bb &#8211; Sports Infos &#8211; Ski"},"content":{"rendered":"<p>Le biathl\u00e8te Dauphinois, double champion du monde de poursuite, a atteint le sommet dans son sport mais depuis tout petit il vit \u00e9galement v\u00e9lo, il vibre v\u00e9lo et r\u00eave v\u00e9lo et n&rsquo;exclu pas de prendre la direction du cyclisme professionnel dans quelques mois.<\/p>\n<p>\u00ab\u00a0Int\u00e9grer une \u00e9quipe de v\u00e9lo \u00e7a a toujours \u00e9t\u00e9 mon r\u00eave d&rsquo;enfant et \u00e0 un moment donn\u00e9 si j&rsquo;ai l&rsquo;opportunit\u00e9, je pense que des r\u00eaves c&rsquo;est fait pour, avant de les r\u00e9aliser, en tout cas \u00eatre tent\u00e9s.\u00a0\u00bb indique Emilien Jacquelin\u00a0dans un interview donn\u00e9 \u00e0 \u00ab\u00a0La Pause V\u00e9lo\u00a0\u00bb<\/p>\n<p>\u00ab\u00a0Et je pense que mon \u00e9tat d&rsquo;esprit c&rsquo;est plus d&rsquo;essayer quelque chose. Si \u00e7a fonctionne pas c&rsquo;est pas grave en fait. Je serai tr\u00e8s heureux d&rsquo;avoir essay\u00e9 et tant pis. Apr\u00e8s si je suis pas fait pour \u00e7a, je suis pas fait pour \u00e7a. <\/p>\n<p>Mais en tout cas je suis concentr\u00e9 sur ces Jeux Olympiques premi\u00e8rement et on verra de quoi l&rsquo;avenir est fait. Apr\u00e8s je pourrai\u00a0peut-\u00eatre\u00a0faire des cyclos, mais c&rsquo;est s\u00fbr qu&rsquo;apr\u00e8s ma carri\u00e8re je ferai des comp\u00e9titions.\u00a0\u00bb<\/p>\n<p>Bon je pense comme tout cycliste le r\u00eave c&rsquo;est de faire le Tour de France. Apr\u00e8s c&rsquo;est pour \u00eatre un peu plus r\u00e9aliste, je pense plus des classiques flandriennes. Je pense que c&rsquo;est plus quelque chose qui me conviendrait sur mes qualit\u00e9s de puissance en fait.<\/p>\n<p><strong>Du biathlon en mode cyclisme<\/strong><\/p>\n<p>Emilien Jacquelin qui annonce un FTP de 454 watts sur 20 minutes poss\u00e8de une sacr\u00e9e puissance, qui lui permettrait sans doute de briller aussi sur la route, comme il le fait si souvent en biathlon.<\/p>\n<p>D&rsquo;ailleurs, vous le savez, vous l&rsquo;avez remarqu\u00e9, il d\u00e9cide souvent de se mettre en mode cycliste, m\u00eame avec la carabine sur le dos.<\/p>\n<p>\u00ab\u00a0Par exemple je me retrouve face dans les skis de Johannes Boe,ce jour-l\u00e0, qui est plus fort que moi. Puis \u00e0 un moment donn\u00e9 il veut me laisser passer et puis en fait \u00e7a joue comme des pistards et j&rsquo;ai fait que de le fixer de toute la fin du tour. <\/p>\n<p>J&rsquo;ai resserr\u00e9 mes chaussures, je me suis pris pour Samuel S\u00e1n\u00adchez aux Jeux Olympiques tu vois. Donc c&rsquo;est des choses comme \u00e7a et puis c&rsquo;est une approche qui est vraiment diff\u00e9rente que peu de personnes comprennent dans mon sport. <\/p>\n<p>Mais on va dire que moi j&rsquo;adore m\u00eame dans le biathlon des fois entre guillemets tenter des \u00e9chapp\u00e9es en fait, si \u00e7a va pas au bout c&rsquo;est pas grave, \u00e7a reste que du sport. <\/p>\n<p>Moi j&rsquo;ai pris mon plaisir et je pr\u00e9f\u00e8re vraiment maintenant faire des courses qui me ressemblent o\u00f9 \u00e0 la fin j&rsquo;ai aucun regret parce que j&rsquo;ai fait les choses comme je suis, que plut\u00f4t essayer de jouer la gagne et finir 4e en ayant parfois vraiment g\u00e9r\u00e9 la course au max mais sans prendre de plaisir. <\/p>\n<p>Tu vois il y a dans une carri\u00e8re de haut niveau on met beaucoup d&rsquo;\u00e9nergie pour r\u00e9ussir mais je pense faut pas oublier le pourquoi on fait \u00e7a. Et moi je me raccroche \u00e0 \u00e7a.\u00a0\u00bb<\/p>\n","protected":false},"excerpt":{"rendered":"Le biathl\u00e8te Dauphinois, double champion du monde de poursuite, a atteint le sommet dans son sport mais depuis&hellip;\n","protected":false},"author":2,"featured_media":623726,"comment_status":"","ping_status":"","sticky":false,"template":"","format":"standard","meta":{"footnotes":""},"categories":[1411],"tags":[73299,150,41579,1282,19965,1154,207,73300,8555,44237,73301,1011,27,73298,37591,32299,60,10125],"class_list":{"0":"post-623725","1":"post","2":"type-post","3":"status-publish","4":"format-standard","5":"has-post-thumbnail","7":"category-cyclisme","8":"tag-aimeraitmontrer","9":"tag-apres","10":"tag-biathlete","11":"tag-carriere","12":"tag-classiques","13":"tag-cycling","14":"tag-cyclisme","15":"tag-dendurance","16":"tag-emilien","17":"tag-exemple","18":"tag-flandriennes","19":"tag-fr","20":"tag-france","21":"tag-jacquelin","22":"tag-puissance","23":"tag-qualites","24":"tag-sports","25":"tag-toutes"},"share_on_mastodon":{"url":"https:\/\/pubeurope.com\/@fr\/115787170106445077","error":""},"_links":{"self":[{"href":"https:\/\/www.europesays.com\/fr\/wp-json\/wp\/v2\/posts\/623725","targetHints":{"allow":["GET"]}}],"collection":[{"href":"https:\/\/www.europesays.com\/fr\/wp-json\/wp\/v2\/posts"}],"about":[{"href":"https:\/\/www.europesays.com\/fr\/wp-json\/wp\/v2\/types\/post"}],"author":[{"embeddable":true,"href":"https:\/\/www.europesays.com\/fr\/wp-json\/wp\/v2\/users\/2"}],"replies":[{"embeddable":true,"href":"https:\/\/www.europesays.com\/fr\/wp-json\/wp\/v2\/comments?post=623725"}],"version-history":[{"count":0,"href":"https:\/\/www.europesays.com\/fr\/wp-json\/wp\/v2\/posts\/623725\/revisions"}],"wp:featuredmedia":[{"embeddable":true,"href":"https:\/\/www.europesays.com\/fr\/wp-json\/wp\/v2\/media\/623726"}],"wp:attachment":[{"href":"https:\/\/www.europesays.com\/fr\/wp-json\/wp\/v2\/media?parent=623725"}],"wp:term":[{"taxonomy":"category","embeddable":true,"href":"https:\/\/www.europesays.com\/fr\/wp-json\/wp\/v2\/categories?post=623725"},{"taxonomy":"post_tag","embeddable":true,"href":"https:\/\/www.europesays.com\/fr\/wp-json\/wp\/v2\/tags?post=623725"}],"curies":[{"name":"wp","href":"https:\/\/api.w.org\/{rel}","templated":true}]}}