{"id":623729,"date":"2025-12-26T18:00:30","date_gmt":"2025-12-26T18:00:30","guid":{"rendered":"https:\/\/www.europesays.com\/fr\/623729\/"},"modified":"2025-12-26T18:00:30","modified_gmt":"2025-12-26T18:00:30","slug":"apres-63-ans-de-carriere-michel-drucker-revient-sur-le-jour-ou-sa-vie-a-bascule","status":"publish","type":"post","link":"https:\/\/www.europesays.com\/fr\/623729\/","title":{"rendered":"apr\u00e8s 63 ans de carri\u00e8re, Michel Drucker revient sur le jour o\u00f9 sa vie a bascul\u00e9"},"content":{"rendered":"<p class=\"article-p mdl\">L&rsquo;animateur embl\u00e9matique Michel Drucker revient au micro de RTL sur ses 63 ann\u00e9es de carri\u00e8re. \u00c2g\u00e9 de 83 ans, il se rem\u00e9more ses d\u00e9buts : \u00ab\u00a0J&rsquo;y pense avec beaucoup de pr\u00e9cision puisque j&rsquo;habite l&rsquo;endroit o\u00f9 j&rsquo;ai d\u00e9but\u00e9, \u00e0 cent m\u00e8tres de la rue Cognacq-Jay \u00e0 Paris\u00a0\u00bb.\u00a0<\/p>\n<p class=\"article-p mdl\">Michel Drucker a d\u00e9but\u00e9 sa carri\u00e8re de journaliste en 1962, lors de son service militaire qu&rsquo;il effectue en partie au service de l&rsquo;Information de l&rsquo;arm\u00e9e \u00e0 Paris. Mais c&rsquo;est, deux ans plus tard, dans les studios de l&rsquo;<a class=\"link\" href=\"https:\/\/www.rtl.fr\/culture\/medias-people\/television-pourquoi-l-ortf-a-disparu-en-1975-7900109669\" title=\"T\u00e9l\u00e9vision : pourquoi l&#039;ORTF a disparu en 1975 ?\" target=\"_blank\" rel=\"noopener\">ORTF<\/a>, install\u00e9s au num\u00e9ro 13-15 de la rue Cognacq-Jay, dans le 7\u1d49\u00a0arrondissement, que<a class=\"link\" href=\"https:\/\/www.rtl.fr\/culture\/medias-people\/michel-drucker-annonce-sur-rtl-son-retour-en-prime-time-avec-une-nouvelle-emission-7900495284\" title=\"Michel Drucker annonce sur RTL son retour en prime time avec une nouvelle \u00e9mission\" target=\"_blank\" rel=\"noopener\">\u00a0<\/a><a class=\"link\" href=\"https:\/\/www.rtl.fr\/culture\/medias-people\/michel-drucker-annonce-sur-rtl-son-retour-en-prime-time-avec-une-nouvelle-emission-7900495284\" title=\"Michel Drucker annonce sur RTL son retour en prime time avec une nouvelle \u00e9mission\" target=\"_blank\" rel=\"noopener\">Michel Drucker<\/a>\u00a0a\u00a0eu le coup de foudre pour le m\u00e9tier de pr\u00e9sentateur t\u00e9l\u00e9.\u00a0<\/p>\n<p class=\"article-p mdl\">\u00ab\u00a0Le jour o\u00f9 ma vie a bascul\u00e9 est le jour o\u00f9 je suis rentr\u00e9 \u00e0 la t\u00e9l\u00e9vision, alors que je ne m&rsquo;y attendais pas du tout\u00a0\u00bb, assure-t-il. Dans son autobiographie\u00a0Mais qu&rsquo;est-ce qu&rsquo;on va faire de toi ?, il explique comment il a r\u00e9ussi \u00e0 obtenir un premier stage \u00e0\u00a0Sports Dimanche, la premi\u00e8re \u00e9mission sportive \u00e0 la t\u00e9l\u00e9vision. Par la suite, il a poursuivi sa carri\u00e8re \u00e0 la t\u00e9l\u00e9vision publique en animant d&rsquo;abord des rubriques sportives, puis des programmes de divertissement.<\/p>\n<p class=\"article-p mdl\">\u00ab\u00a0Les gens me demandent souvent si j&rsquo;ai toujours la passion apr\u00e8s 63 ans : je r\u00e9ponds oui, car la passion ne fatigue pas\u00a0\u00bb, confie \u00e0 RTL le pr\u00e9sentateur lors du festival Des Livres, Des Artistes \u00e0 Paris, o\u00f9 il d\u00e9fend son dernier ouvrage :\u00a0Avec le temps\u00a0(Albin Michel), sorti en avril dernier.\u00a0<\/p>\n<blockquote class=\"article-quote\">\n<p class=\"article-quote-text icon icon-quote-v2\">Le secret pour durer ? Avoir de l&rsquo;humour, et de l\u2019auto-d\u00e9rision<\/p>\n<p>Michel Drucker<\/p>\n<\/blockquote>\n<p class=\"article-p mdl\">\u00ab\u00a0Je continue parce que <strong>c&rsquo;est une drogue<\/strong>, plaisante\u00a0<a class=\"link\" href=\"https:\/\/www.rtl.fr\/culture\/medias-people\/michel-drucker-annonce-sur-rtl-son-retour-en-prime-time-avec-une-nouvelle-emission-7900495284\" title=\"Michel Drucker annonce sur RTL son retour en prime time avec une nouvelle \u00e9mission\" target=\"_blank\" rel=\"noopener\">Michel Drucker.<\/a>\u00a0Pour la famille, \u00e7a peut \u00eatre une drogue dure, mais pour moi c&rsquo;est une drogue douce. Je gamberge beaucoup. J&rsquo;ai un grain. Ma femme me prend pour un fou, mais j&rsquo;aime bien cette folie\u00a0\u00bb.<\/p>\n<p class=\"article-p mdl\">Selon lui, il doit sa long\u00e9vit\u00e9 \u00e0 son p\u00e8re : \u00ab\u00a0Il a \u00e9t\u00e9 m\u00e9decin jusqu&rsquo;\u00e0 85 ans. Il a m\u00eame r\u00e9alis\u00e9 un accouchement quelques semaines avant sa mort\u00a0\u00bb confie-t-il. Le secret pour durer ? \u00ab\u00a0Avoir de<strong> l&rsquo;humour, et de l\u2019auto-d\u00e9rision<\/strong>.\u00a0\u00bb Celui qu&rsquo;on surnomme \u00ab\u00a0le patron\u00a0\u00bb en est persuad\u00e9 : \u00ab\u00a0\u00c9videmment que je mourrai \u00e0 la t\u00e9l\u00e9, je ne vais pas mourir dans mon lit. Pourquoi pas mourir sur sc\u00e8ne apr\u00e8s avoir fait une bonne \u00e9mission avec un bon sondage ? Les patrons seraient contents\u00a0\u00bb, exprime-t-il au micro de RTL.<\/p>\n<p class=\"article-p mdl\">Faudra-t-il couper au montage ? La r\u00e9ponse de la figure de l&rsquo;audiovisuel fran\u00e7ais est cat\u00e9gorique : \u00ab\u00a0Non !\u00a0\u00bb<\/p>\n<p>            Difficile de durer, encore plus de d\u00e9crocher<\/p>\n<p class=\"article-p mdl\">Le d\u00e9fi de sa vie aura \u00e9t\u00e9 de durer : \u00ab\u00a0Tous les artistes veulent durer, les hommes politiques veulent durer, les \u00e9crivains veulent durer. C&rsquo;est ce que me disait\u00a0<a class=\"link\" href=\"https:\/\/www.rtl.fr\/culture\/medias-people\/charles-aznavour-pourquoi-etait-il-le-nelson-monfort-de-la-chanson-francaise-7900430416\" title=\"Charles Aznavour : pourquoi \u00e9tait-il le Nelson Monfort de la chanson fran\u00e7aise ?\" target=\"_blank\" rel=\"noopener\">Charles Aznavour<\/a>\u00a0: Mais le probl\u00e8me une fois qu&rsquo;on a dur\u00e9 et qu&rsquo;on a r\u00e9ussi que se passe-t-il apr\u00e8s ? Comment d\u00e9croche-t-on ?\u00a0\u00bb<\/p>\n<p>C&rsquo;est le sujet de son livre\u00a0Avec le temps.\u00a0\u00c0 quel moment doit-on s\u2019en aller ? \u00ab\u00a0Trop t\u00f4t on le regrette trop tard on le regrette aussi. Donc, on ne s&rsquo;arr\u00eate pas on attend <strong>la mort tranquillement<\/strong>\u00ab\u00a0, conclut-il.\u00a0<\/p>\n<p>    La r\u00e9daction vous recommande<\/p>\n<p class=\"s-newsletter__title\">\n                L\u2019actualit\u00e9 par la r\u00e9daction de RTL dans votre bo\u00eete mail.\n            <\/p>\n<p class=\"s-newsletter__subtitle\">\n                Gr\u00e2ce \u00e0 votre compte RTL abonnez-vous \u00e0 la newsletter RTL info pour suivre toute l&rsquo;actualit\u00e9 au quotidien\n            <\/p>\n<p>\n                                    Lire la suite\n                                <\/p>\n","protected":false},"excerpt":{"rendered":"L&rsquo;animateur embl\u00e9matique Michel Drucker revient au micro de RTL sur ses 63 ann\u00e9es de carri\u00e8re. \u00c2g\u00e9 de 83&hellip;\n","protected":false},"author":2,"featured_media":623730,"comment_status":"","ping_status":"","sticky":false,"template":"","format":"standard","meta":{"footnotes":""},"categories":[1359],"tags":[58,59,107,1011,27,500,877,973,252],"class_list":{"0":"post-623729","1":"post","2":"type-post","3":"status-publish","4":"format-standard","5":"has-post-thumbnail","7":"category-people","8":"tag-divertissement","9":"tag-entertainment","10":"tag-fil-info","11":"tag-fr","12":"tag-france","13":"tag-medias","14":"tag-michel-drucker","15":"tag-people","16":"tag-television"},"share_on_mastodon":{"url":"https:\/\/pubeurope.com\/@fr\/115787177918381973","error":""},"_links":{"self":[{"href":"https:\/\/www.europesays.com\/fr\/wp-json\/wp\/v2\/posts\/623729","targetHints":{"allow":["GET"]}}],"collection":[{"href":"https:\/\/www.europesays.com\/fr\/wp-json\/wp\/v2\/posts"}],"about":[{"href":"https:\/\/www.europesays.com\/fr\/wp-json\/wp\/v2\/types\/post"}],"author":[{"embeddable":true,"href":"https:\/\/www.europesays.com\/fr\/wp-json\/wp\/v2\/users\/2"}],"replies":[{"embeddable":true,"href":"https:\/\/www.europesays.com\/fr\/wp-json\/wp\/v2\/comments?post=623729"}],"version-history":[{"count":0,"href":"https:\/\/www.europesays.com\/fr\/wp-json\/wp\/v2\/posts\/623729\/revisions"}],"wp:featuredmedia":[{"embeddable":true,"href":"https:\/\/www.europesays.com\/fr\/wp-json\/wp\/v2\/media\/623730"}],"wp:attachment":[{"href":"https:\/\/www.europesays.com\/fr\/wp-json\/wp\/v2\/media?parent=623729"}],"wp:term":[{"taxonomy":"category","embeddable":true,"href":"https:\/\/www.europesays.com\/fr\/wp-json\/wp\/v2\/categories?post=623729"},{"taxonomy":"post_tag","embeddable":true,"href":"https:\/\/www.europesays.com\/fr\/wp-json\/wp\/v2\/tags?post=623729"}],"curies":[{"name":"wp","href":"https:\/\/api.w.org\/{rel}","templated":true}]}}