{"id":623731,"date":"2025-12-26T18:02:14","date_gmt":"2025-12-26T18:02:14","guid":{"rendered":"https:\/\/www.europesays.com\/fr\/623731\/"},"modified":"2025-12-26T18:02:14","modified_gmt":"2025-12-26T18:02:14","slug":"cinema-le-chant-des-forets-la-nouvelle-pepite-du-photographe-vincent-munier","status":"publish","type":"post","link":"https:\/\/www.europesays.com\/fr\/623731\/","title":{"rendered":"[CIN\u00c9MA] Le Chant des for\u00eats, la nouvelle p\u00e9pite du photographe Vincent Munier"},"content":{"rendered":"<p>En 2021, le photographe animalier Vincent Munier nous avait \u00e9blouis avec son documentaire <a href=\"https:\/\/www.bvoltaire.fr\/cinema-sublime-panthere-des-neiges-de-marie-amiguet-et-vincent-munier\/\" target=\"_blank\" rel=\"noopener\">La Panth\u00e8re des neiges<\/a>, co-r\u00e9alis\u00e9 avec Marie Amiguet et mettant en sc\u00e8ne son ami Sylvain Tesson. Les trois comparses y exploraient les hauts plateaux de l\u2019est du Tibet, \u00e0 la recherche de cet animal rare et menac\u00e9 qui donne son nom au film. La plus-value de ce documentaire, par rapport \u00e0 ceux que l\u2019on voit habituellement, r\u00e9sidait en cette belle compl\u00e9mentarit\u00e9 entre le photographe chevronn\u00e9, connaisseur de la nature, et l\u2019\u00e9crivain-po\u00e8te jamais avare de r\u00e9flexions philosophiques et d\u2019envol\u00e9es lyriques.<\/p>\n<p>Un retour aux sources<\/p>\n<p>Avec Le Chant des for\u00eats, sa premi\u00e8re r\u00e9alisation en solo, Vincent Munier livre une \u0153uvre plus personnelle en filmant les Vosges, la r\u00e9gion d\u2019o\u00f9 il est originaire, qui lui fit d\u00e9couvrir la nature et dont il conserve ses plus chers souvenirs d\u2019enfance. Le photographe s\u2019y met en sc\u00e8ne avec son p\u00e8re, le naturaliste Michel Munier, qui conna\u00eet intimement les for\u00eats, ainsi qu\u2019avec son fils Simon. Lequel embrasse consciencieusement et avec \u00e9merveillement cette transmission du savoir. Alors r\u00e9unies dans une petite ferme au fond des bois, o\u00f9 vit actuellement Vincent Munier, les trois g\u00e9n\u00e9rations partagent leur fascination pour les secrets de la nature, tandis que tourne la cam\u00e9ra sans discontinuer. Des s\u00e9quences entrecoup\u00e9es, comme il se doit, de promenades en famille, silencieuses et contemplatives, pour capturer au t\u00e9l\u00e9objectif les animaux sauvages qui peuplent les for\u00eats. Parmi les oiseaux en tous genres, les renards, les lynx ou les cerfs, le photographe recherche avant tout le grand t\u00e9tras, le plus grand oiseau forestier d\u2019Europe qui a disparu des Vosges en raison, semble-t-il, du r\u00e9chauffement climatique et de l\u2019activit\u00e9 humaine. C\u2019est pourquoi la qu\u00eate de Vincent Munier le conduira jusqu\u2019au Jura, puis en Norv\u00e8ge, o\u00f9 l\u2019animal est toujours pr\u00e9sent.<\/p>\n<p>Enracinement et transmission<\/p>\n<p>S\u2019appuyant notamment sur des images tourn\u00e9es depuis pr\u00e8s de dix ans, Le Chant des for\u00eats synth\u00e9tise en une heure et quarante minutes des milliers d\u2019heures accumul\u00e9es pour ne garder que les plus belles s\u00e9quences, souvent au lever du jour, \u00e0 la ros\u00e9e du matin ou \u00e0 la tomb\u00e9e de la nuit. Moins spectaculaire et aventureux, sans doute, que La Panth\u00e8re des neiges, ce nouveau documentaire du photographe animalier n\u2019en est pas moins enchanteur et b\u00e9n\u00e9ficie du rapport affectif que Vincent Munier entretient avec sa r\u00e9gion. En outre, le propos familial sur la transmission des connaissances et le respect de la nature \u00e0 travers les g\u00e9n\u00e9rations contribue \u00e0 faire de ce Chant des for\u00eats un joli documentaire \u00e0 rebours de cette \u00e9poque qui ne croit plus qu\u2019en la laideur du d\u00e9racinement et en la dissolution des liens.<\/p>\n<p><strong>3,5 \u00e9toiles sur 5<\/strong><\/p>\n<p>\u00a0<\/p>\n<\/p>\n<p>                    <a href=\"#\" rel=\"nofollow\" onclick=\"window.print(); pfTrackEvent('[CIN\u00c9MA] &lt;i&gt;Le Chant des for\u00eats&lt;\/i&gt;, la nouvelle p\u00e9pite du photographe Vincent Munier'); return false;\" title=\"Printer Friendly, PDF &amp; Email\"><br \/>\n                    <img decoding=\"async\" src=\"https:\/\/www.europesays.com\/fr\/wp-content\/uploads\/2025\/04\/printfriendly-icon-sm.png\" alt=\"Print Friendly, PDF &amp; Email\" class=\"pf-button-img\" style=\"width: 17px;height: 17px;\"\/>Imprimer, enregistrer en PDF cet article<br \/>\n                    <\/a><\/p>\n","protected":false},"excerpt":{"rendered":"En 2021, le photographe animalier Vincent Munier nous avait \u00e9blouis avec son documentaire La Panth\u00e8re des neiges, co-r\u00e9alis\u00e9&hellip;\n","protected":false},"author":2,"featured_media":623732,"comment_status":"","ping_status":"","sticky":false,"template":"","format":"standard","meta":{"footnotes":""},"categories":[1358],"tags":[1348,1384,1385,1386,58,59,1011,27],"class_list":{"0":"post-623731","1":"post","2":"type-post","3":"status-publish","4":"format-standard","5":"has-post-thumbnail","7":"category-arts-et-design","8":"tag-arts","9":"tag-arts-and-design","10":"tag-arts-et-design","11":"tag-design","12":"tag-divertissement","13":"tag-entertainment","14":"tag-fr","15":"tag-france"},"share_on_mastodon":{"url":"https:\/\/pubeurope.com\/@fr\/115787186857421408","error":""},"_links":{"self":[{"href":"https:\/\/www.europesays.com\/fr\/wp-json\/wp\/v2\/posts\/623731","targetHints":{"allow":["GET"]}}],"collection":[{"href":"https:\/\/www.europesays.com\/fr\/wp-json\/wp\/v2\/posts"}],"about":[{"href":"https:\/\/www.europesays.com\/fr\/wp-json\/wp\/v2\/types\/post"}],"author":[{"embeddable":true,"href":"https:\/\/www.europesays.com\/fr\/wp-json\/wp\/v2\/users\/2"}],"replies":[{"embeddable":true,"href":"https:\/\/www.europesays.com\/fr\/wp-json\/wp\/v2\/comments?post=623731"}],"version-history":[{"count":0,"href":"https:\/\/www.europesays.com\/fr\/wp-json\/wp\/v2\/posts\/623731\/revisions"}],"wp:featuredmedia":[{"embeddable":true,"href":"https:\/\/www.europesays.com\/fr\/wp-json\/wp\/v2\/media\/623732"}],"wp:attachment":[{"href":"https:\/\/www.europesays.com\/fr\/wp-json\/wp\/v2\/media?parent=623731"}],"wp:term":[{"taxonomy":"category","embeddable":true,"href":"https:\/\/www.europesays.com\/fr\/wp-json\/wp\/v2\/categories?post=623731"},{"taxonomy":"post_tag","embeddable":true,"href":"https:\/\/www.europesays.com\/fr\/wp-json\/wp\/v2\/tags?post=623731"}],"curies":[{"name":"wp","href":"https:\/\/api.w.org\/{rel}","templated":true}]}}