{"id":623739,"date":"2025-12-26T18:07:16","date_gmt":"2025-12-26T18:07:16","guid":{"rendered":"https:\/\/www.europesays.com\/fr\/623739\/"},"modified":"2025-12-26T18:07:16","modified_gmt":"2025-12-26T18:07:16","slug":"il-ne-faut-pas-oublier-les-gestes-barrieres-la-ministre-de-la-sante-en-visite-a-lyon-appelle-a-se-faire-vacciner-contre-la-grippe","status":"publish","type":"post","link":"https:\/\/www.europesays.com\/fr\/623739\/","title":{"rendered":"\u00ab\u00a0Il ne faut pas oublier les gestes barri\u00e8res\u00a0\u00bb, la ministre de la sant\u00e9, en visite \u00e0 Lyon, appelle \u00e0 se faire vacciner contre la grippe"},"content":{"rendered":"<p class=\"article__intro\">St\u00e9phanie Rist, la ministre de la sant\u00e9, est venue ce vendredi 26 d\u00e9cembre 2025 \u00e0 Lyon rencontrer le personnel au centre hospitalier Edouard Herriot. Elle a rappel\u00e9 qu&rsquo;il \u00e9tait encore temps de se faire vacciner contre la grippe.<\/p>\n<p>\n      La Quotidienne Soci\u00e9t\u00e9\n    <\/p>\n<p>\n      De la vie quotidienne aux grands enjeux, recevez tous les jours les sujets qui font la soci\u00e9t\u00e9 locale, comme la justice, l\u2019\u00e9ducation, la sant\u00e9 et la famille.\n    <\/p>\n<p>    France T\u00e9l\u00e9visions utilise votre adresse e-mail afin de vous envoyer la newsletter \u00ab\u00a0La Quotidienne Soci\u00e9t\u00e9\u00a0\u00bb. Vous pouvez vous d\u00e9sinscrire \u00e0 tout moment via le lien en bas de cette newsletter. <a target=\"_blank\" href=\"https:\/\/www.francetelevisions.fr\/groupe\/confidentialite\/politique-de-confidentialite\/politique-de-confidentialite-de-france-televisions-6503\" rel=\"noopener\">Notre politique de confidentialit\u00e9<\/a><\/p>\n<p>Lors d&rsquo;une visite \u00e9clair \u00e0 l&rsquo;h\u00f4pital Edouard Herriot de Lyon, St\u00e9phanie Rist, la ministre de la sant\u00e9 a rappel\u00e9 que le pic de la grippe \u00e9tait proche et incite les Fran\u00e7ais \u00e0 se faire vacciner. En outre, elle a trouv\u00e9 l&rsquo;organisation des soignants de Lyon int\u00e9ressante pour y faire face.<\/p>\n<p>L&rsquo;\u00e9pid\u00e9mie de grippe en France \u00ab\u00a0est en phase d&rsquo;arriver\u00a0\u00bb \u00e0 son pic, et \u00ab\u00a0il est encore temps de se faire vacciner\u00a0\u00bb, a r\u00e9p\u00e9t\u00e9 la ministre de la Sant\u00e9 St\u00e9phanie Rist. \u00ab\u00a0Le pic, on le conna\u00eet une fois qu&rsquo;on commence \u00e0 redescendre. On n&rsquo;est pas encore dans la diminution mais dans une phase haute\u00a0\u00bb, a d\u00e9clar\u00e9 la ministre, lors d&rsquo;un d\u00e9placement aux urgences de l&rsquo;h\u00f4pital Edouard-Herriot.<\/p>\n<p>Selon un bilan publi\u00e9 mercredi par l&rsquo;agence Sant\u00e9 publique France, l&rsquo;\u00e9pid\u00e9mie de grippe continue de s&rsquo;intensifier en France mais reste pour l&rsquo;heure \u00ab\u00a0mod\u00e9r\u00e9e\u00a0\u00bb.<\/p>\n<p>Le pic \u00e9pid\u00e9mique devrait \u00eatre atteint la derni\u00e8re semaine de 2025 (72,5% de probabilit\u00e9) sinon lors des premiers jours de 2026 (22,5%), a estim\u00e9 l&rsquo;institut.<\/p>\n<p>\u00ab\u00a0On a une campagne de vaccination qui a augment\u00e9 de plus de 17% par rapport \u00e0 l&rsquo;ann\u00e9e derni\u00e8re, donc on est plut\u00f4t mieux vaccin\u00e9. Mais encore une fois, je le redis, il est encore temps de se faire vacciner\u00a0\u00bb, a insist\u00e9 Mme Rist.<\/p>\n<p>\u00ab\u00a0On sait aussi d&rsquo;exp\u00e9rience que tous les ans \u00e0 la rentr\u00e9e, l\u00e0 \u00e7a va \u00eatre le 5 janvier, quand les gens reviennent d&rsquo;avoir boug\u00e9 dans les diff\u00e9rentes familles ou lieux de vacances, quand ils reviennent, on sait que \u00e7a peut r\u00e9augmenter ce chiffre\u00a0\u00bb, de personnes atteintes par la grippe, a pr\u00e9venu la ministre.<\/p>\n<p>\u00ab\u00a0Il ne faut pas oublier les gestes barri\u00e8res\u00a0\u00bb, comme le port du masque en cas de sympt\u00f4mes et bien se laver les mains, \u00ab\u00a0des mesures que tous les Fran\u00e7ais connaissent maintenant, mais qui sont importantes \u00e0 rappeler\u00a0\u00bb, a-t-elle ajout\u00e9.<\/p>\n<p>La ministre s&rsquo;est entretenue au cours d&rsquo;une table ronde avec le personnel soignant et a salu\u00e9 leur organisation. \u00ab\u00a0Les soignants ici, \u00e0 Lyon, ont une organisation qui permet d&rsquo;augmenter en interne, le nombre de lits disponibles pendant la p\u00e9riode hivernale gr\u00e2ce \u00e0 un travail \u00e9troit avec les urgentistes. Ils ont aussi tout un travail avec la m\u00e9decine de ville, avec le service d\u2019acc\u00e8s aux soins. Il y a un travail aussi r\u00e9gional, avec les \u00e9quipes du SAMU\u00a0\u00bb, a soulign\u00e9 la ministre.<\/p>\n<p>\u00ab\u00a0Ici, on est dans une grande ville, avec un gros service d\u2019urgence, qui permet d\u2019accueillir les patients, mais qui regarde aussi \u00e0 l\u2019ext\u00e9rieur de l&rsquo;h\u00f4pital. Et c\u2019est ce que je trouve int\u00e9ressant, car c\u2019est que comme \u00e7a qu\u2019on peut r\u00e9pondre \u00e0 la demande de nos concitoyens.\u00a0\u00bb<\/p>\n<p><a data-article-figure=\"\" href=\"https:\/\/france3-regions.franceinfo.fr\/image\/acY0TAH9oYBDhJj_E-P_p_Ek70o\/1920x1080\/regions\/2025\/12\/26\/millaud0010-00-00-07-20-694ea5e2d08d7775088027.jpg\" data-pswp-width=\"1920\" data-pswp-height=\"1080\" target=\"_blank\" rel=\"noopener\"><\/p>\n<p>          <img width=\"600\" height=\"400\" class=\"article-image lazy\" data-src=\"https:\/\/www.europesays.com\/fr\/wp-content\/uploads\/2025\/12\/millaud0010-00-00-07-20-694ea5e2d08d7775088027.jpg\" alt=\"Interrog\u00e9e sur la r\u00e9quisition de m\u00e9decins, la ministre de la sant\u00e9 a estim\u00e9 que &quot;ce n'est pas inhabituel. \u00c7a peut arriver pour permettre \u00e0 nos concitoyens d'\u00eatre soign\u00e9s&quot;.\" fetchpriority=\"high\" as=\"image\"\/><\/p>\n<p>\n            Interrog\u00e9e sur la r\u00e9quisition de m\u00e9decins, la ministre de la sant\u00e9 a estim\u00e9 que \u00ab\u00a0ce n&rsquo;est pas inhabituel. \u00c7a peut arriver pour permettre \u00e0 nos concitoyens d&rsquo;\u00eatre soign\u00e9s\u00a0\u00bb.<br \/>\n                           \u2022<br \/>\n                                      \u00a9 France 3 Rh\u00f4ne-Alpes\n                      <\/p>\n<p><\/a><\/p>\n<p>Interrog\u00e9e sur la r\u00e9quisition de m\u00e9decins, comme dans les Bouches-du-Rh\u00f4ne o\u00f9 17 g\u00e9n\u00e9ralistes ont \u00e9t\u00e9 r\u00e9quisitionn\u00e9s par la pr\u00e9fecture du 25 d\u00e9cembre au 4 janvier pour faire face aux \u00e9pid\u00e9mies hivernales et en p\u00e9riode de cong\u00e9s de soignants, la ministre a assur\u00e9 que \u00ab\u00a0ce n&rsquo;est pas inhabituel. \u00c7a peut arriver pour permettre \u00e0 nos concitoyens d&rsquo;\u00eatre soign\u00e9s\u00a0\u00bb.<\/p>\n<p>\u00ab\u00a0Il n&rsquo;y a pas d&rsquo;obligation des m\u00e9decins de ville sur cette permanence des soins ambulatoires, mais il y a une responsabilit\u00e9 collective. Donc, moi je souhaite que ce ne soit pas par de l&rsquo;obligation, mais plut\u00f4t du travail entre professionnels, pour permettre d&rsquo;avoir des listes de garde\u00a0\u00bb, a-t-elle conclu.<\/p>\n<p>Article r\u00e9dig\u00e9 d&rsquo;apr\u00e8s les \u00e9l\u00e9ments de reportage de Sylvie Adam et B\u00e9n\u00e9dicte Millaud.<\/p>\n<p>                    Gouvernement de S\u00e9bastien Lecornu<\/p>\n<p>\n                            \u00c0 partir du 5 octobre 2025\n                    <\/p>\n<p>Depuis mai 2022, S\u00e9bastien Lecornu occupait le poste de ministre des Arm\u00e9es. Le mardi 9 septembre 2025, il est nomm\u00e9 Premier ministre par Emmanuel Macron. \u00c0 peine 24 heures apr\u00e8s avoir d\u00e9voil\u00e9 la composition de son gouvernement, il pr\u00e9sente sa d\u00e9mission le 7 octobre, plongeant l\u2019ex\u00e9cutif dans une nouvelle phase d\u2019instabilit\u00e9. Retour \u00e0 la case d\u00e9part le 10 octobre, quand il est renomm\u00e9 \u00e0 Matignon par le chef de l&rsquo;Etat avec pour objectif de doter le pays d&rsquo;un budget au 31 d\u00e9cembre. Parmi les 18 membres du gouvernement Lecornu I, douze ministres, dont G\u00e9rald Darmanin, Jean-No\u00ebl Barrot et Rachida Dati, conservent leur poste. D\u2019anciens ministres ayant servi sous Emmanuel Macron, tels que Laurent Nu\u00f1ez, Benjamin Haddad et Maud Bregeon, r\u00e9int\u00e8grent l\u2019ex\u00e9cutif. Les six autres postes sont attribu\u00e9s \u00e0 de nouvelles personnalit\u00e9s.<br \/>\nM. Laurent NU\u00d1EZ, ministre de l\u2019Int\u00e9rieur ;<br \/>\nMme Catherine VAUTRIN, ministre des Arm\u00e9es et des Anciens combattants ;<br \/>\nM. Jean Pierre FARRANDOU, ministre du Travail et des Solidarit\u00e9s ;<br \/>\nMme Monique BARBUT, ministre de la Transition \u00e9cologique, de la Biodiversit\u00e9 et des N\u00e9gociations internationales sur le climat et la nature ;<br \/>\nM. G\u00e9rald DARMANIN, garde des Sceaux, ministre de la Justice ;<br \/>\nM. Roland LESCURE, ministre de l\u2019\u00c9conomie, des Finances et de la Souverainet\u00e9 industrielle, \u00e9nerg\u00e9tique et num\u00e9rique ;<br \/>\nM. Serge PAPIN, ministre des Petites et moyennes entreprises, du Commerce, de l\u2019Artisanat et du Tourisme et du Pouvoir d\u2019achat ;<br \/>\nMme Annie GENEVARD, ministre de l\u2019Agriculture, de l\u2019Agro-alimentaire et de la Souverainet\u00e9 alimentaire ;<br \/>\nM. \u00c9douard GEFFRAY, ministre de l\u2019\u00c9ducation nationale ;<br \/>\nM. Jean-No\u00ebl BARROT, ministre de l\u2019Europe et des Affaires \u00e9trang\u00e8res ;<br \/>\nMme Rachida DATI, ministre de la Culture ;<br \/>\nMme St\u00e9phanie RIST, ministre de la Sant\u00e9, des Familles, de l\u2019Autonomie et des Personnes handicap\u00e9es ;<br \/>\nMme Na\u00efma MOUTCHOU, ministre des Outre-mer ;<br \/>\nMme Fran\u00e7oise GATEL, ministre de l\u2019Am\u00e9nagement du territoire et de la D\u00e9centralisation ;<br \/>\nMme Am\u00e9lie de MONTCHALIN, ministre de l\u2019Action et des Comptes publics ;<br \/>\nM. Philippe BAPTISTE, ministre de l\u2019Enseignement sup\u00e9rieur, de la Recherche et de l\u2019Espace ;<br \/>\nMme Marina FERRARI, ministre des Sports, de la Jeunesse et de la Vie associative ;<br \/>\nM. Philippe TABAROT, ministre des Transports ;<br \/>\nM. Vincent JEANBRUN, ministre de la Ville et du Logement.<br \/>\n Photo : Stephane Mahe \/ POOL \/ AFP<\/p>\n<p>                voir plus<\/p>\n<p>\t\t\t\t\t\t\t\t\t\t\t\t\t\t\t\t\t\t\t\t\t\t\t\t\t<a class=\"btn btn--primary btn--large event_redirect btn--on-white\" href=\"https:\/\/france3-regions.franceinfo.fr\/politique\/gouvernement\" aria-label=\"Gouvernement de S\u00e9bastien Lecornu. Voir la page de l\u2019\u00e9v\u00e9nement\" target=\"_blank\" rel=\"noopener\"><\/p>\n<p>              Voir la page de l\u2019\u00e9v\u00e9nement<\/p>\n<p>\t<\/a><\/p>\n","protected":false},"excerpt":{"rendered":"St\u00e9phanie Rist, la ministre de la sant\u00e9, est venue ce vendredi 26 d\u00e9cembre 2025 \u00e0 Lyon rencontrer le&hellip;\n","protected":false},"author":2,"featured_media":623740,"comment_status":"","ping_status":"","sticky":false,"template":"","format":"standard","meta":{"footnotes":""},"categories":[10],"tags":[1011,27,72,71],"class_list":{"0":"post-623739","1":"post","2":"type-post","3":"status-publish","4":"format-standard","5":"has-post-thumbnail","7":"category-sante","8":"tag-fr","9":"tag-france","10":"tag-health","11":"tag-sante"},"share_on_mastodon":{"url":"https:\/\/pubeurope.com\/@fr\/115787205496572755","error":""},"_links":{"self":[{"href":"https:\/\/www.europesays.com\/fr\/wp-json\/wp\/v2\/posts\/623739","targetHints":{"allow":["GET"]}}],"collection":[{"href":"https:\/\/www.europesays.com\/fr\/wp-json\/wp\/v2\/posts"}],"about":[{"href":"https:\/\/www.europesays.com\/fr\/wp-json\/wp\/v2\/types\/post"}],"author":[{"embeddable":true,"href":"https:\/\/www.europesays.com\/fr\/wp-json\/wp\/v2\/users\/2"}],"replies":[{"embeddable":true,"href":"https:\/\/www.europesays.com\/fr\/wp-json\/wp\/v2\/comments?post=623739"}],"version-history":[{"count":0,"href":"https:\/\/www.europesays.com\/fr\/wp-json\/wp\/v2\/posts\/623739\/revisions"}],"wp:featuredmedia":[{"embeddable":true,"href":"https:\/\/www.europesays.com\/fr\/wp-json\/wp\/v2\/media\/623740"}],"wp:attachment":[{"href":"https:\/\/www.europesays.com\/fr\/wp-json\/wp\/v2\/media?parent=623739"}],"wp:term":[{"taxonomy":"category","embeddable":true,"href":"https:\/\/www.europesays.com\/fr\/wp-json\/wp\/v2\/categories?post=623739"},{"taxonomy":"post_tag","embeddable":true,"href":"https:\/\/www.europesays.com\/fr\/wp-json\/wp\/v2\/tags?post=623739"}],"curies":[{"name":"wp","href":"https:\/\/api.w.org\/{rel}","templated":true}]}}