{"id":623743,"date":"2025-12-26T18:09:25","date_gmt":"2025-12-26T18:09:25","guid":{"rendered":"https:\/\/www.europesays.com\/fr\/623743\/"},"modified":"2025-12-26T18:09:25","modified_gmt":"2025-12-26T18:09:25","slug":"dominique-rizet-bfmtv-dezingue-france-televisions","status":"publish","type":"post","link":"https:\/\/www.europesays.com\/fr\/623743\/","title":{"rendered":"Dominique Rizet (BFMTV) d\u00e9zingue France T\u00e9l\u00e9visions"},"content":{"rendered":"<p>\n    <strong>VID\u00c9O <\/strong>&#8211; Aupr\u00e8s de Jordan De Luxe, le sp\u00e9cialiste police-justice de la cha\u00eene info est revenu sur l\u2019arr\u00eat de l\u2019\u00e9mission culte \u00abFaites entrer l\u2019accus\u00e9\u00bb sur le service public en 2020.<\/p>\n<p class=\"fig-paragraph\">\u00abJ\u2019en veux beaucoup \u00e0 France T\u00e9l\u00e9visions et l\u2019\u00e9quipe Ernotte\u00bb. Face \u00e0\u00a0<a href=\"http:\/\/tvmag.lefigaro.fr\/programme-tv\/actu-tele\/je-me-disais-que-j-allais-me-faire-incendier-les-larmes-de-jordan-de-luxe-en-parlant-de-son-homosexualite-20251105\" target=\"_blank\" data-fig-type=\"Article\" rel=\"noopener\" data-gtm-custom-categorie=\"navigation\" data-gtm-custom-action=\"crossclick\" data-gtm-custom-label=\"Contextuel\" data-gtm-event=\"customEventSPE\" data-fig-domain=\"TVMAG\">Jordan De Luxe\u00a0<\/a>dans son \u00e9mission \u00abLe jet de luxe\u00bb,\u00a0<a href=\"http:\/\/tvmag.lefigaro.fr\/programme-tv\/actu-tele\/nous-n-avons-jamais-vu-d-histoire-comme-ca-christophe-delay-et-dominique-rizet-reagissent-au-proces-mazan-20240913\" target=\"_blank\" data-fig-type=\"Article\" rel=\"noopener\" data-gtm-custom-categorie=\"navigation\" data-gtm-custom-action=\"crossclick\" data-gtm-custom-label=\"Contextuel\" data-gtm-event=\"customEventSPE\" data-fig-domain=\"TVMAG\">Dominique Rizet<\/a>, le sp\u00e9cialiste police-justice de BFMTV, ne m\u00e2che pas ses mots \u00e0 l\u2019\u00e9gard du service public (\u00e0 partir de 18\u2019 dans la vid\u00e9o en bas de l\u2019article). En cause\u00a0: l\u2019arr\u00eat de \u00abFaites entrer l\u2019accus\u00e9\u00bb, \u00e9mission qu\u2019il a reprise sur RMC D\u00e9couverte et RMC Story et \u00e0 laquelle il participait \u00e0 l\u2019\u00e9poque de\u00a0<a href=\"http:\/\/tvmag.lefigaro.fr\/programme-tv\/people\/je-quitte-ce-soir-mon-bureau-a-europe-1-sur-x-christophe-hondelatte-fait-ses-adieux-a-la-radio-20251220\" target=\"_blank\" data-fig-type=\"Article\" rel=\"noopener\" data-gtm-custom-categorie=\"navigation\" data-gtm-custom-action=\"crossclick\" data-gtm-custom-label=\"Contextuel\" data-gtm-event=\"customEventSPE\" data-fig-domain=\"TVMAG\">Christophe Hondelatte<\/a>\u00a0sur France 2.<\/p>\n<p class=\"fig-paragraph\">Interrog\u00e9 sur la fin de l\u2019\u00e9mission sur France T\u00e9l\u00e9visions, Dominique Rizet a d\u2019abord d\u00e9clar\u00e9 regretter le d\u00e9part de Christophe Hondelatte. \u00abIl a dit qu\u2019il en avait marre du fait divers, il voulait chanter (&#8230;) et sortir de l\u00e0\u00bb, se rappelle le journaliste. \u00abVraiment, je peux le comprendre car rester dans ce tunnel du crime pendant toute une vie, ce qui est quasiment ce que j\u2019ai fait, ce n\u2019est pas forc\u00e9ment une bonne chose\u00bb. \u00c0 l\u2019\u00e9poque, Dominique Rizet n\u2019a pas souhait\u00e9 lui succ\u00e9der, pr\u00e9f\u00e9rant laisser la place \u00e0\u00a0<a href=\"http:\/\/tvmag.lefigaro.fr\/programme-tv\/actu-tele\/frederique-lantieri-dangereux-a-perpetuite-la-prison-peut-avoir-un-vrai-effet-positif-20230118\" target=\"_blank\" data-fig-type=\"Article\" rel=\"noopener\" data-gtm-custom-categorie=\"navigation\" data-gtm-custom-action=\"crossclick\" data-gtm-custom-label=\"Contextuel\" data-gtm-event=\"customEventSPE\" data-fig-domain=\"TVMAG\">Fr\u00e9d\u00e9rique Lanti\u00e9ri<\/a>. \u00abJe ne voulais pas passer derri\u00e8re Christophe. C\u2019\u00e9tait un mec de t\u00e9l\u00e9 et pas moi. Je n\u2019avais pas sa voix, j\u2019\u00e9tais trop jeune et ce n\u2019\u00e9tait pas le moment\u00bb, explique-t-il.<\/p>\n<p>                                                                <a class=\"fig-a11y-skip\" href=\"#fig-a11y-skip-main-inarticle\" data-module=\"a11y-skip\" data-context=\"was @visible\"><br \/>\n    Passer la publicit\u00e9<br \/>\n<\/a>            <\/p>\n<p class=\"fig-paragraph\">\u00abL\u2019id\u00e9e \u00e9tait donc de prendre une femme pour casser les codes, et Fr\u00e9d\u00e9rique est arriv\u00e9e\u00bb, se rem\u00e9more encore le sexag\u00e9naire. \u00abPour moi, c\u2019\u00e9tait compliqu\u00e9 car ce n\u2019est pas facile de raconter \u00e0 une femme, les yeux dans les yeux, une histoire de femme viol\u00e9e ou battue. C\u2019est tr\u00e8s dur\u00bb, estime-t-il. \u00abPour moi, c\u2019est moins p\u00e9nible de le raconter \u00e0 un homme.\u00bb Puis, toujours d\u2019apr\u00e8s son t\u00e9moignage, \u00abcomme Fred, c\u2019est un peu un mec\u00bb, Dominique Rizet et l\u2019animatrice ont fini par \u00abs\u2019apprivoiser\u00bb.<\/p>\n<blockquote class=\"fig-quote&#10;    \">\n<p class=\"fig-quote__text\">CNews et Europe 1 taillent le service public en permanence, mais ils n\u2019ont peut-\u00eatre pas compl\u00e8tement tort<\/p>\n<p>            Dominique Rizet dans \u00abLe jet de luxe\u00bb\n    <\/p><\/blockquote>\n<p class=\"fig-paragraph\">Mais en 2020, France T\u00e9l\u00e9visions d\u00e9cide de mettre un terme au programme. Ce qui a contrari\u00e9 Dominique Rizet. \u00abJe leur en veux beaucoup. La direction ne voulait plus de fait divers, ils disaient qu\u2019ils mettraient \u00e7a sur France 3, ce n\u2019\u00e9tait pas propre sur le service public. Donc, on avait des num\u00e9ros enregistr\u00e9s avec Fred, 9 je crois, et \u00e7a tra\u00eenait avant leur diffusion\u00bb. Finalement, les ultimes \u00abFaites entrer l\u2019accus\u00e9\u00bb seront diffus\u00e9s avant que le groupe BFMTV ne rach\u00e8te la marque et le catalogue et propose \u00e0 Dominique Rizet, avec Christophe Delay, de reprendre le flambeau. \u00abEt derri\u00e8re, qu\u2019est-ce que fait France TV\u00a0? Ils installent Marie Drucker et Alain Bauer le samedi apr\u00e8s-midi pour faire la m\u00eame chose\u00bb, d\u00e9nonce encore Dominique Rizet, visiblement remont\u00e9.<\/p>\n<p class=\"fig-paragraph\">\u00abC\u2019est d\u2019une in\u00e9l\u00e9gance crasse et d\u2019une connerie pas possible\u00bb, r\u00e9sume l\u2019int\u00e9ress\u00e9 qui estime que le service public a perdu de l\u2019argent. \u00abC\u2019est vrai que CNews et Europe 1 taillent le service public en permanence, mais ils n\u2019ont peut-\u00eatre pas compl\u00e8tement tort. En tout cas, l\u2019histoire que je vous raconte t\u00e9moigne qu\u2019il y a vraiment eu des erreurs de pilotage \u00e0 France TV. (&#8230;) C\u2019est dommage\u00bb. S\u2019il avait\u00a0<a href=\"http:\/\/tvmag.lefigaro.fr\/programme-tv\/actu-tele\/delphine-ernotte-ne-sert-a-rien-pascal-praud-reagit-a-la-commission-d-enquete-sur-l-audiovisuel-public-20251210\" target=\"_blank\" data-fig-type=\"Article\" rel=\"noopener\" data-gtm-custom-categorie=\"navigation\" data-gtm-custom-action=\"crossclick\" data-gtm-custom-label=\"Contextuel\" data-gtm-event=\"customEventSPE\" data-fig-domain=\"TVMAG\">Delphine Ernotte<\/a>, la pr\u00e9sidente du groupe audiovisuel, en face de lui, Dominique Rizet lui dirait qu\u2019elle a fait \u00abune b\u00eatise et une erreur strat\u00e9gique\u00bb en arr\u00eatant ce programme phare. Toutefois, il se r\u00e9jouit que son groupe ait r\u00e9cup\u00e9r\u00e9 \u00abFaites entrer l\u2019accus\u00e9\u00bb. \u00abMerci \u00e0 eux, je suis tr\u00e8s heureux qu\u2019on continue ces \u00e9missions\u00bb, a-t-il encore d\u00e9clar\u00e9.<\/p>\n","protected":false},"excerpt":{"rendered":"VID\u00c9O &#8211; Aupr\u00e8s de Jordan De Luxe, le sp\u00e9cialiste police-justice de la cha\u00eene info est revenu sur l\u2019arr\u00eat&hellip;\n","protected":false},"author":2,"featured_media":623744,"comment_status":"","ping_status":"","sticky":false,"template":"","format":"standard","meta":{"footnotes":""},"categories":[8],"tags":[47345,11255,58,59,1011,27,2400],"class_list":{"0":"post-623743","1":"post","2":"type-post","3":"status-publish","4":"format-standard","5":"has-post-thumbnail","7":"category-divertissement","8":"tag-christophe-hondelatte","9":"tag-delphine-ernotte","10":"tag-divertissement","11":"tag-entertainment","12":"tag-fr","13":"tag-france","14":"tag-france-televisions"},"share_on_mastodon":{"url":"https:\/\/pubeurope.com\/@fr\/115787213404282952","error":""},"_links":{"self":[{"href":"https:\/\/www.europesays.com\/fr\/wp-json\/wp\/v2\/posts\/623743","targetHints":{"allow":["GET"]}}],"collection":[{"href":"https:\/\/www.europesays.com\/fr\/wp-json\/wp\/v2\/posts"}],"about":[{"href":"https:\/\/www.europesays.com\/fr\/wp-json\/wp\/v2\/types\/post"}],"author":[{"embeddable":true,"href":"https:\/\/www.europesays.com\/fr\/wp-json\/wp\/v2\/users\/2"}],"replies":[{"embeddable":true,"href":"https:\/\/www.europesays.com\/fr\/wp-json\/wp\/v2\/comments?post=623743"}],"version-history":[{"count":0,"href":"https:\/\/www.europesays.com\/fr\/wp-json\/wp\/v2\/posts\/623743\/revisions"}],"wp:featuredmedia":[{"embeddable":true,"href":"https:\/\/www.europesays.com\/fr\/wp-json\/wp\/v2\/media\/623744"}],"wp:attachment":[{"href":"https:\/\/www.europesays.com\/fr\/wp-json\/wp\/v2\/media?parent=623743"}],"wp:term":[{"taxonomy":"category","embeddable":true,"href":"https:\/\/www.europesays.com\/fr\/wp-json\/wp\/v2\/categories?post=623743"},{"taxonomy":"post_tag","embeddable":true,"href":"https:\/\/www.europesays.com\/fr\/wp-json\/wp\/v2\/tags?post=623743"}],"curies":[{"name":"wp","href":"https:\/\/api.w.org\/{rel}","templated":true}]}}