{"id":623788,"date":"2025-12-26T18:41:24","date_gmt":"2025-12-26T18:41:24","guid":{"rendered":"https:\/\/www.europesays.com\/fr\/623788\/"},"modified":"2025-12-26T18:41:24","modified_gmt":"2025-12-26T18:41:24","slug":"ils-se-deguisent-en-pere-noel-pour-voir-les-enfants-malades","status":"publish","type":"post","link":"https:\/\/www.europesays.com\/fr\/623788\/","title":{"rendered":"ils se d\u00e9guisent en P\u00e8re No\u00ebl pour voir les enfants malades"},"content":{"rendered":"<p>                    Par<br \/>\n        <strong><br \/>\n            <a href=\"https:\/\/actu.fr\/auteur\/thomas-bernard\" title=\"Consulter tous les articles de Thomas Bernard\" target=\"_blank\" rel=\"noopener\">Thomas Bernard<\/a><br \/>\n                    <\/strong><\/p>\n<p>        Publi\u00e9 le<\/p>\n<p>            26 d\u00e9c. 2025 \u00e0 16h02        <\/p>\n<p>La magie de No\u00ebl s\u2019est invit\u00e9e au <a href=\"https:\/\/actu.fr\/tag\/chu-de-nantes\" target=\"_blank\" rel=\"noopener\">CHU de Nantes.<\/a> Ce jeudi 25\u00a0d\u00e9cembre 2025, plusieurs volontaires <b>ont sillonn\u00e9 les divers services de l\u2019h\u00f4pital pour rendre visite aux enfants hospitalis\u00e9s<\/b>.<\/p>\n<p>    <a href=\"https:\/\/www.facebook.com\/plugins\/post.php?href=https%3A%2F%2Fwww.facebook.com%2Fchu.denantes.5%2Fposts%2Fpfbid0akQZXuAosqNYxCy4beysEMpW7T5xD6LWocAYwcD2hU3vqGvkLVqWNDQLCaQXoVTul&amp;show_text=true&amp;width=350\" title=\"Ouvrie le lien\" target=\"_blank\" rel=\"noopener\">Cliquez ici pour visualiser le contenu<\/a><\/p>\n<p>\u00ab\u2009Une journ\u00e9e riche en \u00e9motions et en sourires\u2009\u00bb<\/p>\n<p class=\" wall-content\">Les P\u00e8res No\u00ebl et les professionnels de sant\u00e9 sont all\u00e9s \u00e0 la rencontre des enfants dans leur chambre afin de leur donner des cadeaux.<\/p>\n<p class=\" wall-content\">\u00ab\u2009Cette belle initiative a \u00e9t\u00e9 rendue possible gr\u00e2ce \u00e0 leur engagement, mais aussi gr\u00e2ce aux \u00e9ducatrices de jeunes enfants qui ont pr\u00e9par\u00e9 avec soin des cadeaux pour chaque enfant.<b> Un immense merci \u00e0 nos h\u00e9ros du jour pour ce geste g\u00e9n\u00e9reux et plein de magie\u2009\u00bb<\/b>, souligne le CHU de Nantes sur<a href=\"https:\/\/www.facebook.com\/chu.denantes.5\" target=\"_blank\" rel=\"noopener\"> sa page Facebook<\/a>.<\/p>\n<p class=\" wall-content\">Parmi les volontaires, Alice, secr\u00e9taire \u00e0 l\u2019institut de formation des m\u00e9tiers d\u2019aide du CHU de Nantes et Philippe, son mari, ont pass\u00e9 une partie du 25\u00a0d\u00e9cembre avec les enfants. \u00ab\u2009Une journ\u00e9e riche en \u00e9motions et en sourires\u2009\u00bb, selon les volontaires.<\/p>\n<p class=\" wall-content\">Personnalisez votre actualit\u00e9 en ajoutant vos villes et m\u00e9dias en favori avec <a href=\"https:\/\/moncompte.actu.fr\" title=\"D\u00e9couvez Mon Actu\" rel=\"nofollow noopener\" data-trk=\"{&quot;cta&quot;:{&quot;action&quot;:&quot;https:\\\/\\\/moncompte.actu.fr&quot;,&quot;category&quot;:&quot;mon compte&quot;,&quot;from&quot;:&quot;article footer&quot;,&quot;name&quot;:&quot;Mon actu&quot;,&quot;type&quot;:&quot;cta&quot;}}\" target=\"_blank\">Mon Actu<\/a>.<\/p>\n","protected":false},"excerpt":{"rendered":"Par Thomas Bernard Publi\u00e9 le 26 d\u00e9c. 2025 \u00e0 16h02 La magie de No\u00ebl s\u2019est invit\u00e9e au CHU&hellip;\n","protected":false},"author":2,"featured_media":623789,"comment_status":"","ping_status":"","sticky":false,"template":"","format":"standard","meta":{"footnotes":""},"categories":[2818],"tags":[1111,11,7426,1777,674,1011,27,766,12,15830,2636,25,104],"class_list":{"0":"post-623788","1":"post","2":"type-post","3":"status-publish","4":"format-standard","5":"has-post-thumbnail","7":"category-nantes","8":"tag-actu","9":"tag-actualites","10":"tag-chu-de-nantes","11":"tag-eu","12":"tag-europe","13":"tag-fr","14":"tag-france","15":"tag-nantes","16":"tag-news","17":"tag-noel","18":"tag-pays-de-la-loire","19":"tag-republique-francaise","20":"tag-societe"},"share_on_mastodon":{"url":"https:\/\/pubeurope.com\/@fr\/115787339185295616","error":""},"_links":{"self":[{"href":"https:\/\/www.europesays.com\/fr\/wp-json\/wp\/v2\/posts\/623788","targetHints":{"allow":["GET"]}}],"collection":[{"href":"https:\/\/www.europesays.com\/fr\/wp-json\/wp\/v2\/posts"}],"about":[{"href":"https:\/\/www.europesays.com\/fr\/wp-json\/wp\/v2\/types\/post"}],"author":[{"embeddable":true,"href":"https:\/\/www.europesays.com\/fr\/wp-json\/wp\/v2\/users\/2"}],"replies":[{"embeddable":true,"href":"https:\/\/www.europesays.com\/fr\/wp-json\/wp\/v2\/comments?post=623788"}],"version-history":[{"count":0,"href":"https:\/\/www.europesays.com\/fr\/wp-json\/wp\/v2\/posts\/623788\/revisions"}],"wp:featuredmedia":[{"embeddable":true,"href":"https:\/\/www.europesays.com\/fr\/wp-json\/wp\/v2\/media\/623789"}],"wp:attachment":[{"href":"https:\/\/www.europesays.com\/fr\/wp-json\/wp\/v2\/media?parent=623788"}],"wp:term":[{"taxonomy":"category","embeddable":true,"href":"https:\/\/www.europesays.com\/fr\/wp-json\/wp\/v2\/categories?post=623788"},{"taxonomy":"post_tag","embeddable":true,"href":"https:\/\/www.europesays.com\/fr\/wp-json\/wp\/v2\/tags?post=623788"}],"curies":[{"name":"wp","href":"https:\/\/api.w.org\/{rel}","templated":true}]}}