{"id":623790,"date":"2025-12-26T18:42:20","date_gmt":"2025-12-26T18:42:20","guid":{"rendered":"https:\/\/www.europesays.com\/fr\/623790\/"},"modified":"2025-12-26T18:42:20","modified_gmt":"2025-12-26T18:42:20","slug":"photos-quand-baume-les-dames-d4-affrontait-le-fc-nantes-d1-emmene-par-bossis-halilhodzic-et-toure-en-1983","status":"publish","type":"post","link":"https:\/\/www.europesays.com\/fr\/623790\/","title":{"rendered":"Photos. Quand Baume-les-Dames (D4) affrontait le FC Nantes (D1) emmen\u00e9 par Bossis, Halilhodzic et Tour\u00e9 en 1983"},"content":{"rendered":"<p>En mars 1983, Baume-les-Dames a affront\u00e9 deux fois le FC Nantes lors des 1\/16es de finale de la Coupe de France de football. L&rsquo;occasion pour les amateurs baumois de se frotter \u00e0 Maxime Bossis, Vahid Halilhodzic, Jean-Paul Bertrands-Demanes, Jos\u00e9 Tour\u00e9, Lo\u00efc Amisse et les co\u00e9quipiers. Retour en images sur le match aller disput\u00e9 au stade L\u00e9o-Lagrange de Besan\u00e7on.<\/p>\n","protected":false},"excerpt":{"rendered":"En mars 1983, Baume-les-Dames a affront\u00e9 deux fois le FC Nantes lors des 1\/16es de finale de la&hellip;\n","protected":false},"author":2,"featured_media":623791,"comment_status":"","ping_status":"","sticky":false,"template":"","format":"standard","meta":{"footnotes":""},"categories":[2818],"tags":[1111,11,17502,10112,15922,8026,10332,14383,14384,8698,1777,674,107,1701,63,1011,27,2797,5325,2798,9540,766,12,2636,11058,25,20486,517,14185],"class_list":{"0":"post-623790","1":"post","2":"type-post","3":"status-publish","4":"format-standard","5":"has-post-thumbnail","7":"category-nantes","8":"tag-actu","9":"tag-actualites","10":"tag-baume-les-dames","11":"tag-besancon","12":"tag-coupe-de-france-de-football","13":"tag-doubs","14":"tag-edition-belfort-hericourt-montbeliard","15":"tag-edition-besancon","16":"tag-edition-pontarlier-haut-doubs","17":"tag-edition-vesoul-haute-saone","18":"tag-eu","19":"tag-europe","20":"tag-fil-info","21":"tag-fil-info-sport","22":"tag-football","23":"tag-fr","24":"tag-france","25":"tag-galerie-loisirs","26":"tag-galerie-media","27":"tag-galerie-photo","28":"tag-galerie-sport","29":"tag-nantes","30":"tag-news","31":"tag-pays-de-la-loire","32":"tag-region-franche-comte","33":"tag-republique-francaise","34":"tag-selection-multimedia-sport","35":"tag-sport","36":"tag-sport-franc-comtois"},"share_on_mastodon":{"url":"","error":"Validation failed: Text character limit of 500 exceeded"},"_links":{"self":[{"href":"https:\/\/www.europesays.com\/fr\/wp-json\/wp\/v2\/posts\/623790","targetHints":{"allow":["GET"]}}],"collection":[{"href":"https:\/\/www.europesays.com\/fr\/wp-json\/wp\/v2\/posts"}],"about":[{"href":"https:\/\/www.europesays.com\/fr\/wp-json\/wp\/v2\/types\/post"}],"author":[{"embeddable":true,"href":"https:\/\/www.europesays.com\/fr\/wp-json\/wp\/v2\/users\/2"}],"replies":[{"embeddable":true,"href":"https:\/\/www.europesays.com\/fr\/wp-json\/wp\/v2\/comments?post=623790"}],"version-history":[{"count":0,"href":"https:\/\/www.europesays.com\/fr\/wp-json\/wp\/v2\/posts\/623790\/revisions"}],"wp:featuredmedia":[{"embeddable":true,"href":"https:\/\/www.europesays.com\/fr\/wp-json\/wp\/v2\/media\/623791"}],"wp:attachment":[{"href":"https:\/\/www.europesays.com\/fr\/wp-json\/wp\/v2\/media?parent=623790"}],"wp:term":[{"taxonomy":"category","embeddable":true,"href":"https:\/\/www.europesays.com\/fr\/wp-json\/wp\/v2\/categories?post=623790"},{"taxonomy":"post_tag","embeddable":true,"href":"https:\/\/www.europesays.com\/fr\/wp-json\/wp\/v2\/tags?post=623790"}],"curies":[{"name":"wp","href":"https:\/\/api.w.org\/{rel}","templated":true}]}}