{"id":623800,"date":"2025-12-26T18:50:24","date_gmt":"2025-12-26T18:50:24","guid":{"rendered":"https:\/\/www.europesays.com\/fr\/623800\/"},"modified":"2025-12-26T18:50:24","modified_gmt":"2025-12-26T18:50:24","slug":"une-belge-de-34-ans-retrouvee-morte-le-jour-de-noel-dans-un-appartement-a-lille-le-procureur-sest-exprime-pour-la-premiere-fois","status":"publish","type":"post","link":"https:\/\/www.europesays.com\/fr\/623800\/","title":{"rendered":"Une Belge de 34 ans retrouv\u00e9e morte le jour de No\u00ebl dans un appartement \u00e0 Lille\u00a0: le procureur s\u2019est exprim\u00e9 pour la premi\u00e8re fois"},"content":{"rendered":"<p>  \tUne femme de 34 ans a \u00e9t\u00e9 retrouv\u00e9e sans vie le jour de No\u00ebl dans l\u2019appartement de son compagnon \u00e0 Lille. L\u2019homme, \u00e2g\u00e9 de 36 ans, a \u00e9t\u00e9 plac\u00e9 en garde \u00e0 vue. L\u2019enqu\u00eate est en cours et la piste criminelle n\u2019est pas encore confirm\u00e9e.<\/p>\n<p>&#13;<br \/>\n&#13;<\/p>\n<p>Une femme de 34 ans a \u00e9t\u00e9 retrouv\u00e9e morte le jour de No\u00ebl dans l\u2019appartement de son compagnon, \u00e0 Lille. Selon La Voix du Nord, la victime gisait dans la cuisine du logement. Alert\u00e9s par un proche, les secours n\u2019ont pu que constater le d\u00e9c\u00e8s.<\/p>\n<p><a href=\"https:\/\/www.sudinfo.be\/id1088152\/article\/2025-12-26\/lemotion-est-grande-mouscron-apres-la-disparition-de-noella-retrouvee-morte-dans\" class=\"r-stories--HyPlink\" id=\"Hyp-\" target=\"_blank\" rel=\"noopener\">D\u2019apr\u00e8s Sudinfo<\/a>, la jeune femme, pr\u00e9nomm\u00e9e Noella, habitait \u00e0 Mouscron et \u00e9tait m\u00e8re de deux enfants. Une enqu\u00eate a \u00e9t\u00e9 ouverte\u00a0: le corps pr\u00e9sentait plusieurs h\u00e9matomes et des traces de sang ont \u00e9t\u00e9 relev\u00e9es dans l\u2019appartement.<\/p>\n<p>&#13;<br \/>\n&#13;<\/p>\n<p>&#13;<br \/>\n&#13;<\/p>\n<p>\n  &#13;<br \/>\n  \u00c0 lire aussi&#13;<br \/>\n  &#13;<\/p>\n<p>  <img decoding=\"async\" data-copyright=\"BELGA\/AFP\" class=\"r-img\"  typeof=\"foaf:Image\" src=\"https:\/\/www.europesays.com\/fr\/wp-content\/uploads\/2025\/12\/58166618.jpeg\" alt=\"Illustration\"\/><br \/>\n        <a class=\"r-stories--link\" href=\"https:\/\/www.rtl.be\/actu\/monde\/france\/une-belge-de-34-ans-retrouvee-morte-lille-des-traces-de-violences-constatees\/2025-12-25\/article\/774634\" target=\"_blank\" rel=\"noopener\">Une Belge de 34 ans retrouv\u00e9e morte \u00e0 Lille\u00a0: des traces de violences constat\u00e9es dans un appartement, son compagnon interpell\u00e9<\/a>&#13;<br \/>\n  &#13;<br \/>\n&#13;\n<\/p>\n<p>Le compagnon de la victime, \u00e2g\u00e9 de 36 ans, a \u00e9t\u00e9 plac\u00e9 en garde \u00e0 vue. Le parquet de Lille appelle toutefois \u00e0 la prudence\u00a0: \u00ab\u00a0La nature criminelle des faits n\u2019est pas \u00e9tablie \u00e0 cette heure\u00a0\u00bb, a indiqu\u00e9 le procureur Samuel Finielz, cit\u00e9 par La Voix du Nord. Des analyses compl\u00e9mentaires et une autopsie doivent encore d\u00e9terminer les causes exactes du d\u00e9c\u00e8s.<\/p>\n","protected":false},"excerpt":{"rendered":"Une femme de 34 ans a \u00e9t\u00e9 retrouv\u00e9e sans vie le jour de No\u00ebl dans l\u2019appartement de son&hellip;\n","protected":false},"author":2,"featured_media":623801,"comment_status":"","ping_status":"","sticky":false,"template":"","format":"standard","meta":{"footnotes":""},"categories":[2815],"tags":[1111,11,1777,674,1011,27,811,1307,12,25,63397],"class_list":{"0":"post-623800","1":"post","2":"type-post","3":"status-publish","4":"format-standard","5":"has-post-thumbnail","7":"category-lille","8":"tag-actu","9":"tag-actualites","10":"tag-eu","11":"tag-europe","12":"tag-fr","13":"tag-france","14":"tag-hauts-de-france","15":"tag-lille","16":"tag-news","17":"tag-republique-francaise","18":"tag-rtl-info"},"share_on_mastodon":{"url":"https:\/\/pubeurope.com\/@fr\/115787375412637339","error":""},"_links":{"self":[{"href":"https:\/\/www.europesays.com\/fr\/wp-json\/wp\/v2\/posts\/623800","targetHints":{"allow":["GET"]}}],"collection":[{"href":"https:\/\/www.europesays.com\/fr\/wp-json\/wp\/v2\/posts"}],"about":[{"href":"https:\/\/www.europesays.com\/fr\/wp-json\/wp\/v2\/types\/post"}],"author":[{"embeddable":true,"href":"https:\/\/www.europesays.com\/fr\/wp-json\/wp\/v2\/users\/2"}],"replies":[{"embeddable":true,"href":"https:\/\/www.europesays.com\/fr\/wp-json\/wp\/v2\/comments?post=623800"}],"version-history":[{"count":0,"href":"https:\/\/www.europesays.com\/fr\/wp-json\/wp\/v2\/posts\/623800\/revisions"}],"wp:featuredmedia":[{"embeddable":true,"href":"https:\/\/www.europesays.com\/fr\/wp-json\/wp\/v2\/media\/623801"}],"wp:attachment":[{"href":"https:\/\/www.europesays.com\/fr\/wp-json\/wp\/v2\/media?parent=623800"}],"wp:term":[{"taxonomy":"category","embeddable":true,"href":"https:\/\/www.europesays.com\/fr\/wp-json\/wp\/v2\/categories?post=623800"},{"taxonomy":"post_tag","embeddable":true,"href":"https:\/\/www.europesays.com\/fr\/wp-json\/wp\/v2\/tags?post=623800"}],"curies":[{"name":"wp","href":"https:\/\/api.w.org\/{rel}","templated":true}]}}