{"id":623806,"date":"2025-12-26T18:53:12","date_gmt":"2025-12-26T18:53:12","guid":{"rendered":"https:\/\/www.europesays.com\/fr\/623806\/"},"modified":"2025-12-26T18:53:12","modified_gmt":"2025-12-26T18:53:12","slug":"rhone-a-lyon-des-coups-de-feu-tires-le-jour-de-noel-sement-la-terreur-dans-une-residence","status":"publish","type":"post","link":"https:\/\/www.europesays.com\/fr\/623806\/","title":{"rendered":"Rh\u00f4ne. \u00c0 Lyon, des coups de feu tir\u00e9s le jour de No\u00ebl s\u00e8ment la terreur dans une r\u00e9sidence"},"content":{"rendered":"<p>\u00ab\u00a0Je n\u2019avais jamais entendu un coup de feu de ma vie, t\u00e9moigne Dominique* \u00e0 voix basse, de peur d\u2019\u00eatre entendue. Vendredi 19\u00a0d\u00e9cembre, vers 21 heures, cette habitante du 8, rue Quivogne, un immeuble situ\u00e9 \u00e0 deux pas de la gare de Perrache (Lyon 2e), sursaute en entendant une d\u00e9tonation. Le lendemain, la police vient toquer \u00e0 sa porte. L\u2019enqu\u00eate de voisinage confirme ses suspicions\u00a0: il s\u2019agissait bien d\u2019un tir.<\/p>\n<p>La peur monte d\u2019un cran le jour de No\u00ebl, jeudi 25\u00a0d\u00e9cembre, lorsqu\u2019aux alentours de 20\u00a0h\u00a040, une nouvelle salve retentit entre les murs de la r\u00e9sidence sociale. \u00ab\u00a0Cette fois-ci, la BAC (brigade anticriminalit\u00e9) est vite intervenue.\u00a0\u00bb Certains t\u00e9moins rapportent des fouilles op\u00e9r\u00e9es sur de jeunes suspects, mais selon nos informations, aucune interpellation n\u2019a \u00e9t\u00e9 men\u00e9e \u00e0 ce stade. \u00ab\u00a0Le ou les auteurs des faits ont pris la fuite\u00a0\u00bb, confie une source proche du dossier, affirmant par ailleurs qu\u2019une enqu\u00eate a \u00e9t\u00e9 ouverte afin de le(s) retrouver.<\/p>\n<p>  Du narcotrafic dans le parking de l\u2019immeuble\u00a0?<\/p>\n<p>En attendant, les habitants vivent \u00ab\u00a0parqu\u00e9s\u00a0\u00bb chez eux, glisse Dominique. \u00ab\u00a0Depuis 3 ou 4 ans, nous constatons quotidiennement la pr\u00e9sence de petits bouts de cartons pli\u00e9s afin de maintenir la porte d\u2019entr\u00e9e ouverte. Nous avons demand\u00e9 au bailleur (Grand Lyon habitat, N.D.L.R.) de faire quelque chose, par exemple de remplacer cette ouverture par une porte aimant\u00e9e, mais rien ne bouge\u00a0\u00bb, regrette-t-elle.<\/p>\n<p>La rumeur \u00e9voque la pr\u00e9sence d\u2019un trafic de stup\u00e9fiants auquel se livreraient des personnes \u00e9trang\u00e8res \u00e0 l\u2019habitation, dans les parkings de l\u2019immeuble. \u00ab\u00a0C\u2019est possible, r\u00e9torque Dominique en s\u2019enfon\u00e7ant dans son sofa, de toute \u00e9vidence mal \u00e0 l\u2019aise. Ou alors il s\u2019agit d\u2019un fou qui a en sa possession une arme \u00e0 feu\u2026\u00a0\u00bb Quelle que soit la r\u00e9ponse, cette derni\u00e8re entend bien rester confin\u00e9e dans son habitation, le temps que la qui\u00e9tude regagne les lieux.<\/p>\n<p class=\"note\">*Le pr\u00e9nom a \u00e9t\u00e9 chang\u00e9<\/p>\n","protected":false},"excerpt":{"rendered":"\u00ab\u00a0Je n\u2019avais jamais entendu un coup de feu de ma vie, t\u00e9moigne Dominique* \u00e0 voix basse, de peur&hellip;\n","protected":false},"author":2,"featured_media":623807,"comment_status":"","ping_status":"","sticky":false,"template":"","format":"standard","meta":{"footnotes":""},"categories":[1889],"tags":[1111,11,2430,271,272,2757,1777,674,274,107,1011,27,2428,12354,12353,12,25,2429],"class_list":{"0":"post-623806","1":"post","2":"type-post","3":"status-publish","4":"format-standard","5":"has-post-thumbnail","7":"category-lyon","8":"tag-actu","9":"tag-actualites","10":"tag-auvergne-rhone-alpes","11":"tag-crime","12":"tag-delit-et-contravention","13":"tag-edition-lyon-villeurbanne","14":"tag-eu","15":"tag-europe","16":"tag-faits-divers-justice","17":"tag-fil-info","18":"tag-fr","19":"tag-france","20":"tag-lyon","21":"tag-lyon-2e","22":"tag-lyon-2e-arrondissement","23":"tag-news","24":"tag-republique-francaise","25":"tag-rhone"},"share_on_mastodon":{"url":"https:\/\/pubeurope.com\/@fr\/115787386398588476","error":""},"_links":{"self":[{"href":"https:\/\/www.europesays.com\/fr\/wp-json\/wp\/v2\/posts\/623806","targetHints":{"allow":["GET"]}}],"collection":[{"href":"https:\/\/www.europesays.com\/fr\/wp-json\/wp\/v2\/posts"}],"about":[{"href":"https:\/\/www.europesays.com\/fr\/wp-json\/wp\/v2\/types\/post"}],"author":[{"embeddable":true,"href":"https:\/\/www.europesays.com\/fr\/wp-json\/wp\/v2\/users\/2"}],"replies":[{"embeddable":true,"href":"https:\/\/www.europesays.com\/fr\/wp-json\/wp\/v2\/comments?post=623806"}],"version-history":[{"count":0,"href":"https:\/\/www.europesays.com\/fr\/wp-json\/wp\/v2\/posts\/623806\/revisions"}],"wp:featuredmedia":[{"embeddable":true,"href":"https:\/\/www.europesays.com\/fr\/wp-json\/wp\/v2\/media\/623807"}],"wp:attachment":[{"href":"https:\/\/www.europesays.com\/fr\/wp-json\/wp\/v2\/media?parent=623806"}],"wp:term":[{"taxonomy":"category","embeddable":true,"href":"https:\/\/www.europesays.com\/fr\/wp-json\/wp\/v2\/categories?post=623806"},{"taxonomy":"post_tag","embeddable":true,"href":"https:\/\/www.europesays.com\/fr\/wp-json\/wp\/v2\/tags?post=623806"}],"curies":[{"name":"wp","href":"https:\/\/api.w.org\/{rel}","templated":true}]}}