{"id":623812,"date":"2025-12-26T18:57:13","date_gmt":"2025-12-26T18:57:13","guid":{"rendered":"https:\/\/www.europesays.com\/fr\/623812\/"},"modified":"2025-12-26T18:57:13","modified_gmt":"2025-12-26T18:57:13","slug":"paris-un-homme-poignarde-trois-femmes-dans-le-metro-actualites","status":"publish","type":"post","link":"https:\/\/www.europesays.com\/fr\/623812\/","title":{"rendered":"Paris : un homme poignarde trois femmes dans le m\u00e9tro : Actualit\u00e9s"},"content":{"rendered":"<p class=\"lead \"><strong>Dans l\u2019apr\u00e8s-midi du vendredi 26 d\u00e9cembre, trois femmes ont \u00e9t\u00e9 poignard\u00e9es par un homme \u00e0 trois stations diff\u00e9rentes sur la ligne 3 du m\u00e9tro. La gravit\u00e9 et l\u2019\u00e9tendue de leurs blessures n\u2019ont pas encore \u00e9t\u00e9 r\u00e9v\u00e9l\u00e9es. Apr\u00e8s avoir pris la fuite, le suspect a finalement \u00e9t\u00e9 interpell\u00e9 \u00e0 son domicile.<\/strong><\/p>\n<p class=\"lead \"><a href=\"https:\/\/actu.orange.fr\/societe\/fait-divers\/paris-un-conducteur-de-metro-en-urgence-absolue-apres-avoir-ete-poignarde-magic-CNT000002maFxo.html\" target=\"_blank\" rel=\"noopener\">Un homme a poignard\u00e9 au couteau trois femmes<\/a>, dans l\u2019apr\u00e8s-midi du 26 d\u00e9cembre, sur la ligne 3 du m\u00e9tro qui relie Bagnolet (Seine-Saint-Denis) \u00e0 Levallois-Perret (Hauts-de-Seine), ont indiqu\u00e9 des sources polici\u00e8res au <a href=\"https:\/\/www.leparisien.fr\/faits-divers\/paris-trois-femmes-poignardees-dans-le-metro-par-un-homme-26-12-2025-6SINKZU5ZNDAJNV5OBXLQJIMWE.php\" target=\"_blank\" rel=\"noopener\">Parisien<\/a>. Les faits se sont pr\u00e9cis\u00e9ment d\u00e9roul\u00e9s entre 16h15 et 16h45. L\u2019individu a commenc\u00e9 son p\u00e9riple \u00e0 la station R\u00e9publique, avant de poursuivre \u00e0 la station Arts et M\u00e9tiers puis \u00e0 Op\u00e9ra.<\/p>\n<p class=\"lead \">Rapidement prises en charge par les pompiers, les victimes sont l\u00e9g\u00e8rement bless\u00e9es, notamment au dos et \u00e0 la cuisse pour deux d\u2019entre elles. \u201cLa jeune femme a \u00e9t\u00e9 bless\u00e9e au niveau de la cuisse, t\u00e9moigne une femme pr\u00e9sente \u00e0 la station R\u00e9publique au moment de l\u2019agression, il y avait quand m\u00eame beaucoup de sang, c\u2019\u00e9tait une bonne entaille\u201d, pr\u00e9cise une source polici\u00e8re au quotidien.<\/p>\n<p class=\"lead \"><strong> Le suspect interpell\u00e9 \u00e0 son domicile<\/strong><\/p>\n<p class=\"lead \">Apr\u00e8s avoir pris la fuite par le biais de la ligne 8 du m\u00e9tro, le suspect, d\u2019origine malienne et n\u00e9 en 2000, a finalement \u00e9t\u00e9 interpell\u00e9 \u00e0 son domicile, situ\u00e9 \u00e0 Sarcelles (Val-d\u2019Oise). Selon nos informations, le suspect a ensuite pris la fuite via la ligne 8 du m\u00e9tro. Il a finalement \u00e9t\u00e9 interpell\u00e9 chez lui, \u00e0 Sarcelles (Val-d\u2019Oise), gr\u00e2ce aux images de vid\u00e9osurveillance qui ont permis de l\u2019identifier. Ce dernier est d\u00e9j\u00e0 connu des services de police, notamment pour des faits d\u2019atteinte aux biens, a rapport\u00e9 le parquet de Paris au <a href=\"https:\/\/www.lefigaro.fr\/faits-divers\/trois-femmes-blessees-a-l-arme-blanche-dans-le-metro-parisien-l-agresseur-aurait-ete-interpelle-a-sarcelles-20251226\" target=\"_blank\" rel=\"noopener\">Figaro<\/a>.<\/p>\n<p class=\"lead \">Pour l\u2019heure, la piste terroriste a \u00e9t\u00e9 r\u00e9fut\u00e9e par les autorit\u00e9s qui privil\u00e9gient l\u2019acte d\u2019une personne fragile psychologiquement. Le ministre des Transports, Philippe Tabarot, a indiqu\u00e9, sur son compte X, que \u00ab\u00a0les investigations se poursuivent afin d\u2019\u00e9tablir les circonstances exactes et motivations de ces agressions\u00a0\u00bb.<\/p>\n<p class=\"lead \">Pour s\u00e9curiser la ligne, des \u00e9quipes de s\u00e9curit\u00e9 ont \u00e9t\u00e9 d\u00e9ploy\u00e9es en renfort et la cellule d\u2019assistance aux victimes de la RATP a \u00e9t\u00e9 d\u00e9clench\u00e9e afin d\u2019apporter son soutien aux victimes.<\/p>\n<p class=\"small font-weight-bold text-gray3 \"> publi\u00e9 le 26 d\u00e9cembre \u00e0 19h51, S\u00e9bastien Salpietro, 6Medias<\/p>\n<p>                             Partager<\/p>\n","protected":false},"excerpt":{"rendered":"Dans l\u2019apr\u00e8s-midi du vendredi 26 d\u00e9cembre, trois femmes ont \u00e9t\u00e9 poignard\u00e9es par un homme \u00e0 trois stations diff\u00e9rentes&hellip;\n","protected":false},"author":2,"featured_media":623813,"comment_status":"","ping_status":"","sticky":false,"template":"","format":"standard","meta":{"footnotes":""},"categories":[1888],"tags":[1111,1928,11,1927,1777,674,1011,27,12,1926,626,1925,25],"class_list":{"0":"post-623812","1":"post","2":"type-post","3":"status-publish","4":"format-standard","5":"has-post-thumbnail","7":"category-paris","8":"tag-actu","9":"tag-actu-paris","10":"tag-actualites","11":"tag-actualites-paris","12":"tag-eu","13":"tag-europe","14":"tag-fr","15":"tag-france","16":"tag-news","17":"tag-news-paris","18":"tag-paris","19":"tag-paris-news","20":"tag-republique-francaise"},"share_on_mastodon":{"url":"https:\/\/pubeurope.com\/@fr\/115787402065905249","error":""},"_links":{"self":[{"href":"https:\/\/www.europesays.com\/fr\/wp-json\/wp\/v2\/posts\/623812","targetHints":{"allow":["GET"]}}],"collection":[{"href":"https:\/\/www.europesays.com\/fr\/wp-json\/wp\/v2\/posts"}],"about":[{"href":"https:\/\/www.europesays.com\/fr\/wp-json\/wp\/v2\/types\/post"}],"author":[{"embeddable":true,"href":"https:\/\/www.europesays.com\/fr\/wp-json\/wp\/v2\/users\/2"}],"replies":[{"embeddable":true,"href":"https:\/\/www.europesays.com\/fr\/wp-json\/wp\/v2\/comments?post=623812"}],"version-history":[{"count":0,"href":"https:\/\/www.europesays.com\/fr\/wp-json\/wp\/v2\/posts\/623812\/revisions"}],"wp:featuredmedia":[{"embeddable":true,"href":"https:\/\/www.europesays.com\/fr\/wp-json\/wp\/v2\/media\/623813"}],"wp:attachment":[{"href":"https:\/\/www.europesays.com\/fr\/wp-json\/wp\/v2\/media?parent=623812"}],"wp:term":[{"taxonomy":"category","embeddable":true,"href":"https:\/\/www.europesays.com\/fr\/wp-json\/wp\/v2\/categories?post=623812"},{"taxonomy":"post_tag","embeddable":true,"href":"https:\/\/www.europesays.com\/fr\/wp-json\/wp\/v2\/tags?post=623812"}],"curies":[{"name":"wp","href":"https:\/\/api.w.org\/{rel}","templated":true}]}}