{"id":623814,"date":"2025-12-26T18:58:19","date_gmt":"2025-12-26T18:58:19","guid":{"rendered":"https:\/\/www.europesays.com\/fr\/623814\/"},"modified":"2025-12-26T18:58:19","modified_gmt":"2025-12-26T18:58:19","slug":"paris-trois-femmes-blessees-a-larme-blanche-dans-le-metro-lagresseur-presume-a-ete-interpelle","status":"publish","type":"post","link":"https:\/\/www.europesays.com\/fr\/623814\/","title":{"rendered":"Paris : trois femmes bless\u00e9es \u00e0 l&rsquo;arme blanche dans le m\u00e9tro, l&rsquo;agresseur pr\u00e9sum\u00e9 a \u00e9t\u00e9 interpell\u00e9"},"content":{"rendered":"<p class=\"mb-4 text-lg md:leading-8 break-words\">Trois femmes ont \u00e9t\u00e9 bless\u00e9es \u00e0 l&rsquo;arme blanche dans le m\u00e9tro parisien vendredi 26 d\u00e9cembre. L&rsquo;auteur pr\u00e9sum\u00e9 de l&rsquo;agression a \u00e9t\u00e9 interpell\u00e9, a annonc\u00e9 le parquet.<\/p>\n<p class=\"mb-4 text-lg md:leading-8 break-words\">Vers 16 h, un homme a \u00ab\u00a0agress\u00e9 au couteau trois femmes sur la ligne 3 du m\u00e9tro, successivement aux stations R\u00e9publique, Arts et M\u00e9tiers et Op\u00e9ra\u00a0\u00bb, a expliqu\u00e9 le procureur.<\/p>\n<p class=\"mb-4 text-lg md:leading-8 break-words\">Il a pu \u00eatre identifi\u00e9 \u00ab\u00a0gr\u00e2ce aux images de vid\u00e9osurveillance\u00a0\u00bb : \u00ab\u00a0La mise en \u0153uvre de la g\u00e9olocalisation de son t\u00e9l\u00e9phone portable a permis son interpellation en fin d&rsquo;apr\u00e8s-midi dans le Val d&rsquo;Oise [en r\u00e9gion parisienne, NDLR]\u00a0\u00bb, a pr\u00e9cis\u00e9 la m\u00eame source.<\/p>\n<p class=\"mb-4 text-lg md:leading-8 break-words\">Un journaliste de l&rsquo;AFP a vu sur un quai de la ligne 3 \u00e0 la station R\u00e9publique une femme prise en charge par une \u00e9quipe de s\u00e9curit\u00e9. Elle \u00e9tait bless\u00e9e \u00e0 la jambe et visiblement choqu\u00e9e.<\/p>\n<p class=\"mb-4 text-lg md:leading-8 break-words\">Le parquet n&rsquo;\u00e9tait pas en mesure de pr\u00e9ciser dans l&rsquo;imm\u00e9diat l&rsquo;\u00e9tat des blessures des victimes.<\/p>\n<p>\u00ab\u00a0Vigilance maximale\u00a0\u00bb<\/p>\n<p class=\"mb-4 text-lg md:leading-8 break-words\">\u00ab\u00a0Les victimes ont \u00e9t\u00e9 rapidement prises en charge par les pompiers. La police s&rsquo;est rendue sur place. Des \u00e9quipes de s\u00e9curit\u00e9 ont \u00e9t\u00e9 d\u00e9ploy\u00e9es en renfort pour s\u00e9curiser la ligne\u00a0\u00bb, ajoute la RATP.<\/p>\n<p class=\"mb-4 text-lg md:leading-8 break-words\">Le ministre de l&rsquo;Int\u00e9rieur Laurent Nu\u00f1ez avait appel\u00e9 la semaine pass\u00e9e les pr\u00e9fets et responsables de la s\u00e9curit\u00e9 \u00e0 \u00ab\u00a0une vigilance maximale\u00a0\u00bb \u00e0 l&rsquo;approche des festivit\u00e9s du Nouvel an, selon un t\u00e9l\u00e9gramme dont l&rsquo;AFP a eu connaissance.<\/p>\n<p class=\"mb-4 text-lg md:leading-8 break-words\">En raison \u00ab\u00a0du niveau tr\u00e8s \u00e9lev\u00e9 de la menace terroriste\u00a0\u00bb et \u00ab\u00a0des risques de troubles \u00e0 l&rsquo;ordre public\u00a0\u00bb, le ministre a demand\u00e9 aux responsables locaux de \u00ab\u00a0renforcer les dispositifs de s\u00e9curit\u00e9 sur l&rsquo;ensemble du territoire\u00a0\u00bb en mettant en place \u00ab\u00a0une pr\u00e9sence visible et dissuasive\u00a0\u00bb.<\/p>\n<p class=\"mb-4 text-lg md:leading-8 break-words\">Il avait notamment souhait\u00e9 qu'\u00a0\u00bbune attention sp\u00e9cifique\u00a0\u00bb soit port\u00e9e \u00ab\u00a0aux transports en commun\u00a0\u00bb.<\/p>\n<p class=\"mb-4 text-lg md:leading-8 break-words\">Avec AFP<\/p>\n","protected":false},"excerpt":{"rendered":"Trois femmes ont \u00e9t\u00e9 bless\u00e9es \u00e0 l&rsquo;arme blanche dans le m\u00e9tro parisien vendredi 26 d\u00e9cembre. L&rsquo;auteur pr\u00e9sum\u00e9 de&hellip;\n","protected":false},"author":2,"featured_media":623815,"comment_status":"","ping_status":"","sticky":false,"template":"","format":"standard","meta":{"footnotes":""},"categories":[1888],"tags":[1111,1928,11,1927,2883,1777,674,1011,27,73310,11757,70271,12,1926,626,1925,66567,25],"class_list":{"0":"post-623814","1":"post","2":"type-post","3":"status-publish","4":"format-standard","5":"has-post-thumbnail","7":"category-paris","8":"tag-actu","9":"tag-actu-paris","10":"tag-actualites","11":"tag-actualites-paris","12":"tag-ete","13":"tag-eu","14":"tag-europe","15":"tag-fr","16":"tag-france","17":"tag-l39arme-blanche","18":"tag-le-metro-parisien","19":"tag-ministre-de-l39interieur","20":"tag-news","21":"tag-news-paris","22":"tag-paris","23":"tag-paris-news","24":"tag-prises-en-charge","25":"tag-republique-francaise"},"share_on_mastodon":{"url":"https:\/\/pubeurope.com\/@fr\/115787405918457054","error":""},"_links":{"self":[{"href":"https:\/\/www.europesays.com\/fr\/wp-json\/wp\/v2\/posts\/623814","targetHints":{"allow":["GET"]}}],"collection":[{"href":"https:\/\/www.europesays.com\/fr\/wp-json\/wp\/v2\/posts"}],"about":[{"href":"https:\/\/www.europesays.com\/fr\/wp-json\/wp\/v2\/types\/post"}],"author":[{"embeddable":true,"href":"https:\/\/www.europesays.com\/fr\/wp-json\/wp\/v2\/users\/2"}],"replies":[{"embeddable":true,"href":"https:\/\/www.europesays.com\/fr\/wp-json\/wp\/v2\/comments?post=623814"}],"version-history":[{"count":0,"href":"https:\/\/www.europesays.com\/fr\/wp-json\/wp\/v2\/posts\/623814\/revisions"}],"wp:featuredmedia":[{"embeddable":true,"href":"https:\/\/www.europesays.com\/fr\/wp-json\/wp\/v2\/media\/623815"}],"wp:attachment":[{"href":"https:\/\/www.europesays.com\/fr\/wp-json\/wp\/v2\/media?parent=623814"}],"wp:term":[{"taxonomy":"category","embeddable":true,"href":"https:\/\/www.europesays.com\/fr\/wp-json\/wp\/v2\/categories?post=623814"},{"taxonomy":"post_tag","embeddable":true,"href":"https:\/\/www.europesays.com\/fr\/wp-json\/wp\/v2\/tags?post=623814"}],"curies":[{"name":"wp","href":"https:\/\/api.w.org\/{rel}","templated":true}]}}