{"id":623819,"date":"2025-12-26T19:03:21","date_gmt":"2025-12-26T19:03:21","guid":{"rendered":"https:\/\/www.europesays.com\/fr\/623819\/"},"modified":"2025-12-26T19:03:21","modified_gmt":"2025-12-26T19:03:21","slug":"guerre-en-ukraine-rencontre-trump-zelensky-dimanche-alors-que-la-russie-accuse-kiev-de-torpiller-les-negociations","status":"publish","type":"post","link":"https:\/\/www.europesays.com\/fr\/623819\/","title":{"rendered":"Guerre en Ukraine : Rencontre Trump-Zelensky dimanche alors que la Russie accuse Kiev de \u00ab torpiller \u00bb les n\u00e9gociations"},"content":{"rendered":"<p class=\"mb-4 text-lg md:leading-8 break-words\"><strong>R\u00e9cap &#8211; \u00ab\u00a020 Minutes\u00a0\u00bb fait le point pour vous tous les soirs sur le conflit en Ukraine. Ce vendredi 26\u00a0d\u00e9cembre, Volodymyr Zelensky annonce qu\u2019il va rencontrer Donald Trump en Floride<\/strong><\/p>\n<p class=\"mb-4 text-lg md:leading-8 break-words\">Vous avez rat\u00e9 les derniers \u00e9v\u00e9nements sur la <a href=\"https:\/\/www.20minutes.fr\/monde\/ukraine\/?at_medium=RSS%20feed&amp;at_campaign=ynews&amp;utm_source=yahoo&amp;utm_medium=rss&amp;utm_campaign=news_feed&amp;utm_content=in_article_link\" rel=\"nofollow noopener\" target=\"_blank\" data-ylk=\"slk:guerre en Ukraine;elm:context_link;itc:0;sec:content-canvas\" class=\"link \">guerre en Ukraine<\/a>\u00a0? 20 Minutes fait le point pour vous tous les soirs. Voici l\u2019essentiel de ce vendredi 26\u00a0d\u00e9cembre, au 1.402e jour du conflit.<\/p>\n<p>Le fait du jour<\/p>\n<p class=\"mb-4 text-lg md:leading-8 break-words\">Le pr\u00e9sident ukrainien <a href=\"https:\/\/www.20minutes.fr\/monde\/volodymyr-zelensky\/?at_medium=RSS%20feed&amp;at_campaign=ynews&amp;utm_source=yahoo&amp;utm_medium=rss&amp;utm_campaign=news_feed&amp;utm_content=in_article_link\" rel=\"nofollow noopener\" target=\"_blank\" data-ylk=\"slk:Volodymyr Zelensky;elm:context_link;itc:0;sec:content-canvas\" class=\"link \">Volodymyr Zelensky<\/a> doit rencontrer dimanche en Floride son homologue am\u00e9ricain <a href=\"https:\/\/www.20minutes.fr\/dossier\/donald_trump?at_medium=RSS%20feed&amp;at_campaign=ynews&amp;utm_source=yahoo&amp;utm_medium=rss&amp;utm_campaign=news_feed&amp;utm_content=in_article_link\" rel=\"nofollow noopener\" target=\"_blank\" data-ylk=\"slk:Donald Trump;elm:context_link;itc:0;sec:content-canvas\" class=\"link \">Donald Trump<\/a> pour \u00e9voquer la question sensible des territoires, dans le cadre des n\u00e9gociations pour mettre fin \u00e0 la guerre avec la <a href=\"https:\/\/www.20minutes.fr\/monde\/russie\/?at_medium=RSS%20feed&amp;at_campaign=ynews&amp;utm_source=yahoo&amp;utm_medium=rss&amp;utm_campaign=news_feed&amp;utm_content=in_article_link\" rel=\"nofollow noopener\" target=\"_blank\" data-ylk=\"slk:Russie;elm:context_link;itc:0;sec:content-canvas\" class=\"link \">Russie<\/a>. Mercredi, Volodymyr Zelensky avait d\u00e9voil\u00e9 les d\u00e9tails de la nouvelle mouture du plan am\u00e9ricain en vingt points, visant \u00e0 mettre fin au conflit.<\/p>\n<p class=\"mb-4 text-lg md:leading-8 break-words\">Retravaill\u00e9 apr\u00e8s des pourparlers avec l\u2019Ukraine, ce document pr\u00e9voit un gel de l\u2019actuelle ligne de front sans offrir de solution imm\u00e9diate concernant les revendications territoriales de la Russie, qui occupe plus de 19\u00a0% de l\u2019Ukraine. Le pr\u00e9sident ukrainien avait dit vouloir discuter de ce sujet en face-\u00e0-face avec le pr\u00e9sident Trump.<\/p>\n<p class=\"mb-4 text-lg md:leading-8 break-words\">Selon lui, cette r\u00e9union portera sur les \u00ab\u00a0questions sensibles\u00a0\u00bb que sont le sort du <a href=\"https:\/\/www.20minutes.fr\/monde\/donbass\/?at_medium=RSS%20feed&amp;at_campaign=ynews&amp;utm_source=yahoo&amp;utm_medium=rss&amp;utm_campaign=news_feed&amp;utm_content=in_article_link\" rel=\"nofollow noopener\" target=\"_blank\" data-ylk=\"slk:Donbass;elm:context_link;itc:0;sec:content-canvas\" class=\"link \">Donbass<\/a>, une r\u00e9gion industrielle et mini\u00e8re de l\u2019est l\u2019Ukraine que Moscou revendique, et celui de la centrale nucl\u00e9aire de Zaporijjia occup\u00e9e par les soldats russes, dans le Sud. Les deux hommes \u00e9voqueront aussi les garanties de s\u00e9curit\u00e9 que les Occidentaux pourraient fournir \u00e0 l\u2019Ukraine dans le cadre d\u2019un \u00e9ventuel accord de paix avec la Russie, a-t-il poursuivi.<\/p>\n<p>La d\u00e9claration du jour<\/p>\n<p class=\"mb-4 text-lg md:leading-8 break-words\">Il n\u2019y a pas eu d\u2019\u00e9change entre Emmanuel Macron et Vladimir Poutine, il n\u2019y a pas pour l\u2019insta(&#8230;)<\/p>\n<p class=\"mb-4 text-lg md:leading-8 break-words\"><a href=\"https:\/\/www.20minutes.fr\/monde\/ukraine\/4193304-20251226-guerre-ukraine-rencontre-trump-zelensky-dimanche-alors-russie-accuse-kiev-torpiller-negociations?at_medium=RSS%20feed&amp;at_campaign=ynews&amp;utm_source=yahoo&amp;utm_medium=rss&amp;utm_campaign=news_feed&amp;utm_content=read_more_link&quot;\" rel=\"nofollow noopener\" target=\"_blank\" data-ylk=\"slk:Lire la suite sur 20minutes;elm:context_link;itc:0;sec:content-canvas\" class=\"link \">Lire la suite sur 20minutes<\/a><\/p>\n<p>\u00c0 lire aussi :<br \/><a href=\"https:\/\/www.20minutes.fr\/monde\/ukraine\/4193177-20251224-guerre-ukraine-nouveau-plan-americain-questions-territoriales-suspens?at_medium=RSS%20feed&amp;at_campaign=ynews&amp;utm_source=yahoo&amp;utm_medium=rss&amp;utm_campaign=news_feed&amp;utm_content=related_content_link\" rel=\"nofollow noopener\" target=\"_blank\" data-ylk=\"slk:Guerre en Ukraine\u00a0: Nouveau plan am\u00e9ricain et questions territoriales en suspens;elm:context_link;itc:0;sec:content-canvas\" class=\"link \">Guerre en Ukraine\u00a0: Nouveau plan am\u00e9ricain et questions territoriales en suspens<\/a><br \/><a href=\"https:\/\/www.20minutes.fr\/monde\/ukraine\/4193209-20251225-guerre-ukraine-negociations-message-pape-jour-noel?at_medium=RSS%20feed&amp;at_campaign=ynews&amp;utm_source=yahoo&amp;utm_medium=rss&amp;utm_campaign=news_feed&amp;utm_content=related_content_link\" rel=\"nofollow noopener\" target=\"_blank\" data-ylk=\"slk:Guerre en Ukraine\u00a0: N\u00e9gociations et message du pape pour le jour de No\u00ebl;elm:context_link;itc:0;sec:content-canvas\" class=\"link \">Guerre en Ukraine\u00a0: N\u00e9gociations et message du pape pour le jour de No\u00ebl<\/a><\/p>\n","protected":false},"excerpt":{"rendered":"R\u00e9cap &#8211; \u00ab\u00a020 Minutes\u00a0\u00bb fait le point pour vous tous les soirs sur le conflit en Ukraine. Ce&hellip;\n","protected":false},"author":2,"featured_media":623820,"comment_status":"","ping_status":"","sticky":false,"template":"","format":"standard","meta":{"footnotes":""},"categories":[1591],"tags":[11,75,1887,5493,12,41580,1885,1886,132,220,134],"class_list":{"0":"post-623819","1":"post","2":"type-post","3":"status-publish","4":"format-standard","5":"has-post-thumbnail","7":"category-russie","8":"tag-actualites","9":"tag-donald-trump","10":"tag-federation-de-russie","11":"tag-lukraine","12":"tag-news","13":"tag-president-trump","14":"tag-russia","15":"tag-russian-federation","16":"tag-russie","17":"tag-ukraine","18":"tag-volodymyr-zelensky"},"share_on_mastodon":{"url":"https:\/\/pubeurope.com\/@fr\/115787425682995237","error":""},"_links":{"self":[{"href":"https:\/\/www.europesays.com\/fr\/wp-json\/wp\/v2\/posts\/623819","targetHints":{"allow":["GET"]}}],"collection":[{"href":"https:\/\/www.europesays.com\/fr\/wp-json\/wp\/v2\/posts"}],"about":[{"href":"https:\/\/www.europesays.com\/fr\/wp-json\/wp\/v2\/types\/post"}],"author":[{"embeddable":true,"href":"https:\/\/www.europesays.com\/fr\/wp-json\/wp\/v2\/users\/2"}],"replies":[{"embeddable":true,"href":"https:\/\/www.europesays.com\/fr\/wp-json\/wp\/v2\/comments?post=623819"}],"version-history":[{"count":0,"href":"https:\/\/www.europesays.com\/fr\/wp-json\/wp\/v2\/posts\/623819\/revisions"}],"wp:featuredmedia":[{"embeddable":true,"href":"https:\/\/www.europesays.com\/fr\/wp-json\/wp\/v2\/media\/623820"}],"wp:attachment":[{"href":"https:\/\/www.europesays.com\/fr\/wp-json\/wp\/v2\/media?parent=623819"}],"wp:term":[{"taxonomy":"category","embeddable":true,"href":"https:\/\/www.europesays.com\/fr\/wp-json\/wp\/v2\/categories?post=623819"},{"taxonomy":"post_tag","embeddable":true,"href":"https:\/\/www.europesays.com\/fr\/wp-json\/wp\/v2\/tags?post=623819"}],"curies":[{"name":"wp","href":"https:\/\/api.w.org\/{rel}","templated":true}]}}