{"id":623821,"date":"2025-12-26T19:04:12","date_gmt":"2025-12-26T19:04:12","guid":{"rendered":"https:\/\/www.europesays.com\/fr\/623821\/"},"modified":"2025-12-26T19:04:12","modified_gmt":"2025-12-26T19:04:12","slug":"quil-perisse-pouvons-nous-penser-declare-zelensky-dans-son-message-de-noel-en-reference-a-poutine","status":"publish","type":"post","link":"https:\/\/www.europesays.com\/fr\/623821\/","title":{"rendered":"\u00ab\u201cQu\u2019il p\u00e9risse\u201d, pouvons-nous penser\u00bb, d\u00e9clare Zelensky dans son message de No\u00ebl en r\u00e9f\u00e9rence \u00e0 Poutine"},"content":{"rendered":"<p>\n    \u00abNous demandons la paix pour l\u2019Ukraine. Nous nous battons pour elle. Nous prions pour elle. Et nous la m\u00e9ritons\u00bb, a \u00e9galement soulign\u00e9 le pr\u00e9sident ukrainien.<\/p>\n<p class=\"fig-paragraph\">Lors d\u2019un message t\u00e9l\u00e9vis\u00e9 pour No\u00ebl mercredi soir,\u00a0<a href=\"http:\/\/www.lefigaro.fr\/international\/a-berlin-volodymyr-zelensky-tente-d-inflechir-le-plan-russo-trumpien-20251215\" data-fig-type=\"Article\" data-gtm-custom-categorie=\"navigation\" data-gtm-custom-action=\"crossclick\" data-gtm-custom-label=\"Contextuel\" data-gtm-event=\"customEventSPE\" data-fig-domain=\"LEFIGARO\" target=\"_blank\" rel=\"noopener\">Volodymyr Zelensky<\/a>\u00a0a paru exprimer le souhait de voir dispara\u00eetre, sans le nommer, son alter ego russe\u00a0<a href=\"http:\/\/www.lefigaro.fr\/international\/pourquoi-emmanuel-macron-envisage-de-reparler-a-poutine-20251221\" data-fig-type=\"Article\" data-gtm-custom-categorie=\"navigation\" data-gtm-custom-action=\"crossclick\" data-gtm-custom-label=\"Contextuel\" data-gtm-event=\"customEventSPE\" data-fig-domain=\"LEFIGARO\" target=\"_blank\" rel=\"noopener\">Vladimir Poutine<\/a>\u00a0: \u00ab Aujourd\u2019hui, nous partageons tous un r\u00eave. Et nous formulons un seul v\u0153u. \u201cQu\u2019il p\u00e9risse\u201d, pouvons-nous tous penser\u00bb , d\u00e9taille\u00a0<a href=\"https:\/\/kyivindependent.com\/may-he-perish-zelensky-voices-ukrainians-wish-in-his-christmas-eve-address\/?utm_source=chatgpt.com\" target=\"_blank\" rel=\"sponsored noopener\" data-gtm-custom-categorie=\"navigation\" data-gtm-custom-action=\"crossclick\" data-gtm-custom-label=\"Contextuel\" data-gtm-event=\"customEventSPE\">The Kyiv Independant<\/a>.<\/p>\n<p class=\"fig-paragraph\">Le pr\u00e9sident ukrainien a ajout\u00e9\u00a0: \u00abMais lorsque nous nous tournons vers Dieu, bien s\u00fbr, nous demandons quelque chose de plus grand. Nous demandons\u00a0<a href=\"http:\/\/www.lefigaro.fr\/vox\/monde\/l-editorial-de-philippe-gelie-en-ukraine-noel-sans-espoir-de-paix-20251223\" data-fig-type=\"Article\" data-gtm-custom-categorie=\"navigation\" data-gtm-custom-action=\"crossclick\" data-gtm-custom-label=\"Contextuel\" data-gtm-event=\"customEventSPE\" data-fig-domain=\"LEFIGARO\" target=\"_blank\" rel=\"noopener\">la paix pour l\u2019Ukraine<\/a> . Nous nous battons pour elle. Et nous prions pour elle. Et nous la m\u00e9ritons.\u00a0\u00bb Comme le relate l\u2019agence nationale d\u2019information ukrainienne\u00a0<a href=\"https:\/\/www.ukrinform.net\/rubric-society\/4073173-zelenskys-christmas-message-to-ukrainians-russia-cant-occupy-our-unity.html\" target=\"_blank\" rel=\"sponsored noopener\" data-gtm-custom-categorie=\"navigation\" data-gtm-custom-action=\"crossclick\" data-gtm-custom-label=\"Contextuel\" data-gtm-event=\"customEventSPE\">Ukrinform<\/a>, Volodymyr Zelensky a \u00e9galement soulign\u00e9 le fait que, malgr\u00e9 les souffrances inflig\u00e9es par\u00a0<a href=\"http:\/\/www.lefigaro.fr\/international\/en-russie-ces-veuves-noires-qui-epousent-des-soldats-combattant-en-ukraine-pour-toucher-leurs-indemnites-20251224\" data-fig-type=\"Article\" data-gtm-custom-categorie=\"navigation\" data-gtm-custom-action=\"crossclick\" data-gtm-custom-label=\"Contextuel\" data-gtm-event=\"customEventSPE\" data-fig-domain=\"LEFIGARO\" target=\"_blank\" rel=\"noopener\">la Russie<\/a>, celle-ci \u00e9tait incapable d\u2019occuper ce qui comptait le plus pour l\u2019Ukraine\u00a0: son unit\u00e9.<\/p>\n<p>                                            <a class=\"fig-a11y-skip\" href=\"#fig-a11y-skip-main-inarticle\" data-module=\"a11y-skip\" data-context=\"was @visible\"><br \/>\n    Passer la publicit\u00e9<br \/>\n<\/a>            <\/p>\n<p class=\"fig-paragraph\">\u00abNous c\u00e9l\u00e9brons No\u00ebl dans des moments difficiles. Malheureusement, nous ne sommes pas tous chez nous ce soir. Malheureusement, certains n\u2019ont plus de maison. Et malheureusement, certains ne sont pas avec nous ce soir. Mais malgr\u00e9 toutes les souffrances inflig\u00e9es par la Russie, elle est incapable d\u2019occuper ou de bombarder ce qui compte le plus\u00a0: notre c\u0153ur ukrainien, notre confiance mutuelle et notre unit\u00e9.\u00bb.<\/p>\n<p class=\"fig-body-link\">\n            \u00c0 lire aussi<br \/>\n        <a class=\"fig-body-link__link fig-premium-mark\" href=\"http:\/\/www.lefigaro.fr\/international\/plan-de-paix-pour-l-ukraine-visualisez-les-positions-de-kiev-moscou-et-washington-apres-les-dernieres-annonces-20251224\" data-fig-type=\"NewsFlash\" data-gtm-custom-categorie=\"navigation\" data-gtm-custom-action=\"crossclick\" data-gtm-custom-label=\"Contextuel\" data-gtm-event=\"customEventSPE\" data-fig-domain=\"LEFIGARO\" target=\"_blank\" rel=\"noopener\"><\/p>\n<p>        Plan de paix pour l\u2019Ukraine: visualisez les positions de Kiev, Moscou et Washington apr\u00e8s les derni\u00e8res annonces<br \/>\n    <\/a>\n<\/p>\n<p>                                            <strong>Washington propose un gel du front, les questions territoriales en suspens<\/strong><\/p>\n<p class=\"fig-paragraph\">Le pr\u00e9sident ukrainien avait annonc\u00e9 mercredi avoir obtenu des \u00c9tats-Unis une r\u00e9vision de leur plan pour terminer la guerre avec la Russie,\u00a0<a href=\"http:\/\/www.lefigaro.fr\/international\/consensus-sur-les-territoires-plan-de-paix-zaporijjia-ce-qu-il-faut-retenir-de-la-prise-de-parole-de-volodymyr-zelensky-20251224\" data-fig-type=\"NewsFlash\" data-gtm-custom-categorie=\"navigation\" data-gtm-custom-action=\"crossclick\" data-gtm-custom-label=\"Contextuel\" data-gtm-event=\"customEventSPE\" data-fig-domain=\"LEFIGARO\" target=\"_blank\" rel=\"noopener\">qui pr\u00e9voit d\u00e9sormais un gel du front<\/a>\u00a0tout en laissant de c\u00f4t\u00e9 les questions territoriales et deux exigences cl\u00e9s de Moscou. Apr\u00e8s d\u2019\u00e2pres n\u00e9gociations entre Ukrainiens et Am\u00e9ricains, le plan n\u2019impose plus un retrait ukrainien de la r\u00e9gion du\u00a0<a href=\"http:\/\/www.lefigaro.fr\/international\/depuis-quatre-ans-on-nous-dit-que-ce-pourrait-etre-le-dernier-a-la-lueur-d-un-noel-dans-le-donbass-20251223\" data-fig-type=\"Article\" data-gtm-custom-categorie=\"navigation\" data-gtm-custom-action=\"crossclick\" data-gtm-custom-label=\"Contextuel\" data-gtm-event=\"customEventSPE\" data-fig-domain=\"LEFIGARO\" target=\"_blank\" rel=\"noopener\">Donbass<\/a>\u00a0ni un engagement juridique de l\u2019Ukraine qu\u2019elle n\u2019int\u00e9grera pas l\u2019Otan, deux demandes importantes de Moscou dont l\u2019accord est loin d\u2019\u00eatre acquis.<\/p>\n<p class=\"fig-paragraph\">Ce texte doit d\u00e9sormais \u00eatre \u00e9tudi\u00e9 par la Russie. Interrog\u00e9 \u00e0 ce sujet mercredi, le porte-parole du Kremlin, Dmitri Peskov, a indiqu\u00e9 que Moscou \u00e9tait en train de \u00abformuler sa position\u00bb et refus\u00e9 d\u2019en commenter les d\u00e9tails. Paris a d\u00e9clar\u00e9 mercredi soir soutenir les efforts de Washington \u00abpour ramener une paix juste et durable en Ukraine\u00bb. Tout en rappelant que cela n\u00e9cessite de doter Kiev de garanties de s\u00e9curit\u00e9 solides, ont indiqu\u00e9 \u00e0 l\u2019AFP des sources diplomatiques fran\u00e7aises.<\/p>\n","protected":false},"excerpt":{"rendered":"\u00abNous demandons la paix pour l\u2019Ukraine. Nous nous battons pour elle. Nous prions pour elle. Et nous la&hellip;\n","protected":false},"author":2,"featured_media":623822,"comment_status":"","ping_status":"","sticky":false,"template":"","format":"standard","meta":{"footnotes":""},"categories":[1590],"tags":[11,1777,674,131,12,220,135,134],"class_list":{"0":"post-623821","1":"post","2":"type-post","3":"status-publish","4":"format-standard","5":"has-post-thumbnail","7":"category-ukraine","8":"tag-actualites","9":"tag-eu","10":"tag-europe","11":"tag-guerre-en-ukraine","12":"tag-news","13":"tag-ukraine","14":"tag-vladimir-poutine","15":"tag-volodymyr-zelensky"},"share_on_mastodon":{"url":"https:\/\/pubeurope.com\/@fr\/115787429744853964","error":""},"_links":{"self":[{"href":"https:\/\/www.europesays.com\/fr\/wp-json\/wp\/v2\/posts\/623821","targetHints":{"allow":["GET"]}}],"collection":[{"href":"https:\/\/www.europesays.com\/fr\/wp-json\/wp\/v2\/posts"}],"about":[{"href":"https:\/\/www.europesays.com\/fr\/wp-json\/wp\/v2\/types\/post"}],"author":[{"embeddable":true,"href":"https:\/\/www.europesays.com\/fr\/wp-json\/wp\/v2\/users\/2"}],"replies":[{"embeddable":true,"href":"https:\/\/www.europesays.com\/fr\/wp-json\/wp\/v2\/comments?post=623821"}],"version-history":[{"count":0,"href":"https:\/\/www.europesays.com\/fr\/wp-json\/wp\/v2\/posts\/623821\/revisions"}],"wp:featuredmedia":[{"embeddable":true,"href":"https:\/\/www.europesays.com\/fr\/wp-json\/wp\/v2\/media\/623822"}],"wp:attachment":[{"href":"https:\/\/www.europesays.com\/fr\/wp-json\/wp\/v2\/media?parent=623821"}],"wp:term":[{"taxonomy":"category","embeddable":true,"href":"https:\/\/www.europesays.com\/fr\/wp-json\/wp\/v2\/categories?post=623821"},{"taxonomy":"post_tag","embeddable":true,"href":"https:\/\/www.europesays.com\/fr\/wp-json\/wp\/v2\/tags?post=623821"}],"curies":[{"name":"wp","href":"https:\/\/api.w.org\/{rel}","templated":true}]}}