{"id":623824,"date":"2025-12-26T19:06:35","date_gmt":"2025-12-26T19:06:35","guid":{"rendered":"https:\/\/www.europesays.com\/fr\/623824\/"},"modified":"2025-12-26T19:06:35","modified_gmt":"2025-12-26T19:06:35","slug":"son-geste-pour-diana-declenche-une-rupture-de-stock-mondiale","status":"publish","type":"post","link":"https:\/\/www.europesays.com\/fr\/623824\/","title":{"rendered":"son geste pour Diana d\u00e9clenche une rupture de stock mondiale !"},"content":{"rendered":"<p>Publi\u00e9 le 26 d\u00e9cembre 2025 \u00e0 17:36 par Priscillia Vitel <\/p>\n<p>\u00c0 seulement 12 ans, le prince George confirme qu\u2019il a d\u00e9j\u00e0 tout d\u2019un futur roi\u2026 et d\u2019une ic\u00f4ne. Lors d\u2019une sortie caritative \u00e9mouvante en hommage \u00e0 sa grand-m\u00e8re Lady Diana, le jeune h\u00e9ritier a conquis le public britannique \u2014 jusqu\u2019\u00e0 provoquer, sans le vouloir, une v\u00e9ritable folie mode.<\/p>\n<p>\u00c0 lire plus tardSauvegard\u00e9Suivre #Kate Middleton#Kate Middleton Suivi<\/p>\n<p class=\"first-paragraph\"><strong>Un hommage charg\u00e9 d\u2019\u00e9motion<\/strong><\/p>\n<p>Ce samedi 20 d\u00e9cembre, <strong>le prince William<\/strong> et son fils <strong>George<\/strong> ont partag\u00e9 un moment hautement symbolique \u00e0 <strong>The Passage<\/strong>, un refuge londonien pour sans-abri.<br \/>Ce lieu, tr\u00e8s cher au c\u0153ur de <a href=\"https:\/\/www.ohmymag.com\/people\/actu-people\/lady-diana-vient-enfin-dentrer-au-musee-grevin_art174489.html\" target=\"_blank\" rel=\"noopener\">Lady Diana<\/a>, avait d\u00e9j\u00e0 vu la princesse de Galles venir en aide aux plus d\u00e9munis dans les ann\u00e9es 1990, accompagn\u00e9e parfois de son fils a\u00een\u00e9, William.<\/p>\n<p>Trente ans plus tard, c\u2019est au tour de <strong>George<\/strong>, troisi\u00e8me dans l\u2019ordre de succession au tr\u00f4ne, de perp\u00e9tuer cet engagement familial.<br \/>Souriant, concentr\u00e9, il a particip\u00e9 activement \u00e0 la <strong>pr\u00e9paration du repas de No\u00ebl<\/strong>, \u00e0 la <strong>d\u00e9coration du sapin<\/strong> et \u00e0 la <strong>distribution des plats chauds<\/strong>.<br \/>Mais le moment le plus marquant de la visite a sans doute \u00e9t\u00e9 celui o\u00f9 le jeune prince a <strong>sign\u00e9 le registre des visiteurs<\/strong>, sur la m\u00eame page que son p\u00e8re et sa d\u00e9funte grand-m\u00e8re.<br \/>Une image charg\u00e9e d\u2019histoire, salu\u00e9e comme un <strong>pont entre trois g\u00e9n\u00e9rations de Windsor<\/strong> unies par le sens du devoir et la compassion.<\/p>\n<p><strong>Un look simple\u2026 devenu ph\u00e9nom\u00e8ne mondial<\/strong><\/p>\n<p>Si le geste du jeune prince a touch\u00e9 le public, c\u2019est un <strong>d\u00e9tail vestimentaire<\/strong> qui a enflamm\u00e9 les r\u00e9seaux sociaux et les boutiques en ligne.<br \/>Exit les tenues strictes des c\u00e9r\u00e9monies officielles : George avait choisi un <strong>pull rouge col camionneur<\/strong>, en laine et coton, sign\u00e9 <strong>Boden<\/strong>, une marque britannique accessible.<br \/>Prix initial : 55 euros, sold\u00e9 \u00e0 41,25 euros.<br \/>R\u00e9sultat ? En quelques heures, la pi\u00e8ce s\u2019est <strong>arrach\u00e9e dans le monde entier<\/strong>, provoquant une <strong>rupture de stock instantan\u00e9e<\/strong>.<\/p>\n<p>La presse britannique parle d\u00e9j\u00e0 d\u2019un nouvel \u201c<strong>effet George<\/strong>\u201d, digne de l\u2019\u201c<strong>effet Kate<\/strong>\u201d popularis\u00e9 par la princesse de Galles.<br \/>Sur Instagram, des centaines de parents ont salu\u00e9 son style \u201cmoderne et simple\u201d, symbole d\u2019une <strong>royaut\u00e9 plus proche des gens<\/strong>.<\/p>\n<p><strong>Un futur roi qui inspire d\u00e9j\u00e0 la mode<\/strong><\/p>\n<p>Pour <strong>Charlotte Kewley<\/strong>, styliste sp\u00e9cialis\u00e9e dans la mode enfantine, le succ\u00e8s du pull ne doit rien au hasard :<\/p>\n<blockquote><p>\u201cC\u2019est une pi\u00e8ce \u00e0 la fois \u00e9l\u00e9gante, pratique et abordable. Voir un jeune prince porter une marque accessible, c\u2019est rafra\u00eechissant. Cela rapproche la famille royale du quotidien des familles britanniques.\u201d<\/p><\/blockquote>\n<p>Un constat partag\u00e9 par de nombreux observateurs : \u00e0 travers ce choix vestimentaire, <strong>le prince George incarne d\u00e9j\u00e0 une nouvelle \u00e8re<\/strong>, moins guind\u00e9e, plus authentique \u2014 \u00e0 l\u2019image de ses parents, William et Kate.<\/p>\n<p><strong>Un h\u00e9ritage royal assum\u00e9<\/strong><\/p>\n<p>Ce n\u2019est pas la premi\u00e8re fois que le jeune prince suscite un tel engouement.<br \/>En 2014, alors qu\u2019il n\u2019avait que <strong>17 mois<\/strong>, sa tenue \u2014 un petit gilet en maille orn\u00e9 des gardes de la reine \u2014 avait d\u00e9j\u00e0 \u00e9t\u00e9 en rupture de stock quelques heures apr\u00e8s sa premi\u00e8re apparition publique.<br \/>Dix ans plus tard, l\u2019histoire se r\u00e9p\u00e8te.<\/p>\n<p>Mais cette fois, le ph\u00e9nom\u00e8ne d\u00e9passe la mode : <strong>George a \u00e9mu en rendant hommage \u00e0 Lady Diana<\/strong>, sans un mot, simplement par sa pr\u00e9sence et son geste.<br \/>Un hommage tout en pudeur, dans la lign\u00e9e de son p\u00e8re \u2014 et une fa\u00e7on, peut-\u00eatre, d\u2019affirmer <strong>sa propre identit\u00e9 royale<\/strong>, entre tradition et modernit\u00e9.<\/p>\n<p><strong>L\u2019avenir d\u2019un prince d\u00e9j\u00e0 adul\u00e9<\/strong><\/p>\n<p>Avec son naturel d\u00e9sarmant, son \u00e9l\u00e9gance sans ostentation et son sens du devoir d\u00e9j\u00e0 perceptible, <strong>le <\/strong><a href=\"https:\/\/www.ohmymag.com\/people\/actu-people\/prince-william-transmet-lheritage-de-lady-di-a-george-une-visite-symbolique-pleine-demotion_art175725.html\" target=\"_blank\" rel=\"noopener\"><strong>prince George<\/strong><\/a> s\u2019impose comme <strong>l\u2019une des figures les plus populaires de la famille royale britannique<\/strong>.<br \/>Et \u00e0 en juger par la fr\u00e9n\u00e9sie qu\u2019il d\u00e9clenche \u00e0 chaque apparition, l\u2019h\u00e9ritier de la couronne semble d\u00e9j\u00e0 avoir h\u00e9rit\u00e9 du plus pr\u00e9cieux des dons de sa grand-m\u00e8re Diana : celui de <strong>toucher les c\u0153urs avant de conqu\u00e9rir les foules<\/strong>.<\/p>\n<p>A lire aussi :<\/p>\n<p><a href=\"https:\/\/www.ohmymag.com\/news\/kate-middleton-et-la-princesse-charlotte-un-duo-musical-inoubliable-a-noel_art175902.html\" target=\"_blank\" rel=\"noopener\">Kate Middleton et la princesse Charlotte : un duo musical inoubliable \u00e0 No\u00ebl<\/a><\/p>\n<p><a href=\"https:\/\/www.ohmymag.com\/style\/beaute\/maquillage\/kate-middleton-son-secret-pour-un-effet-bonne-mine-a-tous-les-coups_art175333.html\" target=\"_blank\" rel=\"noopener\">Kate Middleton : son secret pour un effet bonne mine \u00e0 tous les coups !<\/a><\/p>\n<p><a href=\"https:\/\/www.ohmymag.com\/people\/actu-people\/nous-avons-choisi-de-parler-de-tout-les-rares-confidences-du-prince-william-sur-le-cancer-de-kate-middleton_art174151.html\" target=\"_blank\" rel=\"noopener\">\u00ab\u00a0Nous avons choisi de parler de tout\u00a0\u00bb : les rares confidences du prince William sur le cancer de Kate Middleton<\/a><\/p>\n","protected":false},"excerpt":{"rendered":"Publi\u00e9 le 26 d\u00e9cembre 2025 \u00e0 17:36 par Priscillia Vitel \u00c0 seulement 12 ans, le prince George confirme&hellip;\n","protected":false},"author":2,"featured_media":623825,"comment_status":"","ping_status":"","sticky":false,"template":"","format":"standard","meta":{"footnotes":""},"categories":[1588],"tags":[11,1777,674,5860,5858,12,473,1853,1851,1850,1852],"class_list":{"0":"post-623824","1":"post","2":"type-post","3":"status-publish","4":"format-standard","5":"has-post-thumbnail","7":"category-royaume-uni","8":"tag-actualites","9":"tag-eu","10":"tag-europe","11":"tag-famille-royale-dangleterre","12":"tag-kate-middleton","13":"tag-news","14":"tag-royaume-uni","15":"tag-royaume-uni-de-grande-bretagne-et-dirlande-du-nord","16":"tag-uk","17":"tag-united-kingdom","18":"tag-united-kingdom-of-great-britain-and-northern-ireland"},"share_on_mastodon":{"url":"https:\/\/pubeurope.com\/@fr\/115787437470142282","error":""},"_links":{"self":[{"href":"https:\/\/www.europesays.com\/fr\/wp-json\/wp\/v2\/posts\/623824","targetHints":{"allow":["GET"]}}],"collection":[{"href":"https:\/\/www.europesays.com\/fr\/wp-json\/wp\/v2\/posts"}],"about":[{"href":"https:\/\/www.europesays.com\/fr\/wp-json\/wp\/v2\/types\/post"}],"author":[{"embeddable":true,"href":"https:\/\/www.europesays.com\/fr\/wp-json\/wp\/v2\/users\/2"}],"replies":[{"embeddable":true,"href":"https:\/\/www.europesays.com\/fr\/wp-json\/wp\/v2\/comments?post=623824"}],"version-history":[{"count":0,"href":"https:\/\/www.europesays.com\/fr\/wp-json\/wp\/v2\/posts\/623824\/revisions"}],"wp:featuredmedia":[{"embeddable":true,"href":"https:\/\/www.europesays.com\/fr\/wp-json\/wp\/v2\/media\/623825"}],"wp:attachment":[{"href":"https:\/\/www.europesays.com\/fr\/wp-json\/wp\/v2\/media?parent=623824"}],"wp:term":[{"taxonomy":"category","embeddable":true,"href":"https:\/\/www.europesays.com\/fr\/wp-json\/wp\/v2\/categories?post=623824"},{"taxonomy":"post_tag","embeddable":true,"href":"https:\/\/www.europesays.com\/fr\/wp-json\/wp\/v2\/tags?post=623824"}],"curies":[{"name":"wp","href":"https:\/\/api.w.org\/{rel}","templated":true}]}}