{"id":623828,"date":"2025-12-26T19:08:16","date_gmt":"2025-12-26T19:08:16","guid":{"rendered":"https:\/\/www.europesays.com\/fr\/623828\/"},"modified":"2025-12-26T19:08:16","modified_gmt":"2025-12-26T19:08:16","slug":"2025-lannee-du-divorce-entre-leurope-et-les-etats-unis","status":"publish","type":"post","link":"https:\/\/www.europesays.com\/fr\/623828\/","title":{"rendered":"2025, l\u2019ann\u00e9e du divorce entre l\u2019Europe et les \u00c9tats-Unis"},"content":{"rendered":"<p>La surench\u00e8re permanente\u00a0: c\u2019est l\u2019un des credo de <a href=\"https:\/\/www.estrepublicain.fr\/p\/donald-trump\" target=\"_blank\" rel=\"noopener\">Donald Trump<\/a> depuis son \u00e9lection pour un deuxi\u00e8me mandat. Sa derni\u00e8re provocation\u00a0? Priver de visa l\u2019ancien commissaire europ\u00e9en <a href=\"https:\/\/www.estrepublicain.fr\/p\/thierry-breton\" target=\"_blank\" rel=\"noopener\">Thierry Breton<\/a>, \u00ab\u00a0coupable\u00a0\u00bb d\u2019avoir impuls\u00e9 l\u2019adoption d\u2019une r\u00e9glementation (la loi sur les services num\u00e9riques ou DSA) contraignant les g\u00e9ants de la tech \u00e0 r\u00e9guler les fausses informations et combattre les discours haineux sur internet.<\/p>\n<p>Ce nouveau diff\u00e9rend entre les \u00c9tats-Unis et l\u2019Europe illustre leurs visions tr\u00e8s diff\u00e9rentes de la libert\u00e9 d\u2019expression. L\u2019administration trumpiste et <a href=\"https:\/\/www.estrepublicain.fr\/p\/elon-musk\" target=\"_blank\" rel=\"noopener\">Elon Musk<\/a>, dont le r\u00e9seau social X a \u00e9t\u00e9 condamn\u00e9 \u00e0 une amende de 120\u00a0millions d\u2019euros pour manquement \u00e0 la DSA, estiment que toute limitation de ce droit fondamental s\u2019apparente \u00e0 une \u00ab\u00a0censure\u00a0\u00bb, quand l\u2019UE consid\u00e8re que la libert\u00e9 d\u2019expression n\u2019autorise pas \u00e0 relayer des contenus ill\u00e9gaux.<\/p>\n<p>Un alibi<\/p>\n<p>Cette divergence philosophique n\u2019est toutefois pas le vrai moteur de la d\u00e9cision de Donald Trump. Il s\u2019agit plut\u00f4t d\u2019un alibi, quand on consid\u00e8re qu\u2019au sein m\u00eame des \u00c9tats-Unis, ce pr\u00e9tendu protecteur de la libert\u00e9 d\u2019expression n\u2019a de cesse de harceler les artistes, m\u00e9dias et personnalit\u00e9s politiques qui combattent ses id\u00e9es. Ce qui guide le pr\u00e9sident am\u00e9ricain, c\u2019est sa volont\u00e9 de faire plier toute tentative d\u2019entraver la domination \u00e9conomique de l\u2019Am\u00e9rique. Il n\u2019h\u00e9site pas pour cela \u00e0 accuser l\u2019Europe de ses propres maux. Cela confirme qu\u2019il ne consid\u00e8re plus l\u2019UE comme une partenaire et alli\u00e9e, mais comme une concurrente, un obstacle.<\/p>\n<p>D\u00e9but d\u00e9cembre, la Maison blanche avait d\u00e9voil\u00e9 un document de 33 pages sur la strat\u00e9gie de s\u00e9curit\u00e9 US dans lequel Trump vilipendait les instances europ\u00e9ennes et pointait d\u00e9j\u00e0 du doigt \u00ab\u00a0la censure de la libert\u00e9 d\u2019expression\u00a0\u00bb. L\u2019\u00e9pisode Breton valide le divorce \u00e9conomique, diplomatique et id\u00e9ologique entre les \u00c9tats-Unis et l\u2019Europe, qui restera, \u00e0 l\u2019heure du bilan, comme un fait marquant de l\u2019ann\u00e9e 2025.<\/p>\n","protected":false},"excerpt":{"rendered":"La surench\u00e8re permanente\u00a0: c\u2019est l\u2019un des credo de Donald Trump depuis son \u00e9lection pour un deuxi\u00e8me mandat. Sa&hellip;\n","protected":false},"author":2,"featured_media":623829,"comment_status":"","ping_status":"","sticky":false,"template":"","format":"standard","meta":{"footnotes":""},"categories":[1586],"tags":[11,2518,1777,674,1011,27,329,12,25,104,2205],"class_list":{"0":"post-623828","1":"post","2":"type-post","3":"status-publish","4":"format-standard","5":"has-post-thumbnail","7":"category-europe","8":"tag-actualites","9":"tag-edito","10":"tag-eu","11":"tag-europe","12":"tag-fr","13":"tag-france","14":"tag-france-monde","15":"tag-news","16":"tag-republique-francaise","17":"tag-societe","18":"tag-television-medias"},"share_on_mastodon":{"url":"https:\/\/pubeurope.com\/@fr\/115787445488146864","error":""},"_links":{"self":[{"href":"https:\/\/www.europesays.com\/fr\/wp-json\/wp\/v2\/posts\/623828","targetHints":{"allow":["GET"]}}],"collection":[{"href":"https:\/\/www.europesays.com\/fr\/wp-json\/wp\/v2\/posts"}],"about":[{"href":"https:\/\/www.europesays.com\/fr\/wp-json\/wp\/v2\/types\/post"}],"author":[{"embeddable":true,"href":"https:\/\/www.europesays.com\/fr\/wp-json\/wp\/v2\/users\/2"}],"replies":[{"embeddable":true,"href":"https:\/\/www.europesays.com\/fr\/wp-json\/wp\/v2\/comments?post=623828"}],"version-history":[{"count":0,"href":"https:\/\/www.europesays.com\/fr\/wp-json\/wp\/v2\/posts\/623828\/revisions"}],"wp:featuredmedia":[{"embeddable":true,"href":"https:\/\/www.europesays.com\/fr\/wp-json\/wp\/v2\/media\/623829"}],"wp:attachment":[{"href":"https:\/\/www.europesays.com\/fr\/wp-json\/wp\/v2\/media?parent=623828"}],"wp:term":[{"taxonomy":"category","embeddable":true,"href":"https:\/\/www.europesays.com\/fr\/wp-json\/wp\/v2\/categories?post=623828"},{"taxonomy":"post_tag","embeddable":true,"href":"https:\/\/www.europesays.com\/fr\/wp-json\/wp\/v2\/tags?post=623828"}],"curies":[{"name":"wp","href":"https:\/\/api.w.org\/{rel}","templated":true}]}}