{"id":623836,"date":"2025-12-26T19:15:19","date_gmt":"2025-12-26T19:15:19","guid":{"rendered":"https:\/\/www.europesays.com\/fr\/623836\/"},"modified":"2025-12-26T19:15:19","modified_gmt":"2025-12-26T19:15:19","slug":"lebel-na-pas-renonce-et-continue-de-croire-a-une-selection","status":"publish","type":"post","link":"https:\/\/www.europesays.com\/fr\/623836\/","title":{"rendered":"Lebel n\u2019a pas renonc\u00e9 et continue de croire \u00e0 une s\u00e9lection"},"content":{"rendered":"<p>Il est l\u2019un des visages de ce Stade Toulousain. Depuis 2019, Matthis Lebel encha\u00eene les troph\u00e9es avec son club formateur, le plus souvent titularis\u00e9 lors des finales. R\u00e9guli\u00e8rement d\u00e9cisif lors de ces matchs couperet, le Gersois peine \u00e0 l\u2019inverse de nombreux co\u00e9quipiers \u00e0 s\u2019imposer avec le XV de France. Il plafonne \u00e0 six s\u00e9lections et il n\u2019a plus \u00e9t\u00e9 utilis\u00e9 depuis le match nul conc\u00e9d\u00e9 face \u00e0 l\u2019Italie lors du Tournoi des Six Nations 2024.<\/p>\n<p>\u00ab\u00a0Je sais ce qui peut me manquer\u00a0\u00bb r\u00e9v\u00e8le Lebel<\/p>\n<p>Encore boud\u00e9 lors de la tourn\u00e9e de novembre, o\u00f9 Fabien Galthi\u00e9 lui a pr\u00e9f\u00e9r\u00e9 Bielle-Biarrey, Penaud, Dr\u00e9an ou Grandidier-Nkanang, Matthis Lebel semble loin dans la hi\u00e9rarchie. Pour autant, il ne perd pas espoir comme il l\u2019a confi\u00e9 \u00e0 <a href=\"https:\/\/www.rugbyrama.fr\/2025\/11\/26\/top-14-jai-appris-a-la-fermer-et-a-travailler-matthis-lebel-toulouse-se-livre-sur-sa-bonne-forme-actuelle-13072948.php\" target=\"_blank\" rel=\"noopener\">Rugbyrama.<\/a><\/p>\n<blockquote>\n<p>\u00ab\u00a0Je regardais quand m\u00eame les matchs avec beaucoup d\u2019int\u00e9r\u00eat, d\u00e9j\u00e0 parce que mes potes jouaient. Apr\u00e8s, une fois que tu as port\u00e9 ce maillot, tu as forc\u00e9ment envie d\u2019y retourner. Aussi, tu as envie de mesurer ce qui peut te manquer ou pas pour atteindre ce niveau-l\u00e0. J\u2019ai la chance d\u2019\u00eatre dans un club qui joue les deux comp\u00e9titions \u00e0 fond, et la chance d\u2019avoir beaucoup de temps de jeu. Je sais ce qui peut me manquer, donc je continue \u00e0 travailler, en esp\u00e9rant que je puisse y revenir un jour.\u00a0\u00bb<\/p>\n<\/blockquote>\n<p>Avec sa fracture du poignet, Matthis Lebel aura du mal \u00e0 inverser la tendance avant le Tournoi des Six Nations et semble partir de loin.<\/p>\n<p>Partagez cette info avec vos amis et vos proches en cliquant ici<br \/>Pour r\u00e9sumer<\/p>\n<p>Matthis Lebel est revenu sur son bon d\u00e9but de saison avec le Stade Toulousain dans les colonnes de Rugbyrama. Plus appel\u00e9 en s\u00e9lection depuis 2024, l\u2019ailier esp\u00e8re pourtant bousculer la hi\u00e9rarchie et convaincre Fabien Galthi\u00e9.<\/p>\n<p> <img decoding=\"async\" width=\"76\" height=\"76\" loading=\"lazy\" src=\"https:\/\/www.europesays.com\/fr\/wp-content\/uploads\/2025\/04\/avatar-quinze.png\" alt=\"Arnaud D\u00e9chelotte\"\/><\/p>\n","protected":false},"excerpt":{"rendered":"Il est l\u2019un des visages de ce Stade Toulousain. Depuis 2019, Matthis Lebel encha\u00eene les troph\u00e9es avec son&hellip;\n","protected":false},"author":2,"featured_media":623837,"comment_status":"","ping_status":"","sticky":false,"template":"","format":"standard","meta":{"footnotes":""},"categories":[1416],"tags":[1011,27,479,1468,60,476,478,513],"class_list":{"0":"post-623836","1":"post","2":"type-post","3":"status-publish","4":"format-standard","5":"has-post-thumbnail","7":"category-rugby","8":"tag-fr","9":"tag-france","10":"tag-rugby","11":"tag-rugby-football","12":"tag-sports","13":"tag-stade-toulousain","14":"tag-top-14","15":"tag-xv-de-france"},"share_on_mastodon":{"url":"https:\/\/pubeurope.com\/@fr\/115787474470754087","error":""},"_links":{"self":[{"href":"https:\/\/www.europesays.com\/fr\/wp-json\/wp\/v2\/posts\/623836","targetHints":{"allow":["GET"]}}],"collection":[{"href":"https:\/\/www.europesays.com\/fr\/wp-json\/wp\/v2\/posts"}],"about":[{"href":"https:\/\/www.europesays.com\/fr\/wp-json\/wp\/v2\/types\/post"}],"author":[{"embeddable":true,"href":"https:\/\/www.europesays.com\/fr\/wp-json\/wp\/v2\/users\/2"}],"replies":[{"embeddable":true,"href":"https:\/\/www.europesays.com\/fr\/wp-json\/wp\/v2\/comments?post=623836"}],"version-history":[{"count":0,"href":"https:\/\/www.europesays.com\/fr\/wp-json\/wp\/v2\/posts\/623836\/revisions"}],"wp:featuredmedia":[{"embeddable":true,"href":"https:\/\/www.europesays.com\/fr\/wp-json\/wp\/v2\/media\/623837"}],"wp:attachment":[{"href":"https:\/\/www.europesays.com\/fr\/wp-json\/wp\/v2\/media?parent=623836"}],"wp:term":[{"taxonomy":"category","embeddable":true,"href":"https:\/\/www.europesays.com\/fr\/wp-json\/wp\/v2\/categories?post=623836"},{"taxonomy":"post_tag","embeddable":true,"href":"https:\/\/www.europesays.com\/fr\/wp-json\/wp\/v2\/tags?post=623836"}],"curies":[{"name":"wp","href":"https:\/\/api.w.org\/{rel}","templated":true}]}}