{"id":623840,"date":"2025-12-26T19:20:12","date_gmt":"2025-12-26T19:20:12","guid":{"rendered":"https:\/\/www.europesays.com\/fr\/623840\/"},"modified":"2025-12-26T19:20:12","modified_gmt":"2025-12-26T19:20:12","slug":"et-dire-quamandine-fouquenet-attend-la-boue-actualite","status":"publish","type":"post","link":"https:\/\/www.europesays.com\/fr\/623840\/","title":{"rendered":"Et dire qu&rsquo;Amandine Fouquenet attend la boue&#8230; &#8211; Actualit\u00e9"},"content":{"rendered":"<p style=\"text-align: justify;\">La p\u00e9riode faste d&rsquo;<strong><a href=\"https:\/\/www.directvelo.com\/coureur\/25212\/amandine-fouquenet\" target=\"_blank\" rel=\"noopener\">Amandine Fouquenet<\/a><\/strong> reprend de plus belle. Apr\u00e8s un week-end o\u00f9 elle a termin\u00e9 13e \u00e0 Anvers et 10e \u00e0 Coxyde, et o\u00f9 elle n&rsquo;\u00e9tait pas combl\u00e9e par ses prestations, la Bretonne n&rsquo;a pas dout\u00e9 longtemps. Sa semaine a commenc\u00e9 sur les chapeaux de roue, puisqu&rsquo;elle s&rsquo;est impos\u00e9e en Belgique, sur le Superprestige d&rsquo;Heusden-Zolder. \u00ab\u00a0\u00c7a fait vraiment plaisir de lever les bras \u00e0 l&rsquo;international, parce que c&rsquo;est la premi\u00e8re fois, donc \u00e7a fait quelque chose. Apr\u00e8s, c&rsquo;est s\u00fbr que toutes les favorites n&rsquo;\u00e9taient pas au d\u00e9part, mais il y avait des filles tr\u00e8s fortes. Et ce n&rsquo;\u00e9tait pas tr\u00e8s \u00e9vident pour moi, parce que je me retrouvais avec des filles de m\u00eame formation. Donc c&rsquo;\u00e9tait une course qu&rsquo;il fallait aussi g\u00e9rer\u00a0\u00bb, se rappelle-t-elle.<\/p>\n<p style=\"text-align: justify;\"><strong>\u00ab J&rsquo;Y ALLAIS S\u00dbREMENT AVEC UN PEU MOINS DE PRESSION \u00bb<\/strong><\/p>\n<p>Sur le prestigieux circuit belge, la soci\u00e9taire d&rsquo;Ark\u00e9a-B&amp;B H\u00f4tels a d\u00e9couvert cette sensation de jouer une victoire face \u00e0 Kata Blanka Vas, Aniek van Alphen ou encore Inge van der Heijden. \u00ab\u00a0C&rsquo;est vraiment sp\u00e9cial de se dire que c&rsquo;est possible et que j&rsquo;ai r\u00e9ussi \u00e0 gagner sur un circuit avec les Elites, sur un circuit mythique \u00e0 l&rsquo;international. J&rsquo;ai bien savour\u00e9 \u00e7a et j&rsquo;esp\u00e8re que \u00e7a reviendra. C&rsquo;\u00e9tait assez particulier parce que je me suis mise quand m\u00eame bien \u00e0 bloc sur la ligne d&rsquo;arriv\u00e9e, \u00e0 la cloche. Mais apr\u00e8s, en \u00e9tant devant, j&rsquo;ai voulu g\u00e9rer. Dans les parties techniques, je n&rsquo;allais pas tr\u00e8s vite pour ne pas faire d&rsquo;erreurs, parce que je savais que j&rsquo;avais cette petite marge de temps\u00a0\u00bb.<\/p>\n<p>Trois jours plus tard, \u00e0 savoir ce vendredi, Amandine Fouquenet retrouvait ses adversaires, cette fois en Coupe du Monde, \u00e0 Gavere. \u00ab\u00a0L\u00e0 j&rsquo;y allais s\u00fbrement avec un peu moins de pression, mais maintenant je travaille aussi avec ma pr\u00e9pa mentale sur le fait de prendre les courses jour apr\u00e8s jour. Je me fais plaisir sur le v\u00e9lo, c&rsquo;est le principal\u00a0\u00bb. Si Lucinda Brand s&rsquo;est encore av\u00e9r\u00e9e \u00eatre la plus forte, pour la sixi\u00e8me fois en autant de manches disput\u00e9es (elle a manqu\u00e9 Flamanville), le maillot de Championne de France n&rsquo;\u00e9tait pas si loin derri\u00e8re. Et c&rsquo;est Puck Pieterse qui a d\u00fb batailler avec. \u00ab\u00a0Je sais que physiquement je suis vraiment bien en ce moment. Apr\u00e8s dans les petites parties techniques je sais que je perdais un petit peu, c&rsquo;est pour \u00e7a qu&rsquo;on a eu notre petit duel\u00a0\u00bb. <\/p>\n<p><strong>\u00ab IL Y A PAS MAL D&rsquo;\u00c9MOTION CETTE ANN\u00c9E \u00bb<\/strong><\/p>\n<p>Cet affrontement a m\u00eame tourn\u00e9 en faveur de la Fran\u00e7aise, <a href=\"https:\/\/www.directvelo.com\/actualite\/126125\/cc-coupe-du-monde-7-elite-femmes-classements\" target=\"_blank\" rel=\"noopener\"><strong>qui a donc d\u00e9croch\u00e9 un nouveau podium en Coupe du Monde<\/strong><\/a>, le troisi\u00e8me cette saison, apr\u00e8s Flamanville et Namur. \u00ab\u00a0Je me retournais parce que j&rsquo;entendais son pr\u00e9nom, des fois je la voyais, des fois je ne la voyais pas. J&rsquo;ai tout donn\u00e9, je voulais vraiment finir 2e au moins aujourd&rsquo;hui\u00a0\u00bb. Sujette \u00e0 \u00ab\u00a0des hauts et des bas\u00a0\u00bb avec sa pr\u00e9paration en hypoxie, Amandine Fouquenet conna\u00eet en grande partie les hauts cet hiver. <\/p>\n<p>\u00ab\u00a0Il y a pas mal d&rsquo;\u00e9motion cette ann\u00e9e, constate-t-elle. Il y a le premier podium d&rsquo;une Coupe du Monde en France. Apr\u00e8s, \u00e0 l&rsquo;\u00e9tranger, c&rsquo;est encore autre chose parce qu&rsquo;on sent que les gens commencent \u00e0 me conna\u00eetre, en plus il y a la victoire maintenant&#8230;\u00a0\u00bb. \u00a0Celle qui occupe la 3e place du classement g\u00e9n\u00e9ral lance un appel \u00e0 la m\u00e9t\u00e9o pour \u00eatre d\u00e9finitivement combl\u00e9e. \u00ab\u00a0On aimerait bien commencer \u00e0 voir un petit peu de boue quand m\u00eame. L\u00e0 c&rsquo;est s\u00fbr que ce sont des circuits qui m&rsquo;avantagent quand m\u00eame en puissance, mais j&rsquo;aime aussi les circuits boueux\u00a0\u00bb. Pas s\u00fbr que Dendermonde, ce dimanche, lui apporte satisfaction.<\/p>\n","protected":false},"excerpt":{"rendered":"La p\u00e9riode faste d&rsquo;Amandine Fouquenet reprend de plus belle. Apr\u00e8s un week-end o\u00f9 elle a termin\u00e9 13e \u00e0&hellip;\n","protected":false},"author":2,"featured_media":623841,"comment_status":"","ping_status":"","sticky":false,"template":"","format":"standard","meta":{"footnotes":""},"categories":[1411],"tags":[834,828,836,829,837,827,83,826,824,823,1154,207,814,817,815,816,822,821,832,211,839,1011,27,820,818,819,835,831,830,833,838,60,212,208,825],"class_list":{"0":"post-623840","1":"post","2":"type-post","3":"status-publish","4":"format-standard","5":"has-post-thumbnail","7":"category-cyclisme","8":"tag-attaque","9":"tag-belgique","10":"tag-braquet","11":"tag-bretagne","12":"tag-chute","13":"tag-competition","14":"tag-coupe-de-france","15":"tag-coureur","16":"tag-course-cyclisme","17":"tag-course-cycliste","18":"tag-cycling","19":"tag-cyclisme","20":"tag-direct","21":"tag-direct-velo","22":"tag-directvelo","23":"tag-directvelo-com","24":"tag-epreuve","25":"tag-epreuve-cycliste","26":"tag-federation-francaise-de-cyclisme","27":"tag-ffc","28":"tag-flandres","29":"tag-fr","30":"tag-france","31":"tag-live","32":"tag-live-course","33":"tag-live-epreuve","34":"tag-peloton","35":"tag-radio-peloton","36":"tag-radio-tour","37":"tag-ravitaillement","38":"tag-relance","39":"tag-sports","40":"tag-uci","41":"tag-velo","42":"tag-velos"},"share_on_mastodon":{"url":"https:\/\/pubeurope.com\/@fr\/115787492525119611","error":""},"_links":{"self":[{"href":"https:\/\/www.europesays.com\/fr\/wp-json\/wp\/v2\/posts\/623840","targetHints":{"allow":["GET"]}}],"collection":[{"href":"https:\/\/www.europesays.com\/fr\/wp-json\/wp\/v2\/posts"}],"about":[{"href":"https:\/\/www.europesays.com\/fr\/wp-json\/wp\/v2\/types\/post"}],"author":[{"embeddable":true,"href":"https:\/\/www.europesays.com\/fr\/wp-json\/wp\/v2\/users\/2"}],"replies":[{"embeddable":true,"href":"https:\/\/www.europesays.com\/fr\/wp-json\/wp\/v2\/comments?post=623840"}],"version-history":[{"count":0,"href":"https:\/\/www.europesays.com\/fr\/wp-json\/wp\/v2\/posts\/623840\/revisions"}],"wp:featuredmedia":[{"embeddable":true,"href":"https:\/\/www.europesays.com\/fr\/wp-json\/wp\/v2\/media\/623841"}],"wp:attachment":[{"href":"https:\/\/www.europesays.com\/fr\/wp-json\/wp\/v2\/media?parent=623840"}],"wp:term":[{"taxonomy":"category","embeddable":true,"href":"https:\/\/www.europesays.com\/fr\/wp-json\/wp\/v2\/categories?post=623840"},{"taxonomy":"post_tag","embeddable":true,"href":"https:\/\/www.europesays.com\/fr\/wp-json\/wp\/v2\/tags?post=623840"}],"curies":[{"name":"wp","href":"https:\/\/api.w.org\/{rel}","templated":true}]}}