{"id":623847,"date":"2025-12-26T19:25:34","date_gmt":"2025-12-26T19:25:34","guid":{"rendered":"https:\/\/www.europesays.com\/fr\/623847\/"},"modified":"2025-12-26T19:25:34","modified_gmt":"2025-12-26T19:25:34","slug":"pluribus-les-7-questions-que-lon-se-pose-apres-la-fin-de-la-saison-1","status":"publish","type":"post","link":"https:\/\/www.europesays.com\/fr\/623847\/","title":{"rendered":"Pluribus : les 7 questions que l&rsquo;on se pose apr\u00e8s la fin de la saison 1"},"content":{"rendered":"<p>Apr\u00e8s Severance, Apple TV continue d\u2019exceller dans les s\u00e9ries \u00e0 myst\u00e8res avec Pluribus, la nouvelle cr\u00e9ation de Vince Gilligan (Breaking Bad et Better Call Saul). La saison 1, qui s\u2019est achev\u00e9e le 24 d\u00e9cembre avec un tr\u00e8s bon \u00e9pisode, nous laisse malgr\u00e9 tout sur notre faim. L\u2019histoire n\u2019a pas beaucoup avanc\u00e9 et l\u2019attente pour la saison 2 s\u2019annonce longue.<\/p>\n<p>On attendait le retour de Vince Gilligan depuis des ann\u00e9es : le cr\u00e9ateur de <a href=\"https:\/\/www.numerama.com\/series-tv\/breaking-bad\/\" data-type=\"tv-shows\" data-id=\"974083\" target=\"_blank\" rel=\"noopener\">Breaking Bad<\/a> et de <a href=\"https:\/\/www.numerama.com\/series-tv\/better-call-saul\/\" data-type=\"tv-shows\" data-id=\"974151\" target=\"_blank\" rel=\"noopener\">Better Call Saul<\/a> a lanc\u00e9 sa nouvelle production en 2025. <\/p>\n<p>Avec <a href=\"https:\/\/www.numerama.com\/series-tv\/pluribus\/\" data-type=\"tv-shows\" data-id=\"2041035\" target=\"_blank\" rel=\"noopener\">Pluribus<\/a> sur <a target=\"_blank\" href=\"https:\/\/shop.numerama.com\/vi8ucpa3\" rel=\"noopener\">Apple TV<\/a>, Vince Gilligan d\u00e9laisse les cartels d\u2019Albuquerque pour plonger dans une parano\u00efa mondiale remplie de myst\u00e8res (et de bonheur). Une intrigue gard\u00e9e secr\u00e8te jusqu\u2019\u00e0 la publication du premier \u00e9pisode, qui a su autant plaire que d\u00e9cevoir tout au long de la diffusion de la premi\u00e8re saison : beaucoup reprochent \u00e0 Vince Gilligan de ne pas aller assez vite pour installer son univers, comme \u00e0 l\u2019\u00e9poque de Breaking Bad et Better Call Saul. <\/p>\n<p>La saison 1, qui s\u2019est achev\u00e9e le 24 d\u00e9cembre, nous laisse face \u00e0 une multitude de questions, alors que la production de la suite n\u2019a m\u00eame pas encore commenc\u00e9. En voici quelques-unes : <\/p>\n<p><strong>Attention, cet article contient des spoilers sur l\u2019int\u00e9gralit\u00e9 de la saison 1 de Pluribus. <\/strong><\/p>\n<p><img class=\"wp-image\" decoding=\"async\" src=\"https:\/\/www.europesays.com\/fr\/wp-content\/uploads\/2025\/12\/spoilers-1024x213.jpg\" alt=\"Bandeau Spoilers Numerama\"\/><\/p>\n<p>Manousos va-t-il r\u00e9ussir \u00e0 \u00ab restaurer \u00bb un \u00eatre humain ? <\/p>\n<p>Dans la suite de cet article, nous allons partir du fait que vous avez vu l\u2019\u00e9pisode final de Pluribus intitul\u00e9 La Chica o El Mundo (la fille ou le monde). Nous n\u2019allons donc pas vous rappeler l\u2019intrigue : vous savez qui sont Carol, Manousos et les \u00ab\u00a0Autres\u00a0\u00bb. <\/p>\n<p>Justement, parlons des Autres. Manousos, dans le dernier \u00e9pisode, commence \u00e0 exp\u00e9rimenter sur l\u2019un d\u2019entre eux. Apr\u00e8s avoir provoqu\u00e9 un dysfonctionnement mondial en hurlant, il utilise sa radio pour observer une anomalie dans la fr\u00e9quence qui semble permettre \u00e0 la conscience collective de communiquer. Manousos tente de rappeler \u00e0 l\u2019ordre l\u2019individu en question, en essayant de le rendre de nouveau humain. Carol interrompt finalement son exp\u00e9rimentation : la conscience collective n\u2019est pas bris\u00e9e. Mais Manousos allait-il r\u00e9ussir ? <\/p>\n<p><a href=\"https:\/\/www.numerama.com\/wp-content\/uploads\/2025\/12\/pluribus-photo-010902.jpg\" target=\"_blank\" rel=\"noopener\"><img decoding=\"async\" width=\"1024\" height=\"683\" loading=\"lazy\" alt=\"Manousos a tout d'une future l\u00e9gende : comment son personnage va-t-il \u00e9voluer ?\" title=\"Manousos a tout d'une future l\u00e9gende : comment son personnage va-t-il \u00e9voluer ?\" class=\"wp-image-2149645 placeholder-default wp-image\" src=\"https:\/\/www.europesays.com\/fr\/wp-content\/uploads\/2025\/12\/pluribus-photo-010902-1024x683.jpg\" \/><\/a>Manousos a tout d\u2019une future l\u00e9gende : comment son personnage va-t-il \u00e9voluer ?  \/\/ Source : Apple TV<\/p>\n<p>Tout au long de la saison 1 de Pluribus, plusieurs indices ont \u00e9t\u00e9 dissimul\u00e9s pour \u00e9voquer le concept de fr\u00e9quence radio. Zosia a aussi laiss\u00e9 entendre par sa non-r\u00e9ponse \u00e0 une question de Carol qu\u2019il \u00e9tait possible de revenir en arri\u00e8re. La logique voudrait que la saison 2 montre le retour \u00e0 la conscience individuelle d\u2019une premi\u00e8re personne transform\u00e9e. <\/p>\n<p>Carol et Manousos vont-ils former un duo ? On imagine que la s\u00e9rie tentera de souligner leurs d\u00e9saccords, mais la r\u00e9ponse semble \u00e9vidente : ils sont bien les deux sauveurs de l\u2019humanit\u00e9. <\/p>\n<p>Quel sera le r\u00f4le de Zosia dans la saison 2 de Pluribus ? <\/p>\n<p>Zosia, incarn\u00e9e par Karolina Wydra, occupait le second r\u00f4le dans la saison 1 de Pluribus. Mais la fin de la s\u00e9rie, qui marque sa \u00ab rupture \u00bb avec Carol, laisse supposer que Zosia ne sera plus le visage des Autres aupr\u00e8s de Carol dans la saison 2. Est-ce la fin du r\u00f4le de Zosia ? C\u2019est peu probable. <\/p>\n<p>L\u2019actrice, qui devrait faire son retour dans la saison 2 de Pluribus, incarnera-t-elle la vraie Zosia, celle d\u2019avant la conversion ? Zosia, au vu de sa relation avec Carol, qui a d\u00e9j\u00e0 tent\u00e9 de la \u00ab lib\u00e9rer \u00bb du virus, a tout de la candidate id\u00e9ale pour les exp\u00e9rimentations de Manousos, qui pourrait prendre un malin plaisir \u00e0 la torturer (et qui, bonus, conna\u00eet des d\u00e9tails sur sa vie comme sa glace pr\u00e9f\u00e9r\u00e9e gr\u00e2ce \u00e0 Carol). Va-t-on d\u00e9couvrir sa vie ant\u00e9rieure, sa fameuse relation avec quelqu\u2019un qui n\u2019est pas dans la conscience et avoir son avis sur sa relation non consentie avec Carol\u00a0? <\/p>\n<p><a href=\"https:\/\/www.numerama.com\/wp-content\/uploads\/2025\/07\/pluribus-photo-010201.jpg\" target=\"_blank\" rel=\"noopener\"><img decoding=\"async\" width=\"1024\" height=\"576\" loading=\"lazy\" alt=\"Nous devant Pluribus, entre ennui et enthousiasme \/\/ Source : Apple TV+\" title=\"Nous devant Pluribus, entre ennui et enthousiasme \/\/ Source : Apple TV+\" class=\"wp-image-2111095 placeholder-default wp-image\" src=\"https:\/\/www.europesays.com\/fr\/wp-content\/uploads\/2025\/12\/pluribus-photo-010201-1024x576.jpg\" \/><\/a>Carol et Zosia. \/\/ Source : Apple TV+<\/p>\n<p>\u00c0 quoi sert la bombe nucl\u00e9aire command\u00e9e par Carol ? <\/p>\n<p>La symbolique est forte : pour marquer sa rupture avec Zosia, Carol se fait livrer une bombe atomique \u00e0 domicile. Une belle illustration de son \u00e9tat d\u2019esprit, mais aussi une arme dissuasive face aux Autres, qui lui ont annonc\u00e9 qu\u2019ils la transformeront d\u2019ici un \u00e0 deux mois sans son consentement. <\/p>\n<p>Carol menace-t-elle de se faire exploser et de d\u00e9truire une partie de la ville si quelqu\u2019un l\u2019approche ? On a du mal \u00e0 comprendre son plan, alors que l\u2019infection peut se faire par voie a\u00e9rienne et \u00e0 distance. Manousos, avec ses \u00e9tudes sur les fr\u00e9quences radio, nous semble mieux parti pour r\u00e9ussir. <\/p>\n<p>Carol va-t-elle \u00eatre transform\u00e9e dans la saison 2 ? <\/p>\n<p>Si Manousos est pour l\u2019instant tranquille (au m\u00eame titre que Koumba Diabat\u00e9, dont l\u2019avenir est incertain), Carol, elle, a de sacr\u00e9s ennuis. La conscience collective lui avoue dans l\u2019\u00e9pisode final \u00eatre en possession de ses \u0153ufs : elle travaille actuellement sur une version sp\u00e9cifique du virus pour la contaminer. Le d\u00e9but de l\u2019\u00e9pisode, qui est une des s\u00e9quences les plus r\u00e9ussies de la s\u00e9rie, r\u00e9v\u00e8le d\u2019ailleurs que cette manipulation biologique fonctionne : les immunis\u00e9s peuvent se transformer. <\/p>\n<p><a href=\"https:\/\/www.numerama.com\/wp-content\/uploads\/2025\/11\/pluribus.jpg\" target=\"_blank\" rel=\"noopener\"><img decoding=\"async\" width=\"1024\" height=\"576\" loading=\"lazy\" alt=\"Pluribus \/\/ Source : Apple TV\" title=\"Pluribus \/\/ Source : Apple TV\" class=\"wp-image-2130159 placeholder-default wp-image\" src=\"https:\/\/www.europesays.com\/fr\/wp-content\/uploads\/2025\/12\/pluribus-1024x576.jpg\" \/><\/a>Carol n\u2019a pas du tout envie de devenir comme les Autres, mais vont-ils lui laisser le choix ? \/\/ Source : Apple TV<\/p>\n<p>Dans la saison 2, Manousos et Carol trouveront-ils une solution \u00e0 temps ? Ou Carol est-elle condamn\u00e9e \u00e0 devenir une Autre, au moins ponctuellement\u00a0? Manousos, pr\u00e9sent\u00e9 comme un personnage secondaire au d\u00e9but de la s\u00e9rie, pourrait devenir le vrai h\u00e9ros. On se demande aussi quel sera le sort des autres survivants, jusqu\u2019\u00e0 maintenant favorables aux Autres.<\/p>\n<p>\u00c0 quoi va servir l\u2019antenne des Autres et peut-elle \u00eatre utilis\u00e9e contre eux ? <\/p>\n<p>Autre r\u00e9v\u00e9lation de cette fin de saison 1 : les Autres, comme leurs homologues extraterrestres responsables de la pand\u00e9mie, tentent de r\u00e9pliquer le message pour contaminer le reste de l\u2019Univers. Un besoin biologique de conqu\u00eate et d\u2019expansion, qui les am\u00e8ne \u00e0 concevoir une antenne g\u00e9ante. <\/p>\n<p>Vince Gilligan \u00e9tant Vince Gilligan, on peut imaginer que ce d\u00e9tail n\u2019en est pas un. Manousos et Carol peuvent-ils utiliser l\u2019antenne pour d\u00e9sactiver le virus et arr\u00eater la conscience collective ? L\u2019intrigue autour de la fr\u00e9quence radio prendrait alors encore plus de sens. <\/p>\n<p><a href=\"https:\/\/www.numerama.com\/wp-content\/uploads\/2025\/12\/pluribus-photo-010907.jpg\" target=\"_blank\" rel=\"noopener\"><img decoding=\"async\" width=\"1024\" height=\"433\" loading=\"lazy\" alt=\"Carol et Zosia \u00e0 la fin de la s\u00e9rie, lors de leur rupture.\" title=\"Carol et Zosia \u00e0 la fin de la s\u00e9rie, lors de leur rupture.\" class=\"wp-image-2149647 placeholder-default wp-image\" src=\"https:\/\/www.europesays.com\/fr\/wp-content\/uploads\/2025\/12\/pluribus-photo-010907-1024x433.jpg\" \/><\/a>Carol et Zosia \u00e0 la fin de la s\u00e9rie, lors de leur rupture. \/\/ Source : Apple TV<\/p>\n<p>Quel est le vrai objectif des Autres ? La soci\u00e9t\u00e9 a-t-elle pour objectif de prosp\u00e9rer ? <\/p>\n<p>Autre question : les Autres sont-ils vraiment ce qu\u2019ils pr\u00e9tendent \u00eatre ? Cette soci\u00e9t\u00e9 en apparence parfaite a d\u00e9voil\u00e9 de nombreuses failles dans la saison 1. Si son seul objectif est de convertir la dizaine d\u2019individus immunis\u00e9s, que fera-t-elle apr\u00e8s, alors qu\u2019elle semble incapable de construire, d\u2019\u00eatre cr\u00e9ative ou de s\u2019alimenter \u00e0 sa faim (il lui resterait 10 ans \u00e0 vivre en l\u2019\u00e9tat) ? On ne sait m\u00eame pas si les Autres peuvent se reproduire, alors qu\u2019ils semblent incapables de nombreuses choses. Font-ils l\u2019amour par n\u00e9cessit\u00e9 d\u00e9mographique ? Ou ont-ils compl\u00e8tement d\u00e9laiss\u00e9 cet aspect de la vie autrement que pour faire plaisir \u00e0 Koumba Diabat\u00e9 ? On se demande notamment si l\u2019objectif final de la conscience collective n\u2019est pas l\u2019auto-extermination de l\u2019esp\u00e8ce humaine une fois le message propag\u00e9, pour des raisons \u00e9cologiques et pragmatiques. <\/p>\n<p>La conscience collective a-t-elle un objectif secret ? On peut notamment se demander si Pluribus fera un jour un lien avec les extraterrestres ou si l\u2019origine du virus ne sera jamais expliqu\u00e9e. Ou si la soci\u00e9t\u00e9 continuera de vivre une fois le message propag\u00e9 ? Parmi nos questions : peuvent-ils mentir ? Certains des agissements en fin de saison ont tout de la pure manipulation. <\/p>\n<p><a href=\"https:\/\/www.numerama.com\/wp-content\/uploads\/2025\/12\/pluribus-photo-010901.jpg\" target=\"_blank\" rel=\"noopener\"><img decoding=\"async\" width=\"1024\" height=\"683\" loading=\"lazy\" alt=\"Carol et Manousos, le duo qui doit sauver l'humanit\u00e9.\" title=\"Carol et Manousos, le duo qui doit sauver l'humanit\u00e9.\" class=\"wp-image-2149649 placeholder-default wp-image\" src=\"https:\/\/www.europesays.com\/fr\/wp-content\/uploads\/2025\/12\/pluribus-photo-010901-1024x683.jpg\" \/><\/a>Carol et Manousos, le duo qui doit sauver l\u2019humanit\u00e9. \/\/ Source : Apple TV<\/p>\n<p>Que va-t-il arriver aux animaux de la plan\u00e8te Terre ? \ud83d\ude22<\/p>\n<p>Enfin, comment ne pas penser aux animaux ? La saison 1 l\u2019a indiqu\u00e9 \u00e0 plusieurs reprises : les animaux sont compl\u00e8tement abandonn\u00e9s depuis l\u2019arriv\u00e9e de la conscience collective. Les zoos ont \u00e9t\u00e9 vid\u00e9s, les animaux sont dans la nature, les chiens et les chats ont perdu leurs ma\u00eetres\u2026 Les Autres s\u2019en moquent, ils les tol\u00e8rent seulement par \u00ab\u00a0gentillesse \u00bb, mais ne ressentent rien pour eux. La ch\u00e8vre abandonn\u00e9e au d\u00e9but de l\u2019\u00e9pisode final a de quoi briser nos c\u0153urs : elle est plus humaine que les \u00ab\u00a0humains\u00a0\u00bb. Un sacr\u00e9 paradoxe pour un peuple qui se pr\u00e9tend v\u00e9g\u00e9tarien et ne peut pas faire de mal \u00e0 une plante, mais qui se nourrit d\u2019humains en poudre en attendant. <\/p>\n<p>Dans une soci\u00e9t\u00e9 o\u00f9 les animaux sont abandonn\u00e9s et o\u00f9 les humains ne se d\u00e9fendent pas, faut-il s\u2019attendre \u00e0 de gros carnages ? Cette intrigue pourrait \u00eatre d\u00e9velopp\u00e9e dans les prochaines saisons. <\/p>\n<\/p>\n<p>            Ce contenu est bloqu\u00e9 car vous n\u2019avez pas accept\u00e9 les cookies et autres traceurs. Ce contenu est fourni par YouTube.<br \/>Pour pouvoir le visualiser, vous devez accepter l\u2019usage \u00e9tant op\u00e9r\u00e9 par YouTube avec vos donn\u00e9es qui pourront \u00eatre utilis\u00e9es pour les finalit\u00e9s suivantes : vous permettre de visualiser et de partager des contenus avec des m\u00e9dias sociaux, favoriser le d\u00e9veloppement et l\u2019am\u00e9lioration des produits d\u2019Humanoid et de ses partenaires, vous afficher des publicit\u00e9s personnalis\u00e9es par rapport \u00e0 votre profil et activit\u00e9, vous d\u00e9finir un profil publicitaire personnalis\u00e9, mesurer la performance des publicit\u00e9s et du contenu de ce site et mesurer l\u2019audience de ce site <a href=\"#\" class=\"js-privacy\" target=\"_blank\">(en savoir plus)<\/a>        <\/p>\n<p>            En cliquant sur \u00ab J\u2019accepte tout \u00bb, vous consentez aux finalit\u00e9s susmentionn\u00e9es pour l\u2019ensemble des cookies et autres traceurs d\u00e9pos\u00e9s par Humanoid et <a class=\"embed-consent-overlay-vendors-link\" href=\"#preferences-vendeurs\">ses partenaires<\/a>.        <\/p>\n<p>            Vous gardez la possibilit\u00e9 de retirer votre consentement \u00e0 tout moment. Pour plus d\u2019informations, nous vous invitons \u00e0 prendre connaissance de notre <a href=\"https:\/\/www.numerama.com\/politique-cookies\" target=\"_blank\" rel=\"noopener\">Politique cookies<\/a>.        <\/p>\n<p>        J\u2019accepte tout    <\/p>\n<p class=\"embed-consent-overlay-manage-choices\">        <a href=\"#preferences-publicitaires\">G\u00e9rer mes choix<\/a>    <\/p>\n<p>Quand sortira la saison 2 de Pluribus ?<\/p>\n<p>Mauvaise nouvelle : si Apple TV a officiellement command\u00e9 une saison 2, le processus d\u2019\u00e9criture de Vince Gilligan prend du temps. Le showrunner a d\u00e9j\u00e0 pr\u00e9venu : il a un plan sur plusieurs saisons, mais il ne se pressera pas. <a href=\"https:\/\/www.numerama.com\/pop-culture\/2115913-pluribus-sur-apple-tv-quand-sortira-la-saison-2-de-la-serie-de-vince-gilligan.html\" target=\"_blank\" rel=\"noopener\">Il ne faut pas s\u2019attendre \u00e0 un retour sur nos \u00e9crans avant, au mieux, 2027<\/a>. Un destin semblable \u00e0 celui de Severance, l\u2019autre thriller d\u2019Apple TV, qui prend beaucoup de temps \u00e0 arriver entre chaque saison. <\/p>\n<p>                        <a href=\"https:\/\/www.numerama.com\/series-tv\/pluribus\/\" class=\"is-block\" target=\"_blank\" rel=\"noopener\"><br \/>\n                            <img decoding=\"async\" width=\"350\" height=\"210\" loading=\"lazy\" alt=\"Pluribus \/\/ Source : Apple TV+\" title=\"Pluribus \/\/ Source : Apple TV+\" class=\"is-block is-radiused placeholder-default wp-image\" src=\"https:\/\/www.europesays.com\/fr\/wp-content\/uploads\/2025\/12\/capture-decran-2025-07-26-a-092421-680x383.jpg\" \/>                        <\/a><\/p>\n<p>            <img decoding=\"async\" src=\"https:\/\/www.europesays.com\/fr\/wp-content\/uploads\/2025\/12\/iPhone-16-pro-vDJtn9o4_vzSsPIGCFDc5.png\" alt=\"Toute l'actu tech en un clien d'oeil\"\/><\/p>\n<p class=\"card-install-pwa__title\">Toute l&rsquo;actu tech en un clin d&rsquo;\u0153il<\/p>\n<p class=\"card-install-pwa__description\">Ajoutez Numerama \u00e0 votre \u00e9cran d&rsquo;accueil et restez connect\u00e9s au futur !<\/p>\n<p>            <img decoding=\"async\" src=\"https:\/\/www.numerama.com\/wp-content\/themes\/numerama-next\/dist\/images\/premium\/logo-card-pwa-coupe-vCvPQ_Q_ysBNfqKp6w7gG.svg\" alt=\"Logo PWA\"\/><\/p>\n<p>       Installer Numerama<\/p>\n<p>                        <a href=\"https:\/\/www.numerama.com\/series-tv\/breaking-bad\/\" class=\"is-block\" target=\"_blank\" rel=\"noopener\"><br \/>\n                            <img decoding=\"async\" width=\"350\" height=\"210\" loading=\"lazy\" alt=\"2048\u00d71536-fit_breaking-bad\" title=\"2048\u00d71536-fit_breaking-bad\" class=\"is-block is-radiused placeholder-default\" src=\"https:\/\/www.europesays.com\/fr\/wp-content\/uploads\/2025\/12\/2048x1536-fit_breaking-bad-680x453.jpg\" \/>                        <\/a><\/p>\n","protected":false},"excerpt":{"rendered":"Apr\u00e8s Severance, Apple TV continue d\u2019exceller dans les s\u00e9ries \u00e0 myst\u00e8res avec Pluribus, la nouvelle cr\u00e9ation de Vince&hellip;\n","protected":false},"author":2,"featured_media":623848,"comment_status":"","ping_status":"","sticky":false,"template":"","format":"standard","meta":{"footnotes":""},"categories":[1356],"tags":[519,42438,58,59,1011,27,73311,252,1364],"class_list":{"0":"post-623847","1":"post","2":"type-post","3":"status-publish","4":"format-standard","5":"has-post-thumbnail","7":"category-television","8":"tag-apple-tv","9":"tag-breaking-bad","10":"tag-divertissement","11":"tag-entertainment","12":"tag-fr","13":"tag-france","14":"tag-pluribus-serie","15":"tag-television","16":"tag-tv"},"share_on_mastodon":{"url":"https:\/\/pubeurope.com\/@fr\/115787514015437441","error":""},"_links":{"self":[{"href":"https:\/\/www.europesays.com\/fr\/wp-json\/wp\/v2\/posts\/623847","targetHints":{"allow":["GET"]}}],"collection":[{"href":"https:\/\/www.europesays.com\/fr\/wp-json\/wp\/v2\/posts"}],"about":[{"href":"https:\/\/www.europesays.com\/fr\/wp-json\/wp\/v2\/types\/post"}],"author":[{"embeddable":true,"href":"https:\/\/www.europesays.com\/fr\/wp-json\/wp\/v2\/users\/2"}],"replies":[{"embeddable":true,"href":"https:\/\/www.europesays.com\/fr\/wp-json\/wp\/v2\/comments?post=623847"}],"version-history":[{"count":0,"href":"https:\/\/www.europesays.com\/fr\/wp-json\/wp\/v2\/posts\/623847\/revisions"}],"wp:featuredmedia":[{"embeddable":true,"href":"https:\/\/www.europesays.com\/fr\/wp-json\/wp\/v2\/media\/623848"}],"wp:attachment":[{"href":"https:\/\/www.europesays.com\/fr\/wp-json\/wp\/v2\/media?parent=623847"}],"wp:term":[{"taxonomy":"category","embeddable":true,"href":"https:\/\/www.europesays.com\/fr\/wp-json\/wp\/v2\/categories?post=623847"},{"taxonomy":"post_tag","embeddable":true,"href":"https:\/\/www.europesays.com\/fr\/wp-json\/wp\/v2\/tags?post=623847"}],"curies":[{"name":"wp","href":"https:\/\/api.w.org\/{rel}","templated":true}]}}