{"id":623853,"date":"2025-12-26T19:28:11","date_gmt":"2025-12-26T19:28:11","guid":{"rendered":"https:\/\/www.europesays.com\/fr\/623853\/"},"modified":"2025-12-26T19:28:11","modified_gmt":"2025-12-26T19:28:11","slug":"le-chu-de-martinique-declenche-le-plan-blanc-au-service-des-urgences-de-lhopital-de-trinite","status":"publish","type":"post","link":"https:\/\/www.europesays.com\/fr\/623853\/","title":{"rendered":"Le CHU de Martinique d\u00e9clenche le plan blanc au service des urgences de l&rsquo;h\u00f4pital de Trinit\u00e9"},"content":{"rendered":"<p class=\"svelte-qfpp5o first-paragraph\">L&rsquo;alerte a \u00e9t\u00e9 donn\u00e9 ce vendredi 26 d\u00e9cembre par le Centre Hospitalier Universitaire de la Martinique par voie de communiqu\u00e9. Le service des urgences de l\u2019h\u00f4pital Louis Domergue, \u00e0 Trinit\u00e9, conna\u00eet actuellement une forte tension. <\/p>\n<p class=\"svelte-qfpp5o\">Pour faire face \u00e0 cette situation exceptionnelle, la direction du CHUM a d\u00e9cid\u00e9 d\u2019activer un plan d\u2019action imm\u00e9diat afin \u00ab\u00a0d\u2019assurer une prise en charge optimale des patients et de soutenir les \u00e9quipes hospitali\u00e8res\u00a0\u00bb.<\/p>\n<p>Une fermeture temporaire<\/p>\n<p class=\"svelte-qfpp5o\">Dans le cadre de ce plan, le plan blanc a \u00e9t\u00e9 d\u00e9clench\u00e9. Les urgences de Trinit\u00e9 font l\u2019objet d\u2019une fermeture temporaire en deux phases. <\/p>\n<p class=\"svelte-qfpp5o\">Dans un premier temps, le service est transform\u00e9 en centre d\u2019accueil de consultations ambulatoires et de consultations jusqu\u2019\u00e0 23h30. <\/p>\n<p class=\"svelte-qfpp5o\">Dans un second temps,<b> les urgences seront ferm\u00e9es ce vendredi 26 d\u00e9cembre de 23h30 jusqu\u2019au samedi 27 d\u00e9cembre \u00e0 8h30<\/b>.<\/p>\n<p>Appeler le 15 avant tout d\u00e9placement<\/p>\n<p class=\"svelte-qfpp5o\">Durant cette p\u00e9riode, il est imp\u00e9ratif de <b>contacter le 15 avant de se rendre \u00e0 l\u2019h\u00f4pital<\/b>. <\/p>\n<p class=\"svelte-qfpp5o\">Cette r\u00e9gulation t\u00e9l\u00e9phonique permet d\u2019orienter chaque patient vers la structure la plus adapt\u00e9e \u00e0 son \u00e9tat de sant\u00e9, tout en garantissant une prise en charge s\u00e9curis\u00e9e.<\/p>\n<p class=\"svelte-qfpp5o\">Les patients dont l\u2019\u00e9tat ne n\u00e9cessite pas une prise en charge imm\u00e9diate sont invit\u00e9s \u00e0 <b>se tourner en priorit\u00e9 vers les cabinets m\u00e9dicaux lib\u00e9raux ou les maisons m\u00e9dicales de garde<\/b>. <\/p>\n<p class=\"svelte-qfpp5o\">Le CHU de Martinique assure que l\u2019ensemble de ses \u00e9quipes reste \u00ab\u00a0pleinement mobilis\u00e9 pour garantir la continuit\u00e9 des soins\u00a0\u00bb et \u00ab\u00a0suivra l\u2019\u00e9volution de la situation avec attention, en informant r\u00e9guli\u00e8rement la population\u00a0\u00bb.<\/p>\n","protected":false},"excerpt":{"rendered":"L&rsquo;alerte a \u00e9t\u00e9 donn\u00e9 ce vendredi 26 d\u00e9cembre par le Centre Hospitalier Universitaire de la Martinique par voie&hellip;\n","protected":false},"author":2,"featured_media":623854,"comment_status":"","ping_status":"","sticky":false,"template":"","format":"standard","meta":{"footnotes":""},"categories":[10],"tags":[1011,27,72,71],"class_list":{"0":"post-623853","1":"post","2":"type-post","3":"status-publish","4":"format-standard","5":"has-post-thumbnail","7":"category-sante","8":"tag-fr","9":"tag-france","10":"tag-health","11":"tag-sante"},"share_on_mastodon":{"url":"https:\/\/pubeurope.com\/@fr\/115787524092780949","error":""},"_links":{"self":[{"href":"https:\/\/www.europesays.com\/fr\/wp-json\/wp\/v2\/posts\/623853","targetHints":{"allow":["GET"]}}],"collection":[{"href":"https:\/\/www.europesays.com\/fr\/wp-json\/wp\/v2\/posts"}],"about":[{"href":"https:\/\/www.europesays.com\/fr\/wp-json\/wp\/v2\/types\/post"}],"author":[{"embeddable":true,"href":"https:\/\/www.europesays.com\/fr\/wp-json\/wp\/v2\/users\/2"}],"replies":[{"embeddable":true,"href":"https:\/\/www.europesays.com\/fr\/wp-json\/wp\/v2\/comments?post=623853"}],"version-history":[{"count":0,"href":"https:\/\/www.europesays.com\/fr\/wp-json\/wp\/v2\/posts\/623853\/revisions"}],"wp:featuredmedia":[{"embeddable":true,"href":"https:\/\/www.europesays.com\/fr\/wp-json\/wp\/v2\/media\/623854"}],"wp:attachment":[{"href":"https:\/\/www.europesays.com\/fr\/wp-json\/wp\/v2\/media?parent=623853"}],"wp:term":[{"taxonomy":"category","embeddable":true,"href":"https:\/\/www.europesays.com\/fr\/wp-json\/wp\/v2\/categories?post=623853"},{"taxonomy":"post_tag","embeddable":true,"href":"https:\/\/www.europesays.com\/fr\/wp-json\/wp\/v2\/tags?post=623853"}],"curies":[{"name":"wp","href":"https:\/\/api.w.org\/{rel}","templated":true}]}}