{"id":623857,"date":"2025-12-26T19:30:16","date_gmt":"2025-12-26T19:30:16","guid":{"rendered":"https:\/\/www.europesays.com\/fr\/623857\/"},"modified":"2025-12-26T19:30:16","modified_gmt":"2025-12-26T19:30:16","slug":"emerveillement-quotidien-certes-mais-vianney-est-il-parvenu-a-finir-sa-cabane-pour-noel","status":"publish","type":"post","link":"https:\/\/www.europesays.com\/fr\/623857\/","title":{"rendered":"\u00ab\u00a0Emerveillement quotidien\u00a0\u00bb, certes, mais Vianney est-il parvenu \u00e0 finir sa cabane pour No\u00ebl\u00a0?"},"content":{"rendered":"<p>De musicien \u00e0 b\u00fbcheron, il n\u2019y a qu\u2019un pas. Et <a href=\"https:\/\/www.20minutes.fr\/arts-stars\/people\/4182771-20251031-allais-bien-vianney-donne-nouvelles-cabane-evoque-raisons-projet\" class=\"c-link c-link--is-underlined\" target=\"_blank\" rel=\"noopener\">Vianney<\/a> l\u2019a franchi en juin dernier. D\u00e9cid\u00e9 \u00e0 faire une pause dans sa carri\u00e8re, l\u2019interpr\u00e8te de Beau-papa n\u2019a pas l\u00e9sin\u00e9 sur les moyens. Alors que certains se contentent de couper <a href=\"https:\/\/www.20minutes.fr\/magazine\/4180625-20251022-reseaux-sociaux-encore-mode-etude-demontre-contraire\" class=\"c-link c-link--is-underlined\" target=\"_blank\" rel=\"noopener\">les r\u00e9seaux sociaux<\/a> ou de partir loin, lui a choisi de s\u2019\u00e9vader en pleine for\u00eat et de\u2026 construire une cabane. \u00ab\u00a0Construire plut\u00f4t que produire. Je me donne quelques mois pour faire une cabane, seul et en silence. Puis cet hiver je m\u2019y enfermerai pour fabriquer de nouvelles chansons\u00a0\u00bb, avait-il annonc\u00e9.<\/p>\n<\/p>\n<p>Mais cette pause a rapidement pris des airs de d\u00e9fi. Le chanteur fran\u00e7ais a estim\u00e9 \u00e0 six mois la dur\u00e9e des travaux, esp\u00e9rant achever son \u0153uvre \u00e0 <a href=\"https:\/\/www.20minutes.fr\/societe\/4193228-20251226-noel-plus-million-annonces-deja-publiees-sites-revente-cadeaux-france\" class=\"c-link c-link--is-underlined\" target=\"_blank\" rel=\"noopener\">No\u00ebl<\/a>. Et bien, nous y sommes. A-t-il, oui ou non, r\u00e9ussi \u00e0 construire une cabane en un semestre\u00a0?<\/p>\n<p>\u00ab\u00a0Je r\u00eavais d\u2019avoir fini ma cabane pour No\u00ebl\u00a0\u00bb, d\u00e9bute Vianney dans un message publi\u00e9 <a href=\"https:\/\/www.instagram.com\/p\/DSsSELIiJ0r\/?utm_source=ig_embed&amp;utm_campaign=loading\" target=\"_blank\" class=\"c-link c-link--is-underlined\" rel=\"noopener\">sur son compte Instagram<\/a> le 25\u00a0d\u00e9cembre. \u00ab\u00a0Et m\u00eame en y passant presque chacun de mes jours depuis six mois, du lever au coucher du soleil, je n\u2019y suis pas arriv\u00e9\u00a0\u00bb, poursuit-il. A\u00efe, a\u00efe, c\u2019est foir\u00e9.<\/p>\n<p>Tout sauf un \u00e9chec<\/p>\n<p>Mais s\u2019il a \u00e9chou\u00e9 \u00e0 la construction de ce projet, l\u2019ex-coach de \u00ab\u00a0<a href=\"https:\/\/www.20minutes.fr\/arts-stars\/television\/the-voice\/4189796-20251205-armes-secretes-demande-mariage-the-voice-met-accent-surprises-saison-15\" class=\"c-link c-link--is-underlined\" target=\"_blank\" rel=\"noopener\">The Voice<\/a>\u00a0\u00bb a trouv\u00e9 bien plus. \u00ab\u00a0Je r\u00e9alise que le sens de tout cela r\u00e9side dans ces jours de labeur, plus que dans le r\u00e9sultat. [\u2026] Je retrouve enfin ce que j\u2019\u00e9tais venu chercher\u00a0: mon \u00e9merveillement quotidien\u00a0\u00bb, s\u2019est-il finalement r\u00e9joui. Et de souhaiter \u00e0 ses fans \u00ab\u00a0de vivre ou retrouver\u00a0\u00bb la m\u00eame chose.<\/p>\n<p class=\"mb-m@xs text-l@xs\">En cliquant sur\u00ab J\u2019accepte \u00bb, vous acceptez le d\u00e9p\u00f4t de cookies par des services externes et aurez ainsi acc\u00e8s aux contenus de nos partenaires.<\/p>\n<p class=\"mb-xl@xs text-s@xs\">Plus d\u2019informations sur la page<a href=\"https:\/\/www.20minutes.fr\/gestion-cookies\" class=\"mx-xxs@xs color-ultramarine\" target=\"_blank\" rel=\"noopener\">Politique de gestion des cookies<\/a><\/p>\n<p>J\u2019accepte<\/p>\n<p>Un message touchant qui n\u2019a pas laiss\u00e9 ses abonn\u00e9s indiff\u00e9rents. Lesquels l\u2019encouragent \u00e0 poursuivre ses efforts. Parmi eux, de nombreuses c\u00e9l\u00e9brit\u00e9s, \u00e0 l\u2019image de <a href=\"https:\/\/www.20minutes.fr\/arts-stars\/culture\/musique\/4144293-20250321-bientot-40-ans-plus-belles-annees-vie-homme-artiste-estime-pokora\" class=\"c-link c-link--is-underlined\" target=\"_blank\" rel=\"noopener\">M. Pokora<\/a>\u00a0: \u00ab\u00a0Bravo bro. J\u2019vais tellement venir tra\u00eener dans cette cabane\u00a0! Vivement que tu finisses.\u00a0\u00bb Florent Peyre le soutient \u00e9galement\u00a0: \u00ab\u00a0Courage\u2026 peu importe le temps\u2026 tu seras tellement fier.\u00a0\u00bb Au regard de l\u2019avanc\u00e9e des travaux, nul doute que Vianney ne mettra pas (si) longtemps \u00e0 achever cette mini-maison en rondins de bois.<\/p>\n<p>Quoi qu\u2019il en soit, il faudra attendre encore un peu avant de retrouver le chanteur dans les bacs ou sur sc\u00e8ne. A moins qu\u2019il ait recommenc\u00e9 \u00e0 \u00e9crire et \u00e0 composer au fil des travaux, mais il ne le pr\u00e9cise pas. Celui qui confiait en octobre dernier avoir fait cette pause en raison d\u2019un mal-\u00eatre semble aller bien mieux aujourd\u2019hui. Et c\u2019est sans aucun doute tout ce qui compte.<\/p>\n<p><script async src=\"\/\/www.instagram.com\/embed.js\"><\/script><\/p>\n","protected":false},"excerpt":{"rendered":"De musicien \u00e0 b\u00fbcheron, il n\u2019y a qu\u2019un pas. Et Vianney l\u2019a franchi en juin dernier. D\u00e9cid\u00e9 \u00e0&hellip;\n","protected":false},"author":2,"featured_media":623858,"comment_status":"","ping_status":"","sticky":false,"template":"","format":"standard","meta":{"footnotes":""},"categories":[8],"tags":[1696,58,59,1011,27,2440,873,2742,15830,973,938,3074,8475],"class_list":{"0":"post-623857","1":"post","2":"type-post","3":"status-publish","4":"format-standard","5":"has-post-thumbnail","7":"category-divertissement","8":"tag-chanteur","9":"tag-divertissement","10":"tag-entertainment","11":"tag-fr","12":"tag-france","13":"tag-instagram","14":"tag-musique","15":"tag-nature","16":"tag-noel","17":"tag-people","18":"tag-reseaux-sociaux","19":"tag-the-voice","20":"tag-vianney"},"share_on_mastodon":{"url":"https:\/\/pubeurope.com\/@fr\/115787531871348113","error":""},"_links":{"self":[{"href":"https:\/\/www.europesays.com\/fr\/wp-json\/wp\/v2\/posts\/623857","targetHints":{"allow":["GET"]}}],"collection":[{"href":"https:\/\/www.europesays.com\/fr\/wp-json\/wp\/v2\/posts"}],"about":[{"href":"https:\/\/www.europesays.com\/fr\/wp-json\/wp\/v2\/types\/post"}],"author":[{"embeddable":true,"href":"https:\/\/www.europesays.com\/fr\/wp-json\/wp\/v2\/users\/2"}],"replies":[{"embeddable":true,"href":"https:\/\/www.europesays.com\/fr\/wp-json\/wp\/v2\/comments?post=623857"}],"version-history":[{"count":0,"href":"https:\/\/www.europesays.com\/fr\/wp-json\/wp\/v2\/posts\/623857\/revisions"}],"wp:featuredmedia":[{"embeddable":true,"href":"https:\/\/www.europesays.com\/fr\/wp-json\/wp\/v2\/media\/623858"}],"wp:attachment":[{"href":"https:\/\/www.europesays.com\/fr\/wp-json\/wp\/v2\/media?parent=623857"}],"wp:term":[{"taxonomy":"category","embeddable":true,"href":"https:\/\/www.europesays.com\/fr\/wp-json\/wp\/v2\/categories?post=623857"},{"taxonomy":"post_tag","embeddable":true,"href":"https:\/\/www.europesays.com\/fr\/wp-json\/wp\/v2\/tags?post=623857"}],"curies":[{"name":"wp","href":"https:\/\/api.w.org\/{rel}","templated":true}]}}