{"id":623881,"date":"2025-12-26T19:47:17","date_gmt":"2025-12-26T19:47:17","guid":{"rendered":"https:\/\/www.europesays.com\/fr\/623881\/"},"modified":"2025-12-26T19:47:17","modified_gmt":"2025-12-26T19:47:17","slug":"quels-evenements-sont-prevus-ce-week-end-en-seine-maritime","status":"publish","type":"post","link":"https:\/\/www.europesays.com\/fr\/623881\/","title":{"rendered":"quels \u00e9v\u00e9nements sont pr\u00e9vus ce week-end en Seine-Maritime\u00a0?"},"content":{"rendered":"<p>                    Par<br \/>\n        <strong><br \/>\n            <a href=\"https:\/\/actu.fr\/auteur\/yann-rivallan\" title=\"Consulter tous les articles de Yann Rivallan\" target=\"_blank\" rel=\"noopener\">Yann Rivallan<\/a><br \/>\n                    <\/strong><\/p>\n<p>        Publi\u00e9 le<\/p>\n<p>            26 d\u00e9c. 2025 \u00e0 20h14        <\/p>\n<p>No\u00ebl, c\u2019est d\u00e9j\u00e0 termin\u00e9. Mais sa magie est toujours un peu l\u00e0 avant la nouvelle ann\u00e9e. Quelques <strong>march\u00e9s de No\u00ebl<\/strong> et des <strong>vide-greniers<\/strong> sont pr\u00e9vus ce week-end des 27 et 28\u00a0d\u00e9cembre 2025 en <a href=\"https:\/\/actu.fr\/normandie\/seine-maritime_76\" target=\"_blank\" rel=\"noopener\">Seine-Maritime<\/a>. Ils ne sont pas nombreux mais si l\u2019envie de chiner ou de vous r\u00e9galer une derni\u00e8re fois vous prend, voici ce qui est pr\u00e9vu.<\/p>\n<p>Les \u00e9v\u00e9nements du samedi<\/p>\n<p class=\" wall-content\">\u2022 <strong>Le\u00a0Havre\u2009:<\/strong> march\u00e9 de No\u00ebl place de l\u2019h\u00f4tel de ville, de 11h \u00e0 21h. Entr\u00e9e gratuite.<\/p>\n<p class=\" wall-content\">\u2022 <strong>Rouen\u2009:<\/strong> march\u00e9 de No\u00ebl sur le parvis de la Cath\u00e9drale, de 10h \u00e0 21h. Entr\u00e9e gratuite.<\/p>\n<p>Les \u00e9v\u00e9nements du dimanche<\/p>\n<p class=\" wall-content\">\u2022 <strong>Le\u00a0Havre\u2009:<\/strong> vide-greniers \u00e0 la salle des f\u00eates Franklin, de 8h \u00e0 17h. Entr\u00e9e\u2009: 1\u00a0euro.<\/p>\n<p class=\" wall-content\">\u2022 <strong>Le\u00a0Havre\u2009:<\/strong> vide-greniers \u00e0 la salle des f\u00eates de Bl\u00e9ville, de 8h \u00e0 18h. Entr\u00e9e\u2009: 1\u00a0euro. Entre 50 et 100\u00a0exposants.<\/p>\n<p class=\" wall-content\">\u2022 <strong>Le\u00a0Havre\u2009:<\/strong> march\u00e9 de No\u00ebl place de l\u2019h\u00f4tel de ville, de 11h \u00e0 20h. Entr\u00e9e gratuite.<\/p>\n<p>Vid\u00e9os : en ce moment sur Actu<\/p>\n<p class=\" wall-content\">\u2022 <strong>Rouen\u2009:<\/strong> march\u00e9 de No\u00ebl sur le parvis de la Cath\u00e9drale, de 10h \u00e0 20h. Entr\u00e9e gratuite.<\/p>\n<p class=\" wall-content\">Personnalisez votre actualit\u00e9 en ajoutant vos villes et m\u00e9dias en favori avec <a href=\"https:\/\/moncompte.actu.fr\" title=\"D\u00e9couvez Mon Actu\" rel=\"nofollow noopener\" data-trk=\"{&quot;cta&quot;:{&quot;action&quot;:&quot;https:\\\/\\\/moncompte.actu.fr&quot;,&quot;category&quot;:&quot;mon compte&quot;,&quot;from&quot;:&quot;article footer&quot;,&quot;name&quot;:&quot;Mon actu&quot;,&quot;type&quot;:&quot;cta&quot;}}\" target=\"_blank\">Mon Actu<\/a>.<\/p>\n","protected":false},"excerpt":{"rendered":"Par Yann Rivallan Publi\u00e9 le 26 d\u00e9c. 2025 \u00e0 20h14 No\u00ebl, c\u2019est d\u00e9j\u00e0 termin\u00e9. Mais sa magie est&hellip;\n","protected":false},"author":2,"featured_media":623882,"comment_status":"","ping_status":"","sticky":false,"template":"","format":"standard","meta":{"footnotes":""},"categories":[9587],"tags":[1111,11,1777,674,10087,1011,27,1652,12,15830,5161,25,9590,3365],"class_list":{"0":"post-623881","1":"post","2":"type-post","3":"status-publish","4":"format-standard","5":"has-post-thumbnail","7":"category-rouen","8":"tag-actu","9":"tag-actualites","10":"tag-eu","11":"tag-europe","12":"tag-foires-a-tout","13":"tag-fr","14":"tag-france","15":"tag-loisirs-culture","16":"tag-news","17":"tag-noel","18":"tag-normandie","19":"tag-republique-francaise","20":"tag-rouen","21":"tag-vide-greniers"},"share_on_mastodon":{"url":"https:\/\/pubeurope.com\/@fr\/115787598613427212","error":""},"_links":{"self":[{"href":"https:\/\/www.europesays.com\/fr\/wp-json\/wp\/v2\/posts\/623881","targetHints":{"allow":["GET"]}}],"collection":[{"href":"https:\/\/www.europesays.com\/fr\/wp-json\/wp\/v2\/posts"}],"about":[{"href":"https:\/\/www.europesays.com\/fr\/wp-json\/wp\/v2\/types\/post"}],"author":[{"embeddable":true,"href":"https:\/\/www.europesays.com\/fr\/wp-json\/wp\/v2\/users\/2"}],"replies":[{"embeddable":true,"href":"https:\/\/www.europesays.com\/fr\/wp-json\/wp\/v2\/comments?post=623881"}],"version-history":[{"count":0,"href":"https:\/\/www.europesays.com\/fr\/wp-json\/wp\/v2\/posts\/623881\/revisions"}],"wp:featuredmedia":[{"embeddable":true,"href":"https:\/\/www.europesays.com\/fr\/wp-json\/wp\/v2\/media\/623882"}],"wp:attachment":[{"href":"https:\/\/www.europesays.com\/fr\/wp-json\/wp\/v2\/media?parent=623881"}],"wp:term":[{"taxonomy":"category","embeddable":true,"href":"https:\/\/www.europesays.com\/fr\/wp-json\/wp\/v2\/categories?post=623881"},{"taxonomy":"post_tag","embeddable":true,"href":"https:\/\/www.europesays.com\/fr\/wp-json\/wp\/v2\/tags?post=623881"}],"curies":[{"name":"wp","href":"https:\/\/api.w.org\/{rel}","templated":true}]}}