{"id":623885,"date":"2025-12-26T19:50:17","date_gmt":"2025-12-26T19:50:17","guid":{"rendered":"https:\/\/www.europesays.com\/fr\/623885\/"},"modified":"2025-12-26T19:50:17","modified_gmt":"2025-12-26T19:50:17","slug":"grenoble-une-fuite-de-gaz-sur-la-chaussee-a-grenoble-119-personnes-evacuees","status":"publish","type":"post","link":"https:\/\/www.europesays.com\/fr\/623885\/","title":{"rendered":"Grenoble. Une fuite de gaz sur la chauss\u00e9e \u00e0 Grenoble\u00a0:\u00a0119 personnes \u00e9vacu\u00e9es"},"content":{"rendered":"<p class=\"xsm-p\">Des dizaines de personnes sont en cours d\u2019\u00e9vacuation rue Amp\u00e8re. D\u2019apr\u00e8s les informations transmises par la pr\u00e9fecture 119 appartements sont concern\u00e9s. Les op\u00e9rations pour colmater la fuite de gaz, situ\u00e9e au niveau d\u2019une canalisation enterr\u00e9e, pourraient durer \u00ab\u00a0une bonne partie de la nuit\u00a0\u00bb, pr\u00e9cise-t-on, et elles ne pourront d\u00e9buter qu\u2019apr\u00e8s l\u2019\u00e9vacuation totale des personnes se trouvant dans le p\u00e9rim\u00e8tre. \u00ab\u00a0Des mesures anormalement \u00e9lev\u00e9es ont \u00e9t\u00e9 relev\u00e9es\u00a0\u00bb dans le secteur, a ajout\u00e9 la pr\u00e9fecture de l\u2019Is\u00e8re.<\/p>\n<p>Ce contenu est bloqu\u00e9 car vous n&rsquo;avez pas accept\u00e9 les cookies et autres traceurs.<\/p>\n<p>En cliquant sur \u00ab J\u2019accepte \u00bb, les cookies et autres traceurs seront d\u00e9pos\u00e9s et vous pourrez visualiser les contenus  (<a href=\"\" class=\"consentModule_policy\" target=\"_blank\" title=\"Consulter la politique de protection des donn\u00e9es du fournisseur\">plus d&rsquo;informations<\/a>).<\/p>\n<p>En cliquant sur \u00ab J\u2019accepte tous les cookies \u00bb, vous autorisez des d\u00e9p\u00f4ts de cookies et autres traceurs pour le stockage de vos donn\u00e9es sur nos sites et applications \u00e0 des fins de personnalisation et de ciblage publicitaire.<\/p>\n<p class=\"consentModule_secondaryText\">Vous gardez la possibilit\u00e9 de retirer votre consentement \u00e0 tout moment en consultant notre <a href=\"https:\/\/www.ledauphine.com\/protection-des-donnees\" target=\"_blank\" title=\"Consulter notre politique de protection des donn\u00e9es\" rel=\"noopener\">politique de protection des donn\u00e9es<\/a>. <br \/>&#13;<br \/>\n            <a href=\"https:\/\/www.ledauphine.com\/faits-divers-justice\/2025\/12\/26\/javascript:Didomi.notice.show()\" class=\"consentModule_cmp\" target=\"_blank\" rel=\"noopener\">G\u00e9rer mes choix<\/a>&#13;\n        <\/p>\n<p>&#13;<br \/>\n                        J&rsquo;accepte&#13;<br \/>\n            J&rsquo;accepte tous les cookies&#13;\n        <\/p>\n<p class=\"xsm-p\">Les d\u00e9log\u00e9s sont actuellement accueillis au compte-goutte \u00e0 l\u2019\u00e9cole Joseph-Vallier, o\u00f9 ils sont ensuite inform\u00e9s de la situation par des agents de la mairie. Tous se d\u00e9m\u00e8nent pour trouver des solutions de relogement pour la nuit, notamment chez des proches.\u00a0Le gymnase Adolphe Pegoud a donc \u00e9t\u00e9 ouvert pour accueillir les habitants. Des lits de camp et des couvertures ont \u00e9t\u00e9 mis \u00e0 disposition par la Croix Rouge.<\/p>\n<p class=\"xsm-p\">Certains habitants, comme Isabelle et Fran\u00e7ois, prennent les choses avec philosophie. \u00ab On fait avec. On n\u2019a pas le choix de toute fa\u00e7on\u00a0\u00bb, disent-ils. \u00ab\u00a0Ils avaient commenc\u00e9 des travaux sur la rue il y a quelques jours donc on ne sait pas si c\u2019est li\u00e9 \u00e0 cela ou si c\u2019est comme \u00e7a qu\u2019ils ont d\u00e9tect\u00e9 la fuite\u00a0\u00bb, pr\u00e9cisent-ils ensuite.<\/p>\n","protected":false},"excerpt":{"rendered":"Des dizaines de personnes sont en cours d\u2019\u00e9vacuation rue Amp\u00e8re. D\u2019apr\u00e8s les informations transmises par la pr\u00e9fecture 119&hellip;\n","protected":false},"author":2,"featured_media":623886,"comment_status":"","ping_status":"","sticky":false,"template":"","format":"standard","meta":{"footnotes":""},"categories":[9566],"tags":[119,1111,11,2430,112,1777,674,274,1011,27,2731,2732,108,12,25],"class_list":{"0":"post-623885","1":"post","2":"type-post","3":"status-publish","4":"format-standard","5":"has-post-thumbnail","7":"category-grenoble","8":"tag-accident","9":"tag-actu","10":"tag-actualites","11":"tag-auvergne-rhone-alpes","12":"tag-edition-grenoble-agglomeration","13":"tag-eu","14":"tag-europe","15":"tag-faits-divers-justice","16":"tag-fr","17":"tag-france","18":"tag-grenoble","19":"tag-grenoble-bassin","20":"tag-isere","21":"tag-news","22":"tag-republique-francaise"},"share_on_mastodon":{"url":"https:\/\/pubeurope.com\/@fr\/115787610382037044","error":""},"_links":{"self":[{"href":"https:\/\/www.europesays.com\/fr\/wp-json\/wp\/v2\/posts\/623885","targetHints":{"allow":["GET"]}}],"collection":[{"href":"https:\/\/www.europesays.com\/fr\/wp-json\/wp\/v2\/posts"}],"about":[{"href":"https:\/\/www.europesays.com\/fr\/wp-json\/wp\/v2\/types\/post"}],"author":[{"embeddable":true,"href":"https:\/\/www.europesays.com\/fr\/wp-json\/wp\/v2\/users\/2"}],"replies":[{"embeddable":true,"href":"https:\/\/www.europesays.com\/fr\/wp-json\/wp\/v2\/comments?post=623885"}],"version-history":[{"count":0,"href":"https:\/\/www.europesays.com\/fr\/wp-json\/wp\/v2\/posts\/623885\/revisions"}],"wp:featuredmedia":[{"embeddable":true,"href":"https:\/\/www.europesays.com\/fr\/wp-json\/wp\/v2\/media\/623886"}],"wp:attachment":[{"href":"https:\/\/www.europesays.com\/fr\/wp-json\/wp\/v2\/media?parent=623885"}],"wp:term":[{"taxonomy":"category","embeddable":true,"href":"https:\/\/www.europesays.com\/fr\/wp-json\/wp\/v2\/categories?post=623885"},{"taxonomy":"post_tag","embeddable":true,"href":"https:\/\/www.europesays.com\/fr\/wp-json\/wp\/v2\/tags?post=623885"}],"curies":[{"name":"wp","href":"https:\/\/api.w.org\/{rel}","templated":true}]}}