{"id":623895,"date":"2025-12-26T19:59:11","date_gmt":"2025-12-26T19:59:11","guid":{"rendered":"https:\/\/www.europesays.com\/fr\/623895\/"},"modified":"2025-12-26T19:59:11","modified_gmt":"2025-12-26T19:59:11","slug":"nice-previsions-meteo-du-vendredi-26-decembre-2025","status":"publish","type":"post","link":"https:\/\/www.europesays.com\/fr\/623895\/","title":{"rendered":"Nice : pr\u00e9visions m\u00e9t\u00e9o du vendredi 26 d\u00e9cembre 2025"},"content":{"rendered":"<p>\u00c0 Nice, la journ\u00e9e du vendredi 26 d\u00e9cembre 2025 sera ensoleill\u00e9e avec un ciel largement d\u00e9gag\u00e9. Les temp\u00e9ratures \u00e9volueront de 8 \u00b0C le matin \u00e0 13 \u00b0C en apr\u00e8s-midi, dans une ambiance fra\u00eeche et s\u00e8che, sans risque de pluie.<\/p>\n<p>    Alerte en cours<\/p>\n<p>\nLe d\u00e9partement des Alpes-Maritimes, incluant Nice, est plac\u00e9 en vigilance <b>jaune Avalanche<\/b> depuis 0 h ce jeudi 26 d\u00e9cembre 2025. Les ph\u00e9nom\u00e8nes attendus restent habituels en montagne, mais peuvent devenir localement dangereux pour les randonneurs ou skieurs.\n<\/p>\n<p>\nIl est recommand\u00e9 d\u2019\u00e9viter les hors-pistes non s\u00e9curis\u00e9s et de se renseigner avant toute sortie en altitude. Les acc\u00e8s routiers d\u2019altitude peuvent \u00e9galement \u00eatre momentan\u00e9ment coup\u00e9s pour des d\u00e9clenchements pr\u00e9ventifs.\n<\/p>\n<p>\nRetrouvez toutes les consignes officielles sur notre <a href=\"https:\/\/www.meteocity.com\/france\/alertes\" target=\"_blank\" rel=\"noopener\">page d\u00e9di\u00e9e aux alertes m\u00e9t\u00e9orologiques<\/a>.\n<\/p>\n<p>Matin : ciel limpide et fra\u00eecheur s\u00e8che<\/p>\n<p>\nLe soleil se l\u00e8ve \u00e0 08 h 03. D\u00e8s 9 h, Nice profite d\u2019un ciel totalement d\u00e9gag\u00e9 : la M\u00e9diterran\u00e9e miroite sans le moindre nuage \u00e0 l\u2019horizon.\n<\/p>\n<ul>\n<li><b>Temp\u00e9rature : 8 \u00b0C<\/b> (ressenti 5 \u00b0C).<\/li>\n<li>Humidit\u00e9 mod\u00e9r\u00e9e : 62 %.<\/li>\n<li>Pression stable : 1 020 hPa.<\/li>\n<li>Vent de Nord-Nord-Est, 18 km\/h, apportant une sensation plus vive.<\/li>\n<\/ul>\n<p>\nAucune pr\u00e9cipitation \u00e0 pr\u00e9voir ; l\u2019occasion id\u00e9ale pour fl\u00e2ner sur la Promenade des Anglais, avec un bonnet conseill\u00e9 au bord de l\u2019eau.\n<\/p>\n<p>Apr\u00e8s-midi : douceur ensoleill\u00e9e<\/p>\n<p>\n\u00c0 15 h, l\u2019astre du jour brille toujours sans partage. L\u2019air se r\u00e9chauffe, tout en restant tr\u00e8s agr\u00e9able pour la saison de No\u00ebl.\n<\/p>\n<p>\n<b>13 \u00b0C attendus<\/b>, ressenti 12 \u00b0C gr\u00e2ce \u00e0 une humidit\u00e9 limit\u00e9e \u00e0 49 %. Le vent tourne \u00e0 l\u2019Est, autour de 15 km\/h, insuffisant pour rafra\u00eechir l\u2019atmosph\u00e8re.\n<\/p>\n<p>\nLa visibilit\u00e9 reste excellente. Sans nuage ni pluie, les balades au Ch\u00e2teau ou sur le Cours Saleya s\u2019annoncent id\u00e9ales. Une protection solaire mod\u00e9r\u00e9e s\u2019impose : m\u00eame en hiver, les UV traversent facilement un ciel limpide.\n<\/p>\n<p>Soir : fra\u00eecheur s\u00e8che sous un ciel \u00e9toil\u00e9<\/p>\n<p>\nLe soleil se couche \u00e0 16 h 59, laissant rapidement place \u00e0 un firmament sans le moindre voile.\n<\/p>\n<p>\n\u00c0 21 h, les thermom\u00e8tres redescendent vers <b>8 \u00b0C<\/b>, ressenti 6 \u00b0C. Taux d\u2019humidit\u00e9 : 56 %. La brise s\u2019oriente au Nord, 14 km\/h, accentuant l\u00e9g\u00e8rement la sensation de froid tout en restant tr\u00e8s supportable.\n<\/p>\n<p>\nLes terrasses chauff\u00e9es de la vieille ville pourront fonctionner sans risque de pluie. Attention toutefois aux \u00e9carts de temp\u00e9rature entre ext\u00e9rieurs frais et int\u00e9rieurs chauff\u00e9s.\n<\/p>\n<p>Tendance g\u00e9n\u00e9rale pour le vendredi 27 d\u00e9cembre<\/p>\n<p>\nLe temps restera sous l\u2019influence d\u2019une dorsale anticyclonique et le ciel d\u00e9gag\u00e9 se maintiendra toute la journ\u00e9e de demain.\n<\/p>\n<tr>\n<td>Temp\u00e9rature min.<\/td>\n<td><b>8 \u00b0C<\/b><\/td>\n<\/tr>\n<tr>\n<td>Temp\u00e9rature max.<\/td>\n<td><b>12 \u00b0C<\/b><\/td>\n<\/tr>\n<tr>\n<td>Vent dominant<\/td>\n<td>Ouest-Sud-Ouest, 15 km\/h<\/td>\n<\/tr>\n<tr>\n<td>Probabilit\u00e9 de pluie<\/td>\n<td>0 %<\/td>\n<\/tr>\n<p>\nLe ressenti restera doux en milieu de journ\u00e9e (12 \u00b0C). En montagne, le risque d\u2019avalanche persiste ; il convient de surveiller les bulletins sp\u00e9cialis\u00e9s. Sur la c\u00f4te, aucune perturbation n\u2019est attendue.\n<\/p>\n<p>\nPour pr\u00e9parer vos visites culturelles ou vos escapades en arri\u00e8re-pays, consultez <a href=\"https:\/\/www.meteocity.com\/france\/nice-v2990440\/tourisme\" target=\"_blank\" rel=\"noopener\">notre page tourisme<\/a> et profitez d\u2019un hiver azur\u00e9en sous un soleil quasi printanier !<\/p>\n","protected":false},"excerpt":{"rendered":"\u00c0 Nice, la journ\u00e9e du vendredi 26 d\u00e9cembre 2025 sera ensoleill\u00e9e avec un ciel largement d\u00e9gag\u00e9. Les temp\u00e9ratures&hellip;\n","protected":false},"author":2,"featured_media":623896,"comment_status":"","ping_status":"","sticky":false,"template":"","format":"standard","meta":{"footnotes":""},"categories":[2819],"tags":[1111,11,1777,674,1011,27,12,2401,882,25],"class_list":{"0":"post-623895","1":"post","2":"type-post","3":"status-publish","4":"format-standard","5":"has-post-thumbnail","7":"category-nice","8":"tag-actu","9":"tag-actualites","10":"tag-eu","11":"tag-europe","12":"tag-fr","13":"tag-france","14":"tag-news","15":"tag-nice","16":"tag-provence-alpes-cote-dazur","17":"tag-republique-francaise"},"share_on_mastodon":{"url":"https:\/\/pubeurope.com\/@fr\/115787646086314745","error":""},"_links":{"self":[{"href":"https:\/\/www.europesays.com\/fr\/wp-json\/wp\/v2\/posts\/623895","targetHints":{"allow":["GET"]}}],"collection":[{"href":"https:\/\/www.europesays.com\/fr\/wp-json\/wp\/v2\/posts"}],"about":[{"href":"https:\/\/www.europesays.com\/fr\/wp-json\/wp\/v2\/types\/post"}],"author":[{"embeddable":true,"href":"https:\/\/www.europesays.com\/fr\/wp-json\/wp\/v2\/users\/2"}],"replies":[{"embeddable":true,"href":"https:\/\/www.europesays.com\/fr\/wp-json\/wp\/v2\/comments?post=623895"}],"version-history":[{"count":0,"href":"https:\/\/www.europesays.com\/fr\/wp-json\/wp\/v2\/posts\/623895\/revisions"}],"wp:featuredmedia":[{"embeddable":true,"href":"https:\/\/www.europesays.com\/fr\/wp-json\/wp\/v2\/media\/623896"}],"wp:attachment":[{"href":"https:\/\/www.europesays.com\/fr\/wp-json\/wp\/v2\/media?parent=623895"}],"wp:term":[{"taxonomy":"category","embeddable":true,"href":"https:\/\/www.europesays.com\/fr\/wp-json\/wp\/v2\/categories?post=623895"},{"taxonomy":"post_tag","embeddable":true,"href":"https:\/\/www.europesays.com\/fr\/wp-json\/wp\/v2\/tags?post=623895"}],"curies":[{"name":"wp","href":"https:\/\/api.w.org\/{rel}","templated":true}]}}