{"id":623901,"date":"2025-12-26T20:03:18","date_gmt":"2025-12-26T20:03:18","guid":{"rendered":"https:\/\/www.europesays.com\/fr\/623901\/"},"modified":"2025-12-26T20:03:18","modified_gmt":"2025-12-26T20:03:18","slug":"un-impressionnant-carambolage-met-la-circulation-a-larret","status":"publish","type":"post","link":"https:\/\/www.europesays.com\/fr\/623901\/","title":{"rendered":"un impressionnant carambolage met la circulation \u00e0 l\u2019arr\u00eat"},"content":{"rendered":"<p>                    Par<br \/>\n        <strong><br \/>\n            <a href=\"https:\/\/actu.fr\/auteur\/juliette-cardinale\" title=\"Consulter tous les articles de Juliette Cardinale\" target=\"_blank\" rel=\"noopener\">Juliette Cardinale<\/a><br \/>\n                    <\/strong><\/p>\n<p>        Publi\u00e9 le<\/p>\n<p>            26 d\u00e9c. 2025 \u00e0 19h50        <\/p>\n<p>La circulation est tr\u00e8s difficile ce vendredi 26 d\u00e9cembre 2025 <strong>sur la rocade int\u00e9rieure<\/strong> <a href=\"https:\/\/actu.fr\/bordeaux\/\" target=\"_blank\" rel=\"noopener\">de Bordeaux.<\/a> Un <strong>accident<\/strong> a eu lieu peu avant 19h \u00e0 hauteur de Bouliac.\u00a0<\/p>\n<p>Huit voitures impliqu\u00e9es<\/p>\n<p class=\" wall-content\">D\u2019apr\u00e8s Bison-Fut\u00e9, l\u2019accident s\u2019est produit sur la voie de gauche.\u00a0<strong>Huit voitures<\/strong> seraient impliqu\u00e9es dans le carambolage.<\/p>\n<p class=\" wall-content\">Vers 19h45, une <strong>voie est toujours neutralis\u00e9e<\/strong> pour l\u2019intervention des secours. La circulation se fait sur deux voies et les voitures roulent au pas sur le pont Fran\u00e7ois Mitterrand.<\/p>\n<p class=\" wall-content\">Plus d\u2019informations \u00e0 venir\u2026<\/p>\n<p class=\" wall-content\">Personnalisez votre actualit\u00e9 en ajoutant vos villes et m\u00e9dias en favori avec <a href=\"https:\/\/moncompte.actu.fr\" title=\"D\u00e9couvez Mon Actu\" rel=\"nofollow noopener\" data-trk=\"{&quot;cta&quot;:{&quot;action&quot;:&quot;https:\\\/\\\/moncompte.actu.fr&quot;,&quot;category&quot;:&quot;mon compte&quot;,&quot;from&quot;:&quot;article footer&quot;,&quot;name&quot;:&quot;Mon actu&quot;,&quot;type&quot;:&quot;cta&quot;}}\" target=\"_blank\">Mon Actu<\/a>.<\/p>\n","protected":false},"excerpt":{"rendered":"Par Juliette Cardinale Publi\u00e9 le 26 d\u00e9c. 2025 \u00e0 19h50 La circulation est tr\u00e8s difficile ce vendredi 26&hellip;\n","protected":false},"author":2,"featured_media":623902,"comment_status":"","ping_status":"","sticky":false,"template":"","format":"standard","meta":{"footnotes":""},"categories":[2817],"tags":[119,1111,11,1997,3542,1777,674,118,1011,27,12,2219,25,13229],"class_list":{"0":"post-623901","1":"post","2":"type-post","3":"status-publish","4":"format-standard","5":"has-post-thumbnail","7":"category-bordeaux","8":"tag-accident","9":"tag-actu","10":"tag-actualites","11":"tag-bordeaux","12":"tag-circulation","13":"tag-eu","14":"tag-europe","15":"tag-faits-divers","16":"tag-fr","17":"tag-france","18":"tag-news","19":"tag-nouvelle-aquitaine","20":"tag-republique-francaise","21":"tag-rocade-de-bordeaux"},"share_on_mastodon":{"url":"https:\/\/pubeurope.com\/@fr\/115787661592317213","error":""},"_links":{"self":[{"href":"https:\/\/www.europesays.com\/fr\/wp-json\/wp\/v2\/posts\/623901","targetHints":{"allow":["GET"]}}],"collection":[{"href":"https:\/\/www.europesays.com\/fr\/wp-json\/wp\/v2\/posts"}],"about":[{"href":"https:\/\/www.europesays.com\/fr\/wp-json\/wp\/v2\/types\/post"}],"author":[{"embeddable":true,"href":"https:\/\/www.europesays.com\/fr\/wp-json\/wp\/v2\/users\/2"}],"replies":[{"embeddable":true,"href":"https:\/\/www.europesays.com\/fr\/wp-json\/wp\/v2\/comments?post=623901"}],"version-history":[{"count":0,"href":"https:\/\/www.europesays.com\/fr\/wp-json\/wp\/v2\/posts\/623901\/revisions"}],"wp:featuredmedia":[{"embeddable":true,"href":"https:\/\/www.europesays.com\/fr\/wp-json\/wp\/v2\/media\/623902"}],"wp:attachment":[{"href":"https:\/\/www.europesays.com\/fr\/wp-json\/wp\/v2\/media?parent=623901"}],"wp:term":[{"taxonomy":"category","embeddable":true,"href":"https:\/\/www.europesays.com\/fr\/wp-json\/wp\/v2\/categories?post=623901"},{"taxonomy":"post_tag","embeddable":true,"href":"https:\/\/www.europesays.com\/fr\/wp-json\/wp\/v2\/tags?post=623901"}],"curies":[{"name":"wp","href":"https:\/\/api.w.org\/{rel}","templated":true}]}}