{"id":623911,"date":"2025-12-26T20:09:17","date_gmt":"2025-12-26T20:09:17","guid":{"rendered":"https:\/\/www.europesays.com\/fr\/623911\/"},"modified":"2025-12-26T20:09:17","modified_gmt":"2025-12-26T20:09:17","slug":"a-allauch-la-creche-animee-de-gilbert-orsini-se-renouvelle-depuis-un-demi-siecle","status":"publish","type":"post","link":"https:\/\/www.europesays.com\/fr\/623911\/","title":{"rendered":"\u00e0 Allauch, la cr\u00e8che anim\u00e9e de Gilbert Orsini se renouvelle depuis un demi-si\u00e8cle"},"content":{"rendered":"<p>Cela fera bient\u00f4t un demi-si\u00e8cle. La cr\u00e8che anim\u00e9e de Gilbert Orsini est devenue, depuis 48\u00a0ans, <a href=\"https:\/\/www.laprovence.com\/article\/edition-marseille\/2678425\/le-petit-monde-de-la-creche-animee-enchante-depuis-36ans.html\" target=\"_blank\" rel=\"noopener\">un rendez-vous phare de No\u00ebl<\/a> \u00e0 Allauch. Depuis la premi\u00e8re \u00e9dition en\u00a01978, plus d\u2019un million de personnes sont venues voir ses santons bouger. Enfin, pas exactement.<\/p>\n<p>Car les visiteurs sont devenus des fid\u00e8les. \u00ab\u00a0On vient chaque ann\u00e9e depuis qu\u2019on s\u2019est install\u00e9 \u00e0 Marseille il y a 15\u00a0ans, glisse Chrystel, 55\u00a0ans. Et <a href=\"https:\/\/www.laprovence.com\/article\/edition-marseille\/5243521\/la-creche-orsini-debarque-ce-week-end-pour-ses-40ans.html\" target=\"_blank\" rel=\"noopener\">c\u2019est toujours un \u00e9merveillement<\/a>. Il y a tellement de personnages qu\u2019on en d\u00e9couvre un que l\u2019on n\u2019avait pas vu avant. Et puis, ce ne sont pas toujours les m\u00eames attitudes, les d\u00e9cors changent\u2026\u00a0\u00bb<\/p>\n<p>Deux de ses quatre enfants, Domitille (20\u00a0ans) et Godefroy (13\u00a0ans), et sa m\u00e8re, Hedvige (86\u00a0ans), l\u2019accompagnent avec autant d\u2019enthousiasme. \u00ab\u00a0C\u2019est joli, original, on ne voit pas \u00e7a partout. Je fais mes \u00e9tudes \u00e0 Paris, la Provence me manque, je suis contente de venir\u00a0\u00bb, glisse la jeune fille.<\/p>\n<p>Pour <a href=\"https:\/\/www.laprovence.com\/article\/edition-marseille\/3737049\/gilbert-orsini-santonnier-et-ecrivain-passionne.html\" target=\"_blank\" rel=\"noopener\">le ma\u00eetre-santonnier Gilbert Orsini<\/a>, ce renouvellement est la cl\u00e9 du succ\u00e8s. \u00ab\u00a0Je ne propose jamais la m\u00eame vision, promet-il. D\u2019ailleurs, je ne regarde pas les photos des cr\u00e8ches pr\u00e9c\u00e9dentes pour ne pas \u00eatre influenc\u00e9. Je me souviens de ce que j\u2019ai fait et je fais diff\u00e9remment. Par exemple, il y&#8230;<\/p>\n","protected":false},"excerpt":{"rendered":"Cela fera bient\u00f4t un demi-si\u00e8cle. La cr\u00e8che anim\u00e9e de Gilbert Orsini est devenue, depuis 48\u00a0ans, un rendez-vous phare&hellip;\n","protected":false},"author":2,"featured_media":623912,"comment_status":"","ping_status":"","sticky":false,"template":"","format":"standard","meta":{"footnotes":""},"categories":[2814],"tags":[17,1111,11,20443,62226,2695,73312,1777,674,1011,27,68002,51962,884,12,73313,882,16,25],"class_list":{"0":"post-623911","1":"post","2":"type-post","3":"status-publish","4":"format-standard","5":"has-post-thumbnail","7":"category-marseille","8":"tag-17","9":"tag-actu","10":"tag-actualites","11":"tag-allauch","12":"tag-animee","13":"tag-creche","14":"tag-decors","15":"tag-eu","16":"tag-europe","17":"tag-fr","18":"tag-france","19":"tag-gilbert","20":"tag-inedits","21":"tag-marseille","22":"tag-news","23":"tag-orsini","24":"tag-provence-alpes-cote-dazur","25":"tag-region","26":"tag-republique-francaise"},"share_on_mastodon":{"url":"https:\/\/pubeurope.com\/@fr\/115787685209160798","error":""},"_links":{"self":[{"href":"https:\/\/www.europesays.com\/fr\/wp-json\/wp\/v2\/posts\/623911","targetHints":{"allow":["GET"]}}],"collection":[{"href":"https:\/\/www.europesays.com\/fr\/wp-json\/wp\/v2\/posts"}],"about":[{"href":"https:\/\/www.europesays.com\/fr\/wp-json\/wp\/v2\/types\/post"}],"author":[{"embeddable":true,"href":"https:\/\/www.europesays.com\/fr\/wp-json\/wp\/v2\/users\/2"}],"replies":[{"embeddable":true,"href":"https:\/\/www.europesays.com\/fr\/wp-json\/wp\/v2\/comments?post=623911"}],"version-history":[{"count":0,"href":"https:\/\/www.europesays.com\/fr\/wp-json\/wp\/v2\/posts\/623911\/revisions"}],"wp:featuredmedia":[{"embeddable":true,"href":"https:\/\/www.europesays.com\/fr\/wp-json\/wp\/v2\/media\/623912"}],"wp:attachment":[{"href":"https:\/\/www.europesays.com\/fr\/wp-json\/wp\/v2\/media?parent=623911"}],"wp:term":[{"taxonomy":"category","embeddable":true,"href":"https:\/\/www.europesays.com\/fr\/wp-json\/wp\/v2\/categories?post=623911"},{"taxonomy":"post_tag","embeddable":true,"href":"https:\/\/www.europesays.com\/fr\/wp-json\/wp\/v2\/tags?post=623911"}],"curies":[{"name":"wp","href":"https:\/\/api.w.org\/{rel}","templated":true}]}}