{"id":623921,"date":"2025-12-26T20:17:15","date_gmt":"2025-12-26T20:17:15","guid":{"rendered":"https:\/\/www.europesays.com\/fr\/623921\/"},"modified":"2025-12-26T20:17:15","modified_gmt":"2025-12-26T20:17:15","slug":"paris-trois-femmes-legerement-blessees-a-larme-blanche-dans-le-metro","status":"publish","type":"post","link":"https:\/\/www.europesays.com\/fr\/623921\/","title":{"rendered":"Paris. Trois femmes l\u00e9g\u00e8rement bless\u00e9es \u00e0 l&rsquo;arme blanche dans le m\u00e9tro"},"content":{"rendered":"<p>Trois femmes ont \u00e9t\u00e9 l\u00e9g\u00e8rement bless\u00e9es avec une arme blanche dans le m\u00e9tro parisien par un individu qui a pris la fuite, avant d&rsquo;\u00eatre interpell\u00e9 un peu plus tard.<\/p>\n<p>Les agressions ont eu lieu sur la ligne du 3 du m\u00e9tro aux stations Arts et M\u00e9tiers, R\u00e9publique et Op\u00e9ra, en plein centre de Paris, entre 16h15 et 16h45.<\/p>\n<p>  G\u00e9olocalis\u00e9 et interpell\u00e9<\/p>\n<p>L&rsquo;agresseur a pu \u00eatre identifi\u00e9 \u00ab gr\u00e2ce aux images de vid\u00e9osurveillance \u00bb: \u00ab la mise en \u0153uvre de la g\u00e9olocalisation de son t\u00e9l\u00e9phone portable a permis son interpellation en fin d&rsquo;apr\u00e8s-midi dans le Val d&rsquo;Oise \u00bb, a pr\u00e9cis\u00e9 le parquet de Paris, sans \u00eatre en mesure\u00a0d&rsquo;indiquer dans l&rsquo;imm\u00e9diat l&rsquo;\u00e9tat des blessures des victimes.<\/p>\n<p>Une enqu\u00eate, confi\u00e9e aux services de la s\u00fbret\u00e9 r\u00e9gionale des transports (SRT), a \u00e9t\u00e9 ouverte pour tentative d&rsquo;homicide volontaire et violences volontaires avec arme.<\/p>\n<p>Le pr\u00e9fet de police de Paris Patrice Faure a \u00ab salu\u00e9 la r\u00e9activit\u00e9 et la mobilisation de ses services pour leur intervention et l&rsquo;interpellation de l&rsquo;individu suspect\u00e9 d&rsquo;\u00eatre l&rsquo;auteur de ces faits \u00bb.<\/p>\n<p>\u00ab Des \u00e9quipes de s\u00e9curit\u00e9 ont \u00e9t\u00e9 d\u00e9ploy\u00e9es en renfort pour s\u00e9curiser la ligne \u00bb 3, a pr\u00e9cis\u00e9 de son c\u00f4t\u00e9 la RATP.<\/p>\n<p>Le ministre de l&rsquo;Int\u00e9rieur Laurent Nu\u00f1ez avait appel\u00e9 la semaine pass\u00e9e les pr\u00e9fets et responsables de la s\u00e9curit\u00e9 \u00e0 \u00ab une vigilance maximale \u00bb \u00e0 l&rsquo;approche des festivit\u00e9s du Nouvel an.<\/p>\n","protected":false},"excerpt":{"rendered":"Trois femmes ont \u00e9t\u00e9 l\u00e9g\u00e8rement bless\u00e9es avec une arme blanche dans le m\u00e9tro parisien par un individu qui&hellip;\n","protected":false},"author":2,"featured_media":623922,"comment_status":"","ping_status":"","sticky":false,"template":"","format":"standard","meta":{"footnotes":""},"categories":[1888],"tags":[1111,1928,11,1927,1777,674,274,107,1011,27,329,12,1926,626,1925,25],"class_list":{"0":"post-623921","1":"post","2":"type-post","3":"status-publish","4":"format-standard","5":"has-post-thumbnail","7":"category-paris","8":"tag-actu","9":"tag-actu-paris","10":"tag-actualites","11":"tag-actualites-paris","12":"tag-eu","13":"tag-europe","14":"tag-faits-divers-justice","15":"tag-fil-info","16":"tag-fr","17":"tag-france","18":"tag-france-monde","19":"tag-news","20":"tag-news-paris","21":"tag-paris","22":"tag-paris-news","23":"tag-republique-francaise"},"share_on_mastodon":{"url":"https:\/\/pubeurope.com\/@fr\/115787716783670361","error":""},"_links":{"self":[{"href":"https:\/\/www.europesays.com\/fr\/wp-json\/wp\/v2\/posts\/623921","targetHints":{"allow":["GET"]}}],"collection":[{"href":"https:\/\/www.europesays.com\/fr\/wp-json\/wp\/v2\/posts"}],"about":[{"href":"https:\/\/www.europesays.com\/fr\/wp-json\/wp\/v2\/types\/post"}],"author":[{"embeddable":true,"href":"https:\/\/www.europesays.com\/fr\/wp-json\/wp\/v2\/users\/2"}],"replies":[{"embeddable":true,"href":"https:\/\/www.europesays.com\/fr\/wp-json\/wp\/v2\/comments?post=623921"}],"version-history":[{"count":0,"href":"https:\/\/www.europesays.com\/fr\/wp-json\/wp\/v2\/posts\/623921\/revisions"}],"wp:featuredmedia":[{"embeddable":true,"href":"https:\/\/www.europesays.com\/fr\/wp-json\/wp\/v2\/media\/623922"}],"wp:attachment":[{"href":"https:\/\/www.europesays.com\/fr\/wp-json\/wp\/v2\/media?parent=623921"}],"wp:term":[{"taxonomy":"category","embeddable":true,"href":"https:\/\/www.europesays.com\/fr\/wp-json\/wp\/v2\/categories?post=623921"},{"taxonomy":"post_tag","embeddable":true,"href":"https:\/\/www.europesays.com\/fr\/wp-json\/wp\/v2\/tags?post=623921"}],"curies":[{"name":"wp","href":"https:\/\/api.w.org\/{rel}","templated":true}]}}