{"id":623961,"date":"2025-12-26T20:43:24","date_gmt":"2025-12-26T20:43:24","guid":{"rendered":"https:\/\/www.europesays.com\/fr\/623961\/"},"modified":"2025-12-26T20:43:24","modified_gmt":"2025-12-26T20:43:24","slug":"odile-viale-expose-a-la-poissonnerie-je-veux-montrer-a-la-fois-ce-cote-leger-et-ce-cote-lourd-dans-mon-travail","status":"publish","type":"post","link":"https:\/\/www.europesays.com\/fr\/623961\/","title":{"rendered":"Odile Viale expose \u00e0 la Poissonnerie\u00a0: \u00ab\u00a0Je veux montrer \u00e0 la fois ce c\u00f4t\u00e9 l\u00e9ger et ce c\u00f4t\u00e9 lourd dans mon travail.\u00a0\u00bb"},"content":{"rendered":"<p>\n                                                                    l&rsquo;essentiel<br \/>\n                                                                La galerie d\u2019art La Poissonnerie accueille les \u0153uvres d\u2019Odile Viale, une artiste autodidacte fascin\u00e9e par les oiseaux et l\u2019enfance. Ses cr\u00e9ations sont expos\u00e9es jusqu\u2019au 3\u00a0janvier 2026.\n                            <\/p>\n<p>L\u2019\u00e9nergie d\u2019Odile Viale emplit cet espace petit mais lumineux d\u00e8s que vous y entrez. Vous vous sentez vu. Souriante et anim\u00e9e, elle accueille les visiteurs, leur laisse le temps de regarder son travail et, s\u2019ils le souhaitent, leur parle avec enthousiasme de sa technique et des id\u00e9es qui sous-tendent son \u0153uvre. La Poissonnerie, toute nouvelle galerie d\u2019art en c\u0153ur de bastide, expose une s\u00e9lection de diff\u00e9rents projets qu\u2019elle a r\u00e9alis\u00e9s.<\/p>\n<p>Beaucoup d\u2019oiseaux. \u00ab\u00a0J\u2019aime les oiseaux. Si nous pensions plus comme eux, le monde serait diff\u00e9rent.\u00a0\u00bb Elle montre l\u2019\u0153uvre Kyiv Vive, o\u00f9 un oiseau se pose sur un casque, dans lequel il a fait un nid pour ses oisillons. \u00ab\u00a0C\u2019est un casque ukrainien, avec le logo Viking. Il s\u2019agit d\u2019une esp\u00e8ce d\u2019oiseau qui migre entre la Russie et l\u2019Ukraine, sans se soucier des fronti\u00e8res.\u00a0\u00bb<\/p>\n<p>Les oiseaux une source d\u2019inspiration<\/p>\n<p>Viale porte \u00e9galement un regard spirituel sur les oiseaux. \u00ab\u00a0Un corps qui meurt perd 21 grammes, le poids d\u2019une \u00e2me. L\u00e0, on voit un lien avec les oiseaux. Ils seraient des \u00e2mes. J\u2019aime cette pens\u00e9e et je l\u2019utilise dans mon travail.\u00a0\u00bb Odile Viale est autodidacte, elle n\u2019a jamais suivi de cours de dessin.<\/p>\n<p>\u00ab\u00a0J\u2019apprenais facilement, \u00e0 l\u2019\u00e9cole je finissais rapidement les exercices et comme je devais faire quelque chose pendant le temps restant, le professeur me laissait dessiner. J\u2019\u00e9tais fascin\u00e9e par la Renaissance et j\u2019essayais de reproduire des \u0153uvres de cette \u00e9poque. J\u2019ai beaucoup appris ainsi.\u00a0\u00bb Les enfants sont souvent pr\u00e9sents dans son travail. Dans cette exposition, vous trouverez quatre t\u00eates de filles qui font des grimaces.<\/p>\n<p>L\u2019enfance dans son \u0153uvre<\/p>\n<p>\u00ab\u00a0Ce sont des filles de mon village. J\u2019ai pris des photos de vingt-neuf enfants, qui ont ensuite choisi eux-m\u00eames la photo que je pouvais utiliser pour le dessin. Une fois les dessins termin\u00e9s, les enfants ont pr\u00e9sent\u00e9 mon travail.\u00a0\u00bb Ses \u0153uvres sont fragiles, un \u00e9criteau le rappelle. Fragiles, les enfants le sont parfois. \u00ab\u00a0De nos jours, les enfants h\u00e9sitent \u00e0 se faire prendre en photo.<\/p>\n<p>Il est rare qu\u2019ils prennent une pose naturelle et ils demandent imm\u00e9diatement \u00e0 voir le r\u00e9sultat. Ces grimaces repr\u00e9sentent une spontan\u00e9it\u00e9 qui n\u2019est plus tr\u00e8s courante. Elle est devenue fragile\u00a0\u00bb, souffle l\u2019artiste. Elle est \u00e9galement professeure d\u2019arts appliqu\u00e9s et aime travailler avec les plus petits. \u00ab\u00a0Je trouve important de les impliquer dans l\u2019art. Qu\u2019ils d\u00e9couvrent comment se d\u00e9roule un processus cr\u00e9atif\u00a0: on commence avec une image dans la t\u00eate et une feuille blanche, puis on se met au travail pour concr\u00e9tiser son id\u00e9e.\u00a0\u00bb Le travail de Viale est parfois n\u00e9 du hasard, comme la toile d\u2019araign\u00e9e brillante dans un morceau de bois creux, ou d\u2019un amour, comme les nombreuses chouettes, mais en g\u00e9n\u00e9ral, elle veut raconter quelque chose.<\/p>\n<p>Partager des sentiments<\/p>\n<p>Dans la Poissonnerie, il y a une \u0153uvre pour laquelle elle a dessin\u00e9 ses deux fils, l\u2019un grimpant sur le dos de l\u2019autre pour regarder par-dessus quelque chose et se retrouvant alors face \u00e0 lui-m\u00eame. \u00ab\u00a0Ici, je montre que les enfants veulent grandir vite, alors qu\u2019il vaut mieux profiter du temps o\u00f9 l\u2019on est encore petit.\u00a0\u00bb<\/p>\n<p>Elle a r\u00e9alis\u00e9 plusieurs \u0153uvres sur le th\u00e8me de la mort. \u00ab\u00a0La mort est souvent consid\u00e9r\u00e9e comme quelque chose de lourd et de sombre, mais la caducit\u00e9, la d\u00e9composition, nourrissent la nouvelle vie, elles sont indissociables. La mort donne la vie. Je veux montrer \u00e0 la fois ce c\u00f4t\u00e9 l\u00e9ger et ce c\u00f4t\u00e9 lourd dans mon travail.\u00a0\u00bb<\/p>\n<p>Les \u0153uvres d\u2019Odile Viale sont expos\u00e9es jusqu\u2019au 3\u00a0janvier 2026 et l\u2019artiste est pr\u00e9sente pendant toutes les heures d\u2019ouverture pour vous parler de son travail. Heures d\u2019ouverture\u00a0: jeudi, vendredi et samedi de 10\u00a0h \u00e0 12\u00a0h et de 14\u00a0h \u00e0 18\u00a0h\u00a030.<\/p>\n<p>    La Poissonnerie, une nouvelle galerie d\u2019art<\/p>\n<p>Cette installation s\u2019ins\u00e8re dans cette volont\u00e9 de redynamiser la rue de la R\u00e9publique. En lieu et place de l\u2019ancienne poissonnerie dont les mosa\u00efques ont \u00e9t\u00e9 restaur\u00e9es, la municipalit\u00e9 a ouvert une nouvelle galerie d\u2019art \u00e9ponyme. Odile Viale inaugure ce nouvel espace artistique. \u00ab\u00a0Aujourd\u2019hui, les commerces qu\u2019on a pu conna\u00eetre peut-\u00eatre il y a vingt ans, trente ans, ce n\u2019est plus forc\u00e9ment ce qu\u2019on va retrouver en totalit\u00e9 ici. Les villes utilisent beaucoup le levier culturel, notamment pour attirer du monde en ville et cr\u00e9er du flux\u00a0\u00bb, justifie Jean-S\u00e9bastien Orcibal, maire de Villefranche-de-Rouergue lors de l\u2019inauguration, vendredi dernier. Le local d\u2019exposition o\u00f9 une rotation d\u2019artistes doit se succ\u00e9der tout au long de l\u2019ann\u00e9e. L\u2019espace est lou\u00e9 gratuitement selon la mairie par les propri\u00e9taires de l\u2019immeuble, le promoteur Soliha. Dans la rue d\u2019autres projets sont en cours de r\u00e9alisation. C\u00f4t\u00e9 culturel, l\u2019installation de l\u2019Atelier Blanc pour le premier trimestre 2026. Un lavomatique ainsi qu\u2019une r\u00e9sidence \u00e9tudiante et diff\u00e9rentes associations d\u2019aide \u00e0 la personne.<\/p>\n","protected":false},"excerpt":{"rendered":"l&rsquo;essentiel La galerie d\u2019art La Poissonnerie accueille les \u0153uvres d\u2019Odile Viale, une artiste autodidacte fascin\u00e9e par les oiseaux&hellip;\n","protected":false},"author":2,"featured_media":623962,"comment_status":"","ping_status":"","sticky":false,"template":"","format":"standard","meta":{"footnotes":""},"categories":[1358],"tags":[1348,1384,1385,18483,872,1386,58,59,1011,27,73330],"class_list":{"0":"post-623961","1":"post","2":"type-post","3":"status-publish","4":"format-standard","5":"has-post-thumbnail","7":"category-arts-et-design","8":"tag-arts","9":"tag-arts-and-design","10":"tag-arts-et-design","11":"tag-aveyron","12":"tag-culture-et-loisirs","13":"tag-design","14":"tag-divertissement","15":"tag-entertainment","16":"tag-fr","17":"tag-france","18":"tag-villefranchederouergue"},"share_on_mastodon":{"url":"https:\/\/pubeurope.com\/@fr\/115787818811433830","error":""},"_links":{"self":[{"href":"https:\/\/www.europesays.com\/fr\/wp-json\/wp\/v2\/posts\/623961","targetHints":{"allow":["GET"]}}],"collection":[{"href":"https:\/\/www.europesays.com\/fr\/wp-json\/wp\/v2\/posts"}],"about":[{"href":"https:\/\/www.europesays.com\/fr\/wp-json\/wp\/v2\/types\/post"}],"author":[{"embeddable":true,"href":"https:\/\/www.europesays.com\/fr\/wp-json\/wp\/v2\/users\/2"}],"replies":[{"embeddable":true,"href":"https:\/\/www.europesays.com\/fr\/wp-json\/wp\/v2\/comments?post=623961"}],"version-history":[{"count":0,"href":"https:\/\/www.europesays.com\/fr\/wp-json\/wp\/v2\/posts\/623961\/revisions"}],"wp:featuredmedia":[{"embeddable":true,"href":"https:\/\/www.europesays.com\/fr\/wp-json\/wp\/v2\/media\/623962"}],"wp:attachment":[{"href":"https:\/\/www.europesays.com\/fr\/wp-json\/wp\/v2\/media?parent=623961"}],"wp:term":[{"taxonomy":"category","embeddable":true,"href":"https:\/\/www.europesays.com\/fr\/wp-json\/wp\/v2\/categories?post=623961"},{"taxonomy":"post_tag","embeddable":true,"href":"https:\/\/www.europesays.com\/fr\/wp-json\/wp\/v2\/tags?post=623961"}],"curies":[{"name":"wp","href":"https:\/\/api.w.org\/{rel}","templated":true}]}}