{"id":623983,"date":"2025-12-26T20:56:21","date_gmt":"2025-12-26T20:56:21","guid":{"rendered":"https:\/\/www.europesays.com\/fr\/623983\/"},"modified":"2025-12-26T20:56:21","modified_gmt":"2025-12-26T20:56:21","slug":"le-chambon-feugerolles-vegetalisation-et-reamenagement-des-cours-pour-le-bien-etre-des-enfants","status":"publish","type":"post","link":"https:\/\/www.europesays.com\/fr\/623983\/","title":{"rendered":"Le Chambon-Feugerolles. V\u00e9g\u00e9talisation et r\u00e9am\u00e9nagement des cours pour le bien-\u00eatre des enfants"},"content":{"rendered":"<p>Le chantier n\u2019a pas eu d\u2019impact pour le jardin d\u2019enfants, puisqu\u2019il ferme ses services \u00e0 chaque vacance scolaire. Quant aux utilisateurs du centre de loisirs, ils ont \u00e9t\u00e9 accueillis \u00e0 l\u2019\u00e9cole maternelle Jean-Jaur\u00e8s pendant les vacances de la Toussaint, laissant les engins entrer en action. Dans la cour du centre de loisirs, le sol a \u00e9t\u00e9 \u00ab\u00a0d\u00e9cro\u00fbt\u00e9\u00a0\u00bb sur une large bande, pour y semer du gazon et des v\u00e9g\u00e9taux couvrants. Une d\u00e9simperm\u00e9abilsiation dot\u00e9e d\u2019une barri\u00e8re v\u00e9g\u00e9talis\u00e9e qui recouvrira la cl\u00f4ture grillag\u00e9e.<\/p>\n<p>Des arbres pour offrir des coins d\u2019ombre en cas de fortes chaleurs<\/p>\n<p>Les arbres plant\u00e9s le long de cette barri\u00e8re apporteront \u00e0 terme, l\u2019ombre tant recherch\u00e9e pendant les \u00e9pisodes de chaleur. Cette parcelle de terrain encore d\u00e9tremp\u00e9e, restera ouverte aux jeux des petites t\u00eates blondes et brunes quand la nature aura fait son travail&#8230;.<\/p>\n","protected":false},"excerpt":{"rendered":"Le chantier n\u2019a pas eu d\u2019impact pour le jardin d\u2019enfants, puisqu\u2019il ferme ses services \u00e0 chaque vacance scolaire.&hellip;\n","protected":false},"author":2,"featured_media":623984,"comment_status":"","ping_status":"","sticky":false,"template":"","format":"standard","meta":{"footnotes":""},"categories":[9653],"tags":[1111,11,2430,12162,7539,436,1777,674,1011,27,12161,12,25,4001],"class_list":{"0":"post-623983","1":"post","2":"type-post","3":"status-publish","4":"format-standard","5":"has-post-thumbnail","7":"category-saint-etienne","8":"tag-actu","9":"tag-actualites","10":"tag-auvergne-rhone-alpes","11":"tag-chambon-feugerolles-ville","12":"tag-edition-loire-sud","13":"tag-environnement","14":"tag-eu","15":"tag-europe","16":"tag-fr","17":"tag-france","18":"tag-le-chambon-feugerolles","19":"tag-news","20":"tag-republique-francaise","21":"tag-saint-etienne"},"share_on_mastodon":{"url":"https:\/\/pubeurope.com\/@fr\/115787869987964854","error":""},"_links":{"self":[{"href":"https:\/\/www.europesays.com\/fr\/wp-json\/wp\/v2\/posts\/623983","targetHints":{"allow":["GET"]}}],"collection":[{"href":"https:\/\/www.europesays.com\/fr\/wp-json\/wp\/v2\/posts"}],"about":[{"href":"https:\/\/www.europesays.com\/fr\/wp-json\/wp\/v2\/types\/post"}],"author":[{"embeddable":true,"href":"https:\/\/www.europesays.com\/fr\/wp-json\/wp\/v2\/users\/2"}],"replies":[{"embeddable":true,"href":"https:\/\/www.europesays.com\/fr\/wp-json\/wp\/v2\/comments?post=623983"}],"version-history":[{"count":0,"href":"https:\/\/www.europesays.com\/fr\/wp-json\/wp\/v2\/posts\/623983\/revisions"}],"wp:featuredmedia":[{"embeddable":true,"href":"https:\/\/www.europesays.com\/fr\/wp-json\/wp\/v2\/media\/623984"}],"wp:attachment":[{"href":"https:\/\/www.europesays.com\/fr\/wp-json\/wp\/v2\/media?parent=623983"}],"wp:term":[{"taxonomy":"category","embeddable":true,"href":"https:\/\/www.europesays.com\/fr\/wp-json\/wp\/v2\/categories?post=623983"},{"taxonomy":"post_tag","embeddable":true,"href":"https:\/\/www.europesays.com\/fr\/wp-json\/wp\/v2\/tags?post=623983"}],"curies":[{"name":"wp","href":"https:\/\/api.w.org\/{rel}","templated":true}]}}