{"id":623998,"date":"2025-12-26T21:09:29","date_gmt":"2025-12-26T21:09:29","guid":{"rendered":"https:\/\/www.europesays.com\/fr\/623998\/"},"modified":"2025-12-26T21:09:29","modified_gmt":"2025-12-26T21:09:29","slug":"deux-cambrioleurs-cagoules-et-gantes-trahis-par-la-video-surveillance-le-soir-de-noel-a-sotteville-les-rouen","status":"publish","type":"post","link":"https:\/\/www.europesays.com\/fr\/623998\/","title":{"rendered":"Deux cambrioleurs, cagoul\u00e9s et gant\u00e9s, trahis par la vid\u00e9o-surveillance le soir de No\u00ebl \u00e0 Sotteville-l\u00e8s-Rouen"},"content":{"rendered":"<p>\t\t\t\t\t Le soir du r\u00e9veillon de No\u00ebl, une habitante de Sotteville-l\u00e8s-Rouen, dans l&rsquo;agglom\u00e9ration rouennaise, contacte la police pour signaler la pr\u00e9sence de deux individus \u00e0 l\u2019int\u00e9rieur m\u00eame de son domicile. La femme a \u00e9t\u00e9 alert\u00e9e par le syst\u00e8me de vid\u00e9o-protection \u00e9quipant son pavillon. Les policiers de la brigade anticriminalit\u00e9 (BAC) se rendent imm\u00e9diatement \u00e0 l&rsquo;adresse indiqu\u00e9e et \u00e0 leur arriv\u00e9e, d\u00e9couvrent, en effet, que la porte d\u2019entr\u00e9e du pavillon est visiblement forc\u00e9e. <\/p>\n<p>Les fonctionnaires p\u00e9n\u00eatrent \u00e0 l\u2019int\u00e9rieur et entreprennent une visite d\u00e9taill\u00e9e de l&rsquo;habitation. Au cours de leur progression, ils d\u00e9couvrent alors deux individus qui tentent de se dissimuler. Les deux hommes, encagoul\u00e9s et gant\u00e9s, sont interpell\u00e9s en flagrant d\u00e9lit sans opposer la moindre r\u00e9sistance.\n\t\t\t\t <\/p>\n","protected":false},"excerpt":{"rendered":"Le soir du r\u00e9veillon de No\u00ebl, une habitante de Sotteville-l\u00e8s-Rouen, dans l&rsquo;agglom\u00e9ration rouennaise, contacte la police pour signaler&hellip;\n","protected":false},"author":2,"featured_media":623999,"comment_status":"","ping_status":"","sticky":false,"template":"","format":"standard","meta":{"footnotes":""},"categories":[9587],"tags":[1111,11,1174,1067,1777,674,118,1011,27,12,5161,1072,25,9590,5163,56267],"class_list":{"0":"post-623998","1":"post","2":"type-post","3":"status-publish","4":"format-standard","5":"has-post-thumbnail","7":"category-rouen","8":"tag-actu","9":"tag-actualites","10":"tag-cambriolage","11":"tag-enquete","12":"tag-eu","13":"tag-europe","14":"tag-faits-divers","15":"tag-fr","16":"tag-france","17":"tag-news","18":"tag-normandie","19":"tag-police","20":"tag-republique-francaise","21":"tag-rouen","22":"tag-seine-maritime","23":"tag-sotteville-les-rouen"},"share_on_mastodon":{"url":"https:\/\/pubeurope.com\/@fr\/115787921047389783","error":""},"_links":{"self":[{"href":"https:\/\/www.europesays.com\/fr\/wp-json\/wp\/v2\/posts\/623998","targetHints":{"allow":["GET"]}}],"collection":[{"href":"https:\/\/www.europesays.com\/fr\/wp-json\/wp\/v2\/posts"}],"about":[{"href":"https:\/\/www.europesays.com\/fr\/wp-json\/wp\/v2\/types\/post"}],"author":[{"embeddable":true,"href":"https:\/\/www.europesays.com\/fr\/wp-json\/wp\/v2\/users\/2"}],"replies":[{"embeddable":true,"href":"https:\/\/www.europesays.com\/fr\/wp-json\/wp\/v2\/comments?post=623998"}],"version-history":[{"count":0,"href":"https:\/\/www.europesays.com\/fr\/wp-json\/wp\/v2\/posts\/623998\/revisions"}],"wp:featuredmedia":[{"embeddable":true,"href":"https:\/\/www.europesays.com\/fr\/wp-json\/wp\/v2\/media\/623999"}],"wp:attachment":[{"href":"https:\/\/www.europesays.com\/fr\/wp-json\/wp\/v2\/media?parent=623998"}],"wp:term":[{"taxonomy":"category","embeddable":true,"href":"https:\/\/www.europesays.com\/fr\/wp-json\/wp\/v2\/categories?post=623998"},{"taxonomy":"post_tag","embeddable":true,"href":"https:\/\/www.europesays.com\/fr\/wp-json\/wp\/v2\/tags?post=623998"}],"curies":[{"name":"wp","href":"https:\/\/api.w.org\/{rel}","templated":true}]}}