{"id":624000,"date":"2025-12-26T21:10:34","date_gmt":"2025-12-26T21:10:34","guid":{"rendered":"https:\/\/www.europesays.com\/fr\/624000\/"},"modified":"2025-12-26T21:10:34","modified_gmt":"2025-12-26T21:10:34","slug":"madame-arthur-du-cabaret-a-la-belle-electrique-le-6-fevrier","status":"publish","type":"post","link":"https:\/\/www.europesays.com\/fr\/624000\/","title":{"rendered":"Madame Arthur. Du cabaret \u00e0 la Belle \u00c9lectrique le 6\u00a0f\u00e9vrier"},"content":{"rendered":"<p>Apr\u00e8s avoir enflamm\u00e9 les cabarets de Pigalle, le spectacle Madame Arthur enflamme Grenoble a \u00e9t\u00e9 sp\u00e9cialement rebaptis\u00e9 ainsi pour une date \u00e0 la Belle \u00c9lectrique le 6\u00a0f\u00e9vrier \u00e0 20h. Quatre artistes drag enflamment la France enti\u00e8re sur un r\u00e9cital des chansons fran\u00e7aises en mode piano-voix et, surtout avec une belle dose d\u2019humour et d\u2019extravagance.<\/p>\n<p class=\"note\">\u00c0 partir de 32\u00a0euros.<\/p>\n","protected":false},"excerpt":{"rendered":"Apr\u00e8s avoir enflamm\u00e9 les cabarets de Pigalle, le spectacle Madame Arthur enflamme Grenoble a \u00e9t\u00e9 sp\u00e9cialement rebaptis\u00e9 ainsi&hellip;\n","protected":false},"author":2,"featured_media":624001,"comment_status":"","ping_status":"","sticky":false,"template":"","format":"standard","meta":{"footnotes":""},"categories":[9566],"tags":[1111,11,2430,1687,112,1777,674,1011,27,2731,2732,12,25,3140],"class_list":{"0":"post-624000","1":"post","2":"type-post","3":"status-publish","4":"format-standard","5":"has-post-thumbnail","7":"category-grenoble","8":"tag-actu","9":"tag-actualites","10":"tag-auvergne-rhone-alpes","11":"tag-culture-loisirs","12":"tag-edition-grenoble-agglomeration","13":"tag-eu","14":"tag-europe","15":"tag-fr","16":"tag-france","17":"tag-grenoble","18":"tag-grenoble-bassin","19":"tag-news","20":"tag-republique-francaise","21":"tag-spectacle"},"share_on_mastodon":{"url":"https:\/\/pubeurope.com\/@fr\/115787925012936635","error":""},"_links":{"self":[{"href":"https:\/\/www.europesays.com\/fr\/wp-json\/wp\/v2\/posts\/624000","targetHints":{"allow":["GET"]}}],"collection":[{"href":"https:\/\/www.europesays.com\/fr\/wp-json\/wp\/v2\/posts"}],"about":[{"href":"https:\/\/www.europesays.com\/fr\/wp-json\/wp\/v2\/types\/post"}],"author":[{"embeddable":true,"href":"https:\/\/www.europesays.com\/fr\/wp-json\/wp\/v2\/users\/2"}],"replies":[{"embeddable":true,"href":"https:\/\/www.europesays.com\/fr\/wp-json\/wp\/v2\/comments?post=624000"}],"version-history":[{"count":0,"href":"https:\/\/www.europesays.com\/fr\/wp-json\/wp\/v2\/posts\/624000\/revisions"}],"wp:featuredmedia":[{"embeddable":true,"href":"https:\/\/www.europesays.com\/fr\/wp-json\/wp\/v2\/media\/624001"}],"wp:attachment":[{"href":"https:\/\/www.europesays.com\/fr\/wp-json\/wp\/v2\/media?parent=624000"}],"wp:term":[{"taxonomy":"category","embeddable":true,"href":"https:\/\/www.europesays.com\/fr\/wp-json\/wp\/v2\/categories?post=624000"},{"taxonomy":"post_tag","embeddable":true,"href":"https:\/\/www.europesays.com\/fr\/wp-json\/wp\/v2\/tags?post=624000"}],"curies":[{"name":"wp","href":"https:\/\/api.w.org\/{rel}","templated":true}]}}