{"id":624005,"date":"2025-12-26T21:15:57","date_gmt":"2025-12-26T21:15:57","guid":{"rendered":"https:\/\/www.europesays.com\/fr\/624005\/"},"modified":"2025-12-26T21:15:57","modified_gmt":"2025-12-26T21:15:57","slug":"quoi-faire-a-nouvel-an-strasbourg-sort-le-grand-jeu-avec-13-soirees-et-spectacles","status":"publish","type":"post","link":"https:\/\/www.europesays.com\/fr\/624005\/","title":{"rendered":"Quoi faire \u00e0 Nouvel An ? Strasbourg sort le grand jeu avec 13 soir\u00e9es et spectacles !"},"content":{"rendered":"<p><b>L\u2019ann\u00e9e 2025 arrive \u00e0 son terme et tu n\u2019as pas encore trouver comment trinquer \u00e0 ce bon vieux Saint-Sylvestre ? Ne sois pas en reste : Strasbourg a de quoi mettre des paillettes et de la f\u00eate dans ton 31 d\u00e9cembre. Sauf si tu pr\u00e9f\u00e8res le passer p\u00e9pouze dans ta chambre, suis le guide pour trouver ton bon plan de Nouvel An, entre grosses teufs, d\u00eeners et spectacles.<\/b><\/p>\n<p>Les spectacles et rendez-vous d&rsquo;exception<\/p>\n<p>Envie de t\u2019offrir un moment pr\u00e9cieux, plut\u00f4t qu\u2019\u00e9cumer les bars ou les soir\u00e9es en appartement ? <b>D\u00eeners, spectacles <\/b>et m\u00eame <a href=\"https:\/\/pokaa.fr\/2025\/12\/03\/feter-nouvel-an-sur-un-bateau-cest-ce-que-propose-batorama-aux-strasbourgeoises\/\" target=\"_blank\" rel=\"noopener\"><b>croisi\u00e8re sur l\u2019Ill<\/b><\/a><b> <\/b>pour lever l\u2019ancre vers 2026\u2026 En cette fin d\u2019ann\u00e9e, Strasbourg sort le grand jeu.<\/p>\n<p>Les gourmets se dirigeront vers<b> L\u2019Alsace \u00e0 Boire, et son menu d\u2019exception en 7 \u00e9tapes<\/b> (carn\u00e9 ou v\u00e9g\u00e9) et ses accords mets et vins et grands crus, que l\u2019on te d\u00e9taillait ici :<\/p>\n<p>                <a href=\"https:\/\/pokaa.fr\/2025\/12\/24\/festin-vs-dj-set-pour-nouvel-an-2-bars-strasbourgeois-nous-poussent-a-choisir-notre-camp\/\" target=\"_blank\" rel=\"noopener\"><br \/>\n                    <img width=\"450\" height=\"270\" src=\"https:\/\/www.europesays.com\/fr\/wp-content\/uploads\/2025\/12\/c3-450x270.jpg\" class=\"attachment-card-horizontal--same-subject size-card-horizontal--same-subject wp-post-image\" alt=\"\" decoding=\"async\" loading=\"lazy\"\/>                <\/a><\/p>\n<p>                <img width=\"750\" height=\"500\" src=\"https:\/\/www.europesays.com\/fr\/wp-content\/uploads\/2025\/12\/ambiance-aab-1-750x500.jpg\" class=\"attachment-gallery size-gallery\" alt=\"L\u2019Alsace \u00e0 Boire\" data-full-url=\"https:\/\/pokaa.fr\/wp-content\/uploads\/2025\/12\/22\/ambiance-aab-1.jpg\" decoding=\"async\" loading=\"lazy\"  \/>            <\/p>\n<p>                <img width=\"333\" height=\"500\" src=\"https:\/\/www.europesays.com\/fr\/wp-content\/uploads\/2025\/12\/ambiance-aab-2-333x500.jpg\" class=\"attachment-gallery size-gallery\" alt=\"L\u2019Alsace \u00e0 Boire\" data-full-url=\"https:\/\/pokaa.fr\/wp-content\/uploads\/2025\/12\/22\/ambiance-aab-2.jpg\" decoding=\"async\" loading=\"lazy\"  \/>            <\/p>\n<p>                    L&rsquo;Alsace \u00e0 Boire. \u00a9 Bruno Barazzutti \/ Documents remis<\/p>\n<p>    <img width=\"800\" height=\"600\" src=\"https:\/\/www.europesays.com\/fr\/wp-content\/uploads\/2025\/12\/20250206-croisieres-degustations-bieres-bendorf-laura-bory-12362-800x600.jpeg\" class=\"attachment-image-size-L size-image-size-L\" alt=\"batorama\" decoding=\"async\" loading=\"lazy\"  \/>         Croisi\u00e8re Batorama. \u00a9 Laura Bory \/ Document remis <\/p>\n<p>Plut\u00f4t m\u00e9lomane ? <a href=\"https:\/\/pokaa.fr\/2025\/12\/09\/beethoven-harry-potter-star-wars-6-concerts-pour-celebrer-les-fetes-a-strasbourg\/\" target=\"_blank\" rel=\"noopener\">Nous te parlions des <b>concerts de la Saint-Sylvestre et du Nouvel An <\/b>(les 31 d\u00e9cembre et 1er janvier) de <b>l\u2019Orchestre Philharmonique de Strasbourg<\/b>.<\/a> L\u2019OPS nous y d\u00e9voilera un <b>Floril\u00e8ge Lyrique<\/b><b>, en compagnie du Ch\u0153ur de l\u2019Op\u00e9ra national du Rhin <\/b>(dirig\u00e9 par Hendrik Haas).<\/p>\n<p>Une d\u00e9couverte des <b>\u00ab\u00a0plus beaux airs du r\u00e9pertoire\u00a0\u00bb<\/b> de Bizet, Puccini, Verdi, Bellini, Donizetti, Massenet, K\u00e1lm\u00e1n\u2026 Avec le chef Aziz Shokhakimov \u00e0 la baguette, la soprano Barno Ismatullaeva et le t\u00e9nor Xabier Anduaga.<\/p>\n<p>                <a href=\"https:\/\/pokaa.fr\/2025\/12\/09\/beethoven-harry-potter-star-wars-6-concerts-pour-celebrer-les-fetes-a-strasbourg\/\" target=\"_blank\" rel=\"noopener\"><br \/>\n                    <img width=\"450\" height=\"270\" src=\"https:\/\/www.europesays.com\/fr\/wp-content\/uploads\/2025\/12\/1765851768_961_b1-450x270.jpg\" class=\"attachment-card-horizontal--same-subject size-card-horizontal--same-subject wp-post-image\" alt=\"\" decoding=\"async\" loading=\"lazy\"\/>                <\/a><\/p>\n<p>    <img width=\"800\" height=\"534\" src=\"https:\/\/www.europesays.com\/fr\/wp-content\/uploads\/2025\/12\/concert-noel-nouvel-an-gregory-massat-1-800x534.jpg\" class=\"attachment-image-size-L size-image-size-L\" alt=\"OPS orchestre philharmonique de strasbourg\" decoding=\"async\" loading=\"lazy\"  \/>         L&rsquo;Orchestre Philharmonique de Strasbourg. \u00a9 Gr\u00e9gory Massat \/ Document remis <\/p>\n<p>Quant \u00e0 <b>L\u2019Espace K<\/b>, apr\u00e8s son Krismass Show qui a anim\u00e9 son mois de d\u00e9cembre, il<b> <\/b>cl\u00f4t l\u2019ann\u00e9e avec<a href=\"https:\/\/www.espace-k.com\/class\/le-show-de-la-saint-sylvestre-4\" target=\"_blank\" rel=\"noopener\"> <b>deux repr\u00e9sentations de son<\/b><b> Show de la Saint-Sylvestre<\/b><\/a>, \u00ab\u00a0un cocktail d\u2019artistes, servi sur un plateau par l\u2019irr\u00e9sistible Mister Wonderful\u00a0\u00bb.<\/p>\n<p>Au menu\u00a0? <b>Sketchs, performances, num\u00e9ros musicaux et fantaisie<\/b>, avec St\u00e9phane Amos (Magie), Capitaine Spr\u00fctz (humour), Bruno Dreyf\u00fcrst (humour), Vincent Grobelny (performances acrobatiques), Les Krissys (show girls), Isabelle Lux (pianiste) et M\u00e9lixir (chair dance).<\/p>\n<\/p>\n<p>\u00c0 <a href=\"https:\/\/www.facebook.com\/brasseriedebus\/posts\/pfbid02WR7PcvndEPLTWqMa4dhjsKU3EKkG9NCUMB63kYgMJ54yyWpiSFNnCsDwhos7G11Xl?rdid=Fu6QCT4v0ZYzNEFN\" target=\"_blank\" rel=\"noopener\"><b>la Brasserie Michel Debus (\u00e0 Schiltigheim)<\/b><\/a>, se pr\u00e9pare un menu sp\u00e9cial Nouvel An, avec lui aussi, une pointe de magie ! En invit\u00e9 sur toute la soir\u00e9e ? <b>Le magicien et mentaliste David Silver, demi-finaliste de <\/b><b>La France a un incroyable talent\u00a0<\/b>!<\/p>\n<p>                <a href=\"https:\/\/pokaa.fr\/2025\/12\/10\/cracheur-de-feu-et-dj-set-a-strasbourg-un-cirque-spectaculaire-ouvre-pour-nouvel-an\/\" target=\"_blank\" rel=\"noopener\"><br \/>\n                    <img width=\"450\" height=\"270\" src=\"https:\/\/www.europesays.com\/fr\/wp-content\/uploads\/2025\/12\/a1-450x270.jpg\" class=\"attachment-card-horizontal--same-subject size-card-horizontal--same-subject wp-post-image\" alt=\"\" decoding=\"async\" loading=\"lazy\"\/>                <\/a><\/p>\n<p>Les grosses teufs<\/p>\n<p>Tu cherches plut\u00f4t de quoi te d\u00e9fouler apr\u00e8s l\u2019ap\u00e9ro, ou \u00e0 dig\u00e9rer ton d\u00eener de R\u00e9veillon et transpirer sur du gros son ? La sc\u00e8ne strasbourgeoise ne te d\u00e9cevra pas.<\/p>\n<p><b>\u00c0 la P\u00e9niche M\u00e9canique, \u00e7a s\u2019activera sur le pont d\u00e8s 22h avec <a href=\"https:\/\/fb.me\/e\/6v3bXUm6N\" target=\"_blank\" rel=\"noopener\">\u00ab\u00a0NYE, Last round\u00a0\u00bb<\/a><\/b>. Une \u00ab\u00a0derni\u00e8re avant travaux\u00a0\u00bb, <b>gratuite<\/b>, pour le bar qui se refait une sant\u00e9 apr\u00e8s 5 ans. \u00c0 la barre\u00a0? <b>Le collectif strasbourgeois Flashball<\/b> (que l\u2019on conna\u00eet pour ses estivales \u00ab\u00a0M\u00e9lanine\u00a0\u00bb) qui envoie Liema, Javier, Beignet et Joey 808.<\/p>\n<p>    <img width=\"452\" height=\"600\" src=\"https:\/\/www.europesays.com\/fr\/wp-content\/uploads\/2025\/10\/peniche-mecanique-fanny-soriano-452x600.jpg\" class=\"attachment-image-size-M size-image-size-M\" alt=\"P\u00e9niche M\u00e9canique\" decoding=\"async\" loading=\"lazy\"  \/>         La P\u00e9niche M\u00e9canique. \u00a9 Fanny Soriano \/ Pokaa <\/p>\n<p><b>La Kulture confie quant \u00e0 elle ses cl\u00e9s \u00e0 Ukiyo Haus<\/b> qui remet les pendules \u00e0 z\u00e9ro avec son <b><a href=\"https:\/\/fb.me\/e\/6v9i1DEWQ\" target=\"_blank\" rel=\"noopener\">\u00ab\u00a0YEAR RESET 2026\u00a0\u00bb<\/a> de minuit \u00e0 5h<\/b>. Aux platines\u00a0: <b>Yume<\/b>, <b>Seedreak<\/b>, <b>Odass<\/b> b2b <b>Owen<\/b> (ODEN), <b>Hapro<\/b> et <b>Ti<\/b>, pour une soir\u00e9e house \/ minimal \/ tech house \/ trance.<\/p>\n<p>                <a href=\"https:\/\/pokaa.fr\/2025\/11\/05\/strasbourg-a-la-krutenau-le-cafe-club-la-kulture-fait-son-grand-retour\/\" target=\"_blank\" rel=\"noopener\"><br \/>\n                    <img width=\"450\" height=\"270\" src=\"https:\/\/www.europesays.com\/fr\/wp-content\/uploads\/2025\/11\/h1-450x270.png\" class=\"attachment-card-horizontal--same-subject size-card-horizontal--same-subject wp-post-image\" alt=\"\" decoding=\"async\" loading=\"lazy\"\/>                <\/a><\/p>\n<p>                <img width=\"735\" height=\"500\" src=\"https:\/\/www.europesays.com\/fr\/wp-content\/uploads\/2025\/11\/la-kulture-2-735x500.png\" class=\"attachment-gallery size-gallery\" alt=\"La Kulture (2)\" data-full-url=\"https:\/\/pokaa.fr\/wp-content\/uploads\/2025\/10\/23\/la-kulture-2.png\" decoding=\"async\" loading=\"lazy\"  \/>            <\/p>\n<p>                <img width=\"774\" height=\"500\" src=\"https:\/\/www.europesays.com\/fr\/wp-content\/uploads\/2025\/11\/la-kulture-1-774x500.png\" class=\"attachment-gallery size-gallery\" alt=\"La Kulture (1)\" data-full-url=\"https:\/\/pokaa.fr\/wp-content\/uploads\/2025\/10\/23\/la-kulture-1.png\" decoding=\"async\" loading=\"lazy\"  \/>            <\/p>\n<p>                    \u00a9 La Kulture \/ Captures d&rsquo;\u00e9cran<\/p>\n<p>    <img width=\"480\" height=\"600\" src=\"https:\/\/www.europesays.com\/fr\/wp-content\/uploads\/2025\/12\/ukiyo-haus-480x600.jpg\" class=\"attachment-image-size-M size-image-size-M\" alt=\"ukiyo haus nouvel an\" decoding=\"async\" loading=\"lazy\"  \/>         \u00a9 UKIYO Haus \/ Capture d&rsquo;\u00e9cran <\/p>\n<p>Non loin de l\u00e0\u00a0: <b>le Karmen Camina gagne la palme de la teuf la plus longue avec son <a href=\"https:\/\/www.instagram.com\/p\/DSmoptpDRuv\/?utm_source=ig_web_copy_link&amp;igsh=MzRlODBiNWFlZA==\" target=\"_blank\" rel=\"noopener\">\u00ab\u00a0NYE + NYD\u00a0\u00bb<\/a><\/b>.<b>\u00a0<\/b>Avec un d\u00e9part <b>le 1er janvier \u00e0 1h jusqu\u2019au samedi 2<\/b>, m\u00eame heure, et une DA<b> <\/b>trance, progressive, techno, deep techno, Detroit techno, electro, rave, house.<\/p>\n<p><b>En tout, 24h de son<\/b> assur\u00e9s sur<b> trois dancefloors<\/b> par\u00a0: <b>Decoder<\/b> (Dallas), <b>Detroit In Effect<\/b> (Detroit), <b>MarcelDune<\/b> (Londres), <b>Pureblast<\/b> (Paris), Kandelissa (Paris), Wilt (Besan\u00e7on)\u2026 Sans oublier la sc\u00e8ne locale : Timeless Rhythms &amp; HiLo, 1client &amp; Itako, Khiral, Juicy Juls\u2026 Et bien d\u2019autres.<\/p>\n<p>                <img width=\"375\" height=\"500\" src=\"https:\/\/www.europesays.com\/fr\/wp-content\/uploads\/2025\/09\/img-8049-375x500.jpeg\" class=\"attachment-gallery size-gallery\" alt=\"Karmen Camina club caf\u00e9 tiers lieu sonorisation\" data-full-url=\"https:\/\/pokaa.fr\/wp-content\/uploads\/2025\/01\/07\/img-8049.jpeg\" decoding=\"async\" loading=\"lazy\"  \/>            <\/p>\n<p>                <img width=\"375\" height=\"500\" src=\"https:\/\/www.europesays.com\/fr\/wp-content\/uploads\/2025\/10\/img-8029-375x500.jpeg\" class=\"attachment-gallery size-gallery\" alt=\"Karmen Camina club caf\u00e9 tiers lieu sonorisation\" data-full-url=\"https:\/\/pokaa.fr\/wp-content\/uploads\/2025\/01\/07\/img-8029.jpeg\" decoding=\"async\" loading=\"lazy\"  \/>            <\/p>\n<p>                <img width=\"750\" height=\"500\" src=\"https:\/\/www.europesays.com\/fr\/wp-content\/uploads\/2025\/06\/dsc01949-750x500.jpg\" class=\"attachment-gallery size-gallery\" alt=\"Karmen Camina\" data-full-url=\"https:\/\/pokaa.fr\/wp-content\/uploads\/2025\/01\/07\/dsc01949.jpg\" decoding=\"async\" loading=\"lazy\"  \/>            <\/p>\n<p>                    Karmen Camina. 1. 2. \u00a9 Bastien Pietronave \/ Pokaa ; 3. \u00a9 Maison Monnot \/ Document remis <\/p>\n<p>Parmi les autres sc\u00e8nes incontournables\u00a0: <b>le Kalt<\/b>, \u00e9videmment, qui remet \u00e7a avec <b><a href=\"https:\/\/www.k-alt.com\/event\/31-12-2025\" target=\"_blank\" rel=\"noopener\">KROM NYE<\/a> de 23h \u00e0 12h\u00a0<\/b>!<\/p>\n<p>Pour te faire danser 13h, le club aligne <b>une belle affiche internationale avec\u00a0: Laure Croft, The Lady Machine, Rachel Noon et Ruiz OSC1<\/b>. Ainsi que ses r\u00e9sident(e)s) Roan, Stu, Sarab, et des artistes d\u2019ici\u00a0: Octane Phase (WIR), Annun (Souldancer), Satprem (Agapanthes), Oto Moya, Arbo (31hertz) \u2013 et une <b>performance de Chair Claude<\/b>.<\/p>\n<p>    <img width=\"800\" height=\"533\" src=\"https:\/\/www.europesays.com\/fr\/wp-content\/uploads\/2025\/12\/kaltnb4.jpg\" class=\"attachment-image-size-L size-image-size-L\" alt=\"Quoi faire \u00e0 Nouvel An ? Strasbourg sort le grand jeu avec 13 soir\u00e9es et spectacles !\" decoding=\"async\" loading=\"lazy\"  \/>         KALT. \u00a9 Document remis <\/p>\n<p><b>Plus <\/b><b>coquine<\/b><b>, plus confidentielle<\/b>\u00a0: <a href=\"https:\/\/fb.me\/e\/9sxMj8EzS\" target=\"_blank\" rel=\"noopener\">la soir\u00e9e kinky de <b>Club-\u00c9ph\u00e9m\u00e8re<\/b><\/a>, \u00ab\u00a0face au Parlement europ\u00e9en\u00a0\u00bb de 21h30 \u00e0 7h. Un line-up inter-collectifs, avec <b>Fender<\/b> (Club-\u00c9ph\u00e9m\u00e8re, Z\u00b7est Radio), <b>Odjowicz<\/b> (Techno Invaders), <b>Bouki<\/b> (Groome), <b>Lude<\/b> (Z\u00b7est Radio, Mati\u00e8re Premi\u00e8re), <b>Sombre Bail<\/b> (Vrij), <b>Spdr Tan<\/b>, et en guest de Berlin\u00a0: <b>Kind der Nacht<\/b>.<\/p>\n<p>Une prog\u2019 que compl\u00e8tent <b>Ar\u00ef de la House of Marley, <\/b>pour une performance drag, et <b>Zarbibitch<\/b> pour une expo photo.<\/p>\n<p>    <img width=\"800\" height=\"533\" src=\"https:\/\/www.europesays.com\/fr\/wp-content\/uploads\/2025\/12\/221127-pka-drag-1-800x533.jpg\" class=\"attachment-image-size-L size-image-size-L\" alt=\"Drag show Drag queen Ar\u00ef Marley\" decoding=\"async\" loading=\"lazy\"  \/>         Ar\u00ef Meyde Marley. \u00a9 Adrien Labit \/ Pokaa <\/p>\n<p>Quant \u00e0<a href=\"https:\/\/fb.me\/e\/8dKrFJZ1J\" target=\"_blank\" rel=\"noopener\"><b> Undersound<\/b><\/a>, le rendez-vous<b> <\/b>sera<b> d\u00e8s 20h<\/b> et ce, \u00ab jusqu\u2019\u00e0 l\u2019aube \u00bb, aux c\u00f4t\u00e9s de <b>Dimitri Rossi, Tibesh &amp; Manny, Alex Nevil, Jeremy Blake, Alex Randal, Juliano et Jenson Kendo<\/b>.<\/p>\n<p>Dans le jardin de son \u00ab\u00a0secret place\u00a0\u00bb\u00a0: <b>une zone de \u00ab\u00a0fun\u00a0\u00bb avec de quoi taper dans la balle <\/b>(basket, foot &amp; mini-goals, badminton et autres mini-jeux) ou d\u2019improviser une session de luge, s\u2019il neige.<\/p>\n<p>Quant aux nostalgiques, <b>Les Aviats les embarqueront d\u00e8s 23h<\/b> dans une \u00e9pop\u00e9e cosmique (<a href=\"https:\/\/fb.me\/e\/40XQ3OkTA\" target=\"_blank\" rel=\"noopener\"><b>\u00ab Cosmic New Year \u00bb<\/b><\/a>) des <b>ann\u00e9es 80, 90<\/b>, jusqu\u2019\u00e0 les secouer de beats <b>techno et house<\/b> \u00ab\u00a0histoire d\u2019envoyer la nouvelle ann\u00e9e dans la stratosph\u00e8re\u00a0\u00bb.<\/p>\n<p>Enfile ta combinaison la plus spatiale, et accroche-toi, le dress code annonce la couleur : \u00ab chrome, argent\u00e9, paillettes, futurisme. \u00bb<\/p>\n<p>                <img width=\"333\" height=\"500\" src=\"https:\/\/www.europesays.com\/fr\/wp-content\/uploads\/2025\/12\/ambiance-soiree-aviats-1-333x500.jpg\" class=\"attachment-gallery size-gallery\" alt=\"Les Aviateurs Aviats\" data-full-url=\"https:\/\/pokaa.fr\/wp-content\/uploads\/2025\/12\/22\/ambiance-soiree-aviats-1.jpg\" decoding=\"async\" loading=\"lazy\"  \/>            <\/p>\n<p>                <img width=\"333\" height=\"500\" src=\"https:\/\/www.europesays.com\/fr\/wp-content\/uploads\/2025\/12\/ambiance-soiree-aviats-2-333x500.jpg\" class=\"attachment-gallery size-gallery\" alt=\"Les Aviateurs Aviats\" data-full-url=\"https:\/\/pokaa.fr\/wp-content\/uploads\/2025\/12\/22\/ambiance-soiree-aviats-2.jpg\" decoding=\"async\" loading=\"lazy\"  \/>            <\/p>\n<p>                    Les Aviateurs. \u00a9 Bruno Barazzutti \/ Documents remis<\/p>\n<p><script async src=\"\/\/www.instagram.com\/embed.js\"><\/script><\/p>\n","protected":false},"excerpt":{"rendered":"L\u2019ann\u00e9e 2025 arrive \u00e0 son terme et tu n\u2019as pas encore trouver comment trinquer \u00e0 ce bon vieux&hellip;\n","protected":false},"author":2,"featured_media":624006,"comment_status":"","ping_status":"","sticky":false,"template":"","format":"standard","meta":{"footnotes":""},"categories":[2820],"tags":[1111,11,4763,1777,674,1011,27,775,12,39117,3907,25,69048,72837,1669,640],"class_list":{"0":"post-624005","1":"post","2":"type-post","3":"status-publish","4":"format-standard","5":"has-post-thumbnail","7":"category-strasbourg","8":"tag-actu","9":"tag-actualites","10":"tag-agenda","11":"tag-eu","12":"tag-europe","13":"tag-fr","14":"tag-france","15":"tag-grand-est","16":"tag-news","17":"tag-nouvel-an","18":"tag-que-faire","19":"tag-republique-francaise","20":"tag-reveillon","21":"tag-saint-sylvestre","22":"tag-sorties","23":"tag-strasbourg"},"share_on_mastodon":{"url":"https:\/\/pubeurope.com\/@fr\/115787951274173673","error":""},"_links":{"self":[{"href":"https:\/\/www.europesays.com\/fr\/wp-json\/wp\/v2\/posts\/624005","targetHints":{"allow":["GET"]}}],"collection":[{"href":"https:\/\/www.europesays.com\/fr\/wp-json\/wp\/v2\/posts"}],"about":[{"href":"https:\/\/www.europesays.com\/fr\/wp-json\/wp\/v2\/types\/post"}],"author":[{"embeddable":true,"href":"https:\/\/www.europesays.com\/fr\/wp-json\/wp\/v2\/users\/2"}],"replies":[{"embeddable":true,"href":"https:\/\/www.europesays.com\/fr\/wp-json\/wp\/v2\/comments?post=624005"}],"version-history":[{"count":0,"href":"https:\/\/www.europesays.com\/fr\/wp-json\/wp\/v2\/posts\/624005\/revisions"}],"wp:featuredmedia":[{"embeddable":true,"href":"https:\/\/www.europesays.com\/fr\/wp-json\/wp\/v2\/media\/624006"}],"wp:attachment":[{"href":"https:\/\/www.europesays.com\/fr\/wp-json\/wp\/v2\/media?parent=624005"}],"wp:term":[{"taxonomy":"category","embeddable":true,"href":"https:\/\/www.europesays.com\/fr\/wp-json\/wp\/v2\/categories?post=624005"},{"taxonomy":"post_tag","embeddable":true,"href":"https:\/\/www.europesays.com\/fr\/wp-json\/wp\/v2\/tags?post=624005"}],"curies":[{"name":"wp","href":"https:\/\/api.w.org\/{rel}","templated":true}]}}