{"id":624009,"date":"2025-12-26T21:19:22","date_gmt":"2025-12-26T21:19:22","guid":{"rendered":"https:\/\/www.europesays.com\/fr\/624009\/"},"modified":"2025-12-26T21:19:22","modified_gmt":"2025-12-26T21:19:22","slug":"serge-roy-sest-eteint-carnet","status":"publish","type":"post","link":"https:\/\/www.europesays.com\/fr\/624009\/","title":{"rendered":"Serge Roy s&rsquo;est \u00e9teint | Carnet"},"content":{"rendered":"<p>                            <img decoding=\"async\" src=\"https:\/\/www.europesays.com\/fr\/wp-content\/uploads\/2025\/12\/roy1963-64-u.jpg\" loading=\"lazy\"\/><\/p>\n<p>\n                    Carnet<\/p>\n<p class=\"accroche\">L\u2019OGC Nice a appris avec une grande tristesse la disparition \u00e0 l\u2019\u00e2ge de 93 ans de Serge Roy, Aiglon en 1963-64 et p\u00e8re d\u2019Eric.<\/p>\n<p>Attaquant, international fran\u00e7ais, pr\u00eat\u00e9 au Gym en d\u00e9cembre 1963 par Valenciennes, Serge Roy a port\u00e9 le maillot rouge et noir \u00e0 15 reprises, toutes en tant que titulaire, et a inscrit 5 buts durant sa demi-saison ni\u00e7oise, apr\u00e8s avoir \u00e9t\u00e9 champion de France avec l\u2019AS Monaco.<\/p>\n<p>Pass\u00e9 dans les rangs du Cavigal \u00e0 la fin de sa carri\u00e8re, c\u2019est \u00e0 Nice, au Ray, que le natif de Beaune (Bourgogne)\u00a0organisera son jubil\u00e9 en 1973, r\u00e9unissant autour de lui les immenses Johan Cruyff et Alfredo Di Stefano.<\/p>\n<p>Le club pense fort \u00e0 ses proches, et tout particuli\u00e8rement \u00e0 son fils Eric, form\u00e9 \u00e0 l\u2019OGC Nice puis tour \u00e0 tour joueur, entraineur et membre de la direction.<\/p>\n<p>La m\u00e9moire de Serge Roy sera honor\u00e9e lors de la prochaine r\u00e9ception \u00e0 l\u2019Allianz Riviera (Nice-Strasbourg, le 3 janvier).<\/p>\n","protected":false},"excerpt":{"rendered":"Carnet L\u2019OGC Nice a appris avec une grande tristesse la disparition \u00e0 l\u2019\u00e2ge de 93 ans de Serge&hellip;\n","protected":false},"author":2,"featured_media":624010,"comment_status":"","ping_status":"","sticky":false,"template":"","format":"standard","meta":{"footnotes":""},"categories":[2819],"tags":[1111,11,1777,674,1011,27,12,2401,882,25],"class_list":{"0":"post-624009","1":"post","2":"type-post","3":"status-publish","4":"format-standard","5":"has-post-thumbnail","7":"category-nice","8":"tag-actu","9":"tag-actualites","10":"tag-eu","11":"tag-europe","12":"tag-fr","13":"tag-france","14":"tag-news","15":"tag-nice","16":"tag-provence-alpes-cote-dazur","17":"tag-republique-francaise"},"share_on_mastodon":{"url":"https:\/\/pubeurope.com\/@fr\/115787961757593841","error":""},"_links":{"self":[{"href":"https:\/\/www.europesays.com\/fr\/wp-json\/wp\/v2\/posts\/624009","targetHints":{"allow":["GET"]}}],"collection":[{"href":"https:\/\/www.europesays.com\/fr\/wp-json\/wp\/v2\/posts"}],"about":[{"href":"https:\/\/www.europesays.com\/fr\/wp-json\/wp\/v2\/types\/post"}],"author":[{"embeddable":true,"href":"https:\/\/www.europesays.com\/fr\/wp-json\/wp\/v2\/users\/2"}],"replies":[{"embeddable":true,"href":"https:\/\/www.europesays.com\/fr\/wp-json\/wp\/v2\/comments?post=624009"}],"version-history":[{"count":0,"href":"https:\/\/www.europesays.com\/fr\/wp-json\/wp\/v2\/posts\/624009\/revisions"}],"wp:featuredmedia":[{"embeddable":true,"href":"https:\/\/www.europesays.com\/fr\/wp-json\/wp\/v2\/media\/624010"}],"wp:attachment":[{"href":"https:\/\/www.europesays.com\/fr\/wp-json\/wp\/v2\/media?parent=624009"}],"wp:term":[{"taxonomy":"category","embeddable":true,"href":"https:\/\/www.europesays.com\/fr\/wp-json\/wp\/v2\/categories?post=624009"},{"taxonomy":"post_tag","embeddable":true,"href":"https:\/\/www.europesays.com\/fr\/wp-json\/wp\/v2\/tags?post=624009"}],"curies":[{"name":"wp","href":"https:\/\/api.w.org\/{rel}","templated":true}]}}