{"id":624011,"date":"2025-12-26T21:20:21","date_gmt":"2025-12-26T21:20:21","guid":{"rendered":"https:\/\/www.europesays.com\/fr\/624011\/"},"modified":"2025-12-26T21:20:21","modified_gmt":"2025-12-26T21:20:21","slug":"retro-2025-logc-nice-handball-doit-confirmer-son-potentiel","status":"publish","type":"post","link":"https:\/\/www.europesays.com\/fr\/624011\/","title":{"rendered":"R\u00e9tro 2025 : l\u2019OGC Nice handball doit confirmer son potentiel"},"content":{"rendered":"<p><strong>La fin de l\u2019ann\u00e9e approche et l\u2019heure des bilans a sonn\u00e9. On commence cette s\u00e9rie par les filles de l\u2019OGC Nice handball.\u00a0\u00a0<\/strong><\/p>\n<p>Apr\u00e8s une fin de saison derni\u00e8re marqu\u00e9e par des r\u00e9sultats en dents de scie, les joueuses de<a href=\"https:\/\/www.ogcnicehandball.com\/\" target=\"_blank\" data-type=\"link\" data-id=\"https:\/\/www.ogcnicehandball.com\/\" rel=\"noreferrer noopener\"> l\u2019OGC Nice handball<\/a> peuvent se targuer d\u2019un bilan plut\u00f4t flatteur sur l\u2019ensemble de l\u2019ann\u00e9e 2025 : <strong>18 victoires, 12 d\u00e9faites et 2 matches nuls<\/strong>. Malgr\u00e9 des espoirs d\u00e9chus en fin de saison derni\u00e8re termin\u00e9e \u00e0 une 6e place \u00e0 la fois positive et rageante, les handballeuses amen\u00e9es par S\u00e9bastien Mizoule ont confirm\u00e9 une <strong>belle progression<\/strong>. Une r\u00e9ussite li\u00e9e sans aucun doute \u00e0 l\u2019arriv\u00e9e dans le groupe de la nouvelle capitaine, <strong>Marine Dupuis<\/strong> coupl\u00e9e \u00e0 celle de <strong>Marie-H\u00e9l\u00e8ne Sajka<\/strong>. Les deux joueuses ont r\u00e9alis\u00e9 une premi\u00e8re saison exceptionnelle. Respectivement 3e et 4e meilleures marqueuses du championnat avec 157 et 156 buts, les deux internationales tricolores ont port\u00e9 leurs co\u00e9quipi\u00e8res vers les sommets jusqu\u2019\u00e0 esp\u00e9rer terminer dans le top 4 \u00e0 quelques journ\u00e9es de la fin. Finalement les petites erreurs notamment face \u00e0<a href=\"https:\/\/www.nicepremium.fr\/sports\/handball\/handball-logc-nice-lache-le-podium-a-plan-de-cuques\/\" target=\"_blank\" data-type=\"link\" data-id=\"https:\/\/www.nicepremium.fr\/sports\/handball\/handball-logc-nice-lache-le-podium-a-plan-de-cuques\/\" rel=\"noreferrer noopener\"> Plan de Cuques<\/a>, Toulon et Dijon auront<a href=\"https:\/\/www.nicepremium.fr\/sports\/handball-une-defaite-contre-metz-pour-conclure-la-saison-de-logc-nice\/\" target=\"_blank\" data-type=\"link\" data-id=\"https:\/\/www.nicepremium.fr\/sports\/handball-une-defaite-contre-metz-pour-conclure-la-saison-de-logc-nice\/\" rel=\"noreferrer noopener\"> raison des ambitions europ\u00e9ennes<\/a> des Aiglonnes.\u00a0<\/p>\n<p><strong>2025, l\u2019ann\u00e9e de la qualification europ\u00e9enne ?<\/strong><\/p>\n<p>Avec un recrutement poste pour poste, le staff de l\u2019OGC Nice handball a jou\u00e9 <strong>la carte de la continuit\u00e9<\/strong>. Si les leaders de la saison pr\u00e9c\u00e9dente \u00e9taient toujours fid\u00e8les au poste, les Maralpines ont vu d\u00e9barquer deux joueuses de poids : Cecilia Errin et Hanna Ahlen. Deux joueuses qui pr\u00e9tendaient \u00e0 des places de titulaire. C\u2019est d\u2019ailleurs ce qu\u2019a tr\u00e8s rapidement fait la gardienne arriv\u00e9e en provenance de Nantes, <a href=\"https:\/\/www.nicepremium.fr\/sports\/handball-ceciliacecilia-errin-offre-la-victoire-a-logc-nice-handball\/\" target=\"_blank\" data-type=\"link\" data-id=\"https:\/\/www.nicepremium.fr\/sports\/handball-ceciliacecilia-errin-offre-la-victoire-a-logc-nice-handball\/\" rel=\"noreferrer noopener\">Cecilia Errin<\/a>. Imp\u00e9riale dans la cage, elle fait partie des pr\u00e9tendantes \u00e0 l\u2019\u00e9quipe de France. Reconnue comme \u00e9tant l\u2019une des meilleures gardiennes du championnat, sa rotation avec l\u2019exp\u00e9riment\u00e9e Marija Colic fait des merveilles depuis le d\u00e9but de la saison. Et lorsque l\u2019on parle d\u2019exp\u00e9rience, le retour d\u2019<strong>Ehsan Abdelmalek<\/strong> apr\u00e8s une longue p\u00e9riode de gal\u00e8re permet d\u2019apporter un peu plus de profondeur \u00e0 un banc souvent lest\u00e9 par les blessures.\u00a0<\/p>\n<p>R\u00e9sultat, l\u2019OGC Nice handball a r\u00e9alis\u00e9 un <a href=\"https:\/\/www.nicepremium.fr\/sports\/logc-nice-handball-debute-bien-sa-saison\/\" target=\"_blank\" data-type=\"link\" data-id=\"https:\/\/www.nicepremium.fr\/sports\/logc-nice-handball-debute-bien-sa-saison\/\" rel=\"noreferrer noopener\">d\u00e9but de championnat canon <\/a>avec six victoires sur ses six premiers matches toutes comp\u00e9titions confondues. Si la marche reste encore un peu haute au moment d\u2019affronter les deux mastodontes que sont Brest et Metz, l\u2019OGC Nice handball se place d\u00e9sormais comme un candidat s\u00e9rieux au podium. Avec <strong>21 points <\/strong>engrang\u00e9s en neuf rencontres, les filles de S\u00e9bastien Mizoule sont actuellement<strong> troisi\u00e8mes<\/strong> \u00e0 \u00e9galit\u00e9 de points avec Plan-de-Cuques. Tous les espoirs sont donc permis en 2026 pour aller chercher une place qualificative pour la Coupe d\u2019Europe et ainsi apporter plus de revenus au club. Car pour grandir et esp\u00e9rer conserver ses meilleures joueuses, le club aura besoin de plus de moyens afin de poursuivre son ascension. C\u2019est certainement la raison pour laquelle <strong>Marie H\u00e9l\u00e8ne Sajka quittera la C\u00f4te d\u2019Azur<\/strong> \u00e0 l\u2019issue de la saison pour rejoindre le club roumain de Valcea. Une grosse perte pour le groupe qui devra \u00eatre compens\u00e9e \u00e0 l\u2019aube de la saison prochaine.\u00a0<\/p>\n<p>En attendant, on retrouvera les joueuses de l\u2019OGC Nice handball le dimanche 4 janvier 2026 pour la reprise de la Ligue Butagaz Energie. Les Azur\u00e9ennes se rendront en terre toulonnaise avant d\u2019encha\u00eener les rencontres en ce d\u00e9but d\u2019ann\u00e9e.\u00a0<\/p>\n<p><strong>NicePremium est un m\u00e9dia local ind\u00e9pendant et gratuit.<\/strong><br \/>Pour nous aider \u00e0 continuer, vous pouvez soutenir notre travail \u00e0 partir de 5 \u20ac par mois.<\/p>\n<p><a class=\"np-soutien-btn\" href=\"https:\/\/www.nicepremium.fr\/faire-un-don\/\" target=\"_blank\" rel=\"noopener\">Soutenir NicePremium<\/a><\/p>\n","protected":false},"excerpt":{"rendered":"La fin de l\u2019ann\u00e9e approche et l\u2019heure des bilans a sonn\u00e9. On commence cette s\u00e9rie par les filles&hellip;\n","protected":false},"author":2,"featured_media":624012,"comment_status":"","ping_status":"","sticky":false,"template":"","format":"standard","meta":{"footnotes":""},"categories":[2819],"tags":[1111,11,1777,674,1011,27,12,2401,882,25],"class_list":{"0":"post-624011","1":"post","2":"type-post","3":"status-publish","4":"format-standard","5":"has-post-thumbnail","7":"category-nice","8":"tag-actu","9":"tag-actualites","10":"tag-eu","11":"tag-europe","12":"tag-fr","13":"tag-france","14":"tag-news","15":"tag-nice","16":"tag-provence-alpes-cote-dazur","17":"tag-republique-francaise"},"share_on_mastodon":{"url":"https:\/\/pubeurope.com\/@fr\/115787964381769404","error":""},"_links":{"self":[{"href":"https:\/\/www.europesays.com\/fr\/wp-json\/wp\/v2\/posts\/624011","targetHints":{"allow":["GET"]}}],"collection":[{"href":"https:\/\/www.europesays.com\/fr\/wp-json\/wp\/v2\/posts"}],"about":[{"href":"https:\/\/www.europesays.com\/fr\/wp-json\/wp\/v2\/types\/post"}],"author":[{"embeddable":true,"href":"https:\/\/www.europesays.com\/fr\/wp-json\/wp\/v2\/users\/2"}],"replies":[{"embeddable":true,"href":"https:\/\/www.europesays.com\/fr\/wp-json\/wp\/v2\/comments?post=624011"}],"version-history":[{"count":0,"href":"https:\/\/www.europesays.com\/fr\/wp-json\/wp\/v2\/posts\/624011\/revisions"}],"wp:featuredmedia":[{"embeddable":true,"href":"https:\/\/www.europesays.com\/fr\/wp-json\/wp\/v2\/media\/624012"}],"wp:attachment":[{"href":"https:\/\/www.europesays.com\/fr\/wp-json\/wp\/v2\/media?parent=624011"}],"wp:term":[{"taxonomy":"category","embeddable":true,"href":"https:\/\/www.europesays.com\/fr\/wp-json\/wp\/v2\/categories?post=624011"},{"taxonomy":"post_tag","embeddable":true,"href":"https:\/\/www.europesays.com\/fr\/wp-json\/wp\/v2\/tags?post=624011"}],"curies":[{"name":"wp","href":"https:\/\/api.w.org\/{rel}","templated":true}]}}