{"id":624030,"date":"2025-12-26T21:32:41","date_gmt":"2025-12-26T21:32:41","guid":{"rendered":"https:\/\/www.europesays.com\/fr\/624030\/"},"modified":"2025-12-26T21:32:41","modified_gmt":"2025-12-26T21:32:41","slug":"lyon-pour-le-nouvel-an-airbnb-cible-cette-annee-encore-les-fetes-non-autorisees-2","status":"publish","type":"post","link":"https:\/\/www.europesays.com\/fr\/624030\/","title":{"rendered":"Lyon. Pour le Nouvel an, Airbnb cible \u2013 cette ann\u00e9e encore \u2013 les f\u00eates non autoris\u00e9es"},"content":{"rendered":"<p>Le dispositif anti-f\u00eates de la plateforme de location de logements revient cette ann\u00e9e encore afin d\u2019emp\u00eacher des c\u00e9l\u00e9brations consid\u00e9r\u00e9es comme \u00ab\u00a0\u00e0 risque dans la ville\u00a0\u00bb en raison de possibles nuisances sonores pour le voisinage, ou pire, des d\u00e9gradations pour le r\u00e9sident qui loue son logement.<\/p>\n<p>En 2024, ces mesures avaient permis de bloquer pr\u00e8s de 170 r\u00e9servations \u00e0 Lyon. La preuve que ces pr\u00e9cautions portent leurs fruits puisqu\u2019en amont du 31\u00a0d\u00e9cembre\u00a02022, c\u2019est plus de 1\u00a0300\u00a0demandes de location qui avaient \u00e9t\u00e9 rejet\u00e9es, en raison de soup\u00e7ons port\u00e9s par la plateforme.<\/p>\n<p class=\"note\"><a href=\"https:\/\/www.leprogres.fr\/economie\/2025\/12\/20\/pour-le-nouvel-an-airbnb-cible-cette-annee-encore-les-fetes-non-autorisees\" target=\"_blank\" rel=\"noopener\">Lire l&rsquo;article sur le site du Progr\u00e8s<\/a><\/p>\n","protected":false},"excerpt":{"rendered":"Le dispositif anti-f\u00eates de la plateforme de location de logements revient cette ann\u00e9e encore afin d\u2019emp\u00eacher des c\u00e9l\u00e9brations&hellip;\n","protected":false},"author":2,"featured_media":624031,"comment_status":"","ping_status":"","sticky":false,"template":"","format":"standard","meta":{"footnotes":""},"categories":[1889],"tags":[1111,11,2430,33,1777,674,1011,27,329,5015,1908,2428,12,25,2429,104,216],"class_list":{"0":"post-624030","1":"post","2":"type-post","3":"status-publish","4":"format-standard","5":"has-post-thumbnail","7":"category-lyon","8":"tag-actu","9":"tag-actualites","10":"tag-auvergne-rhone-alpes","11":"tag-economie","12":"tag-eu","13":"tag-europe","14":"tag-fr","15":"tag-france","16":"tag-france-monde","17":"tag-innovation-et-start-up","18":"tag-logement","19":"tag-lyon","20":"tag-news","21":"tag-republique-francaise","22":"tag-rhone","23":"tag-societe","24":"tag-vie-des-entreprises"},"share_on_mastodon":{"url":"https:\/\/pubeurope.com\/@fr\/115788011497471129","error":""},"_links":{"self":[{"href":"https:\/\/www.europesays.com\/fr\/wp-json\/wp\/v2\/posts\/624030","targetHints":{"allow":["GET"]}}],"collection":[{"href":"https:\/\/www.europesays.com\/fr\/wp-json\/wp\/v2\/posts"}],"about":[{"href":"https:\/\/www.europesays.com\/fr\/wp-json\/wp\/v2\/types\/post"}],"author":[{"embeddable":true,"href":"https:\/\/www.europesays.com\/fr\/wp-json\/wp\/v2\/users\/2"}],"replies":[{"embeddable":true,"href":"https:\/\/www.europesays.com\/fr\/wp-json\/wp\/v2\/comments?post=624030"}],"version-history":[{"count":0,"href":"https:\/\/www.europesays.com\/fr\/wp-json\/wp\/v2\/posts\/624030\/revisions"}],"wp:featuredmedia":[{"embeddable":true,"href":"https:\/\/www.europesays.com\/fr\/wp-json\/wp\/v2\/media\/624031"}],"wp:attachment":[{"href":"https:\/\/www.europesays.com\/fr\/wp-json\/wp\/v2\/media?parent=624030"}],"wp:term":[{"taxonomy":"category","embeddable":true,"href":"https:\/\/www.europesays.com\/fr\/wp-json\/wp\/v2\/categories?post=624030"},{"taxonomy":"post_tag","embeddable":true,"href":"https:\/\/www.europesays.com\/fr\/wp-json\/wp\/v2\/tags?post=624030"}],"curies":[{"name":"wp","href":"https:\/\/api.w.org\/{rel}","templated":true}]}}