{"id":624035,"date":"2025-12-26T21:39:19","date_gmt":"2025-12-26T21:39:19","guid":{"rendered":"https:\/\/www.europesays.com\/fr\/624035\/"},"modified":"2025-12-26T21:39:19","modified_gmt":"2025-12-26T21:39:19","slug":"trois-femmes-legerement-blessees-a-larme-blanche-dans-le-metro-a-paris-le-suspect-arrete","status":"publish","type":"post","link":"https:\/\/www.europesays.com\/fr\/624035\/","title":{"rendered":"Trois femmes l\u00e9g\u00e8rement bless\u00e9es \u00e0 l&rsquo;arme blanche dans le m\u00e9tro \u00e0 Paris, le suspect arr\u00eat\u00e9"},"content":{"rendered":"\n<p class=\"c-chapo \">\n  Les faits se sont produits entre 16h15 et 16h45, aux stations Arts-et-M\u00e9tiers, R\u00e9publique et Op\u00e9ra, sur la ligne 3. Les jours des victimes ne sont pas en danger.\n<\/p>\n<p>      lire plus tard<\/p>\n<p id=\"dialog__title\" class=\"dialog__title\">Pour sauvegarder cet article, connectez-vous ou cr\u00e9ez un compte franceinfo<\/p>\n<p class=\"dialog__description\">Sans paiement. Sans abonnement.<\/p>\n<p>        Fermer la fen\u00eatre d\u2019activation des notifications France Info<\/p>\n<p>      cr\u00e9er votre compte<\/p>\n<p>      se connecter<\/p>\n<p>      :<\/p>\n<p>        Fermer la fen\u00eatre de pr\u00e9sentation<\/p>\n<p>    <img loading=\"lazy\" decoding=\"async\" class=\"signature__image lazyload\" width=\"100\" height=\"100\" data- alt=\"\" src=\"https:\/\/www.europesays.com\/fr\/wp-content\/uploads\/2025\/05\/64a68815cd1a7_placeholder-36b69ec8.png\"\/><\/p>\n<p>    Publi\u00e9 le 26\/12\/2025 19:04<\/p>\n<p>      Mis \u00e0 jour le 26\/12\/2025 20:45<\/p>\n<p>        Temps de lecture : 2min<\/p>\n<p>    <img decoding=\"async\"  alt=\"Une rame du m\u00e9tro parisien \u00e0 la station Arts-et-M\u00e9tiers, le 28\u00a0novembre 2025. (DANIEL THIERRY \/ PHOTONONSTOP \/ AFP)\" width=\"432\" height=\"243\" src=\"https:\/\/www.europesays.com\/fr\/wp-content\/uploads\/2025\/12\/034-7003707-694ecfbd0b198636583425.jpg\" fetchpriority=\"high\"\/><\/p>\n<p>      Une rame du m\u00e9tro parisien \u00e0 la station Arts-et-M\u00e9tiers, le 28\u00a0novembre 2025. (DANIEL THIERRY \/ PHOTONONSTOP \/ AFP)<\/p>\n<p>Trois femmes ont \u00e9t\u00e9 bless\u00e9es par un homme arm\u00e9 d&rsquo;un couteau dans le m\u00e9tro parisien, vendredi 26\u00a0d\u00e9cembre, a annonc\u00e9 la RATP \u00e0 franceinfo, confirmant une info du <a href=\"https:\/\/www.leparisien.fr\/faits-divers\/paris-trois-femmes-poignardees-dans-le-metro-par-un-homme-26-12-2025-6SINKZU5ZNDAJNV5OBXLQJIMWE.php\" target=\"_blank\" rel=\"noopener\" data-tooltip-url=\"https:\/\/www.leparisien.fr\/faits-divers\/paris-trois-femmes-poignardees-dans-le-metro-par-un-homme-26-12-2025-6SINKZU5ZNDAJNV5OBXLQJIMWE.php\">Parisien<\/a>. Les faits se sont produits sur la ligne\u00a03, entre 16h15 et 16h45, aux stations Arts-et-M\u00e9tiers, R\u00e9publique et Op\u00e9ra, en plein centre de la capitale. Le suspect, qui avait pris la fuite, a \u00e9t\u00e9 arr\u00eat\u00e9, a annonc\u00e9 le parquet de Paris, un peu plus tard dans la soir\u00e9e. Selon cette source, il a \u00e9t\u00e9 retrouv\u00e9 gr\u00e2ce aux images de vid\u00e9osurveillance et \u00e0 la g\u00e9olocalisation de son t\u00e9l\u00e9phone portable.<\/p>\n<p>Ce sont les services de la s\u00fbret\u00e9 r\u00e9gionale des transports, saisis d&rsquo;une enqu\u00eate ouverte pour \u00ab\u00a0tentative d&rsquo;homicide volontaire\u00a0\u00bb et \u00ab\u00a0violences volontaires avec arme\u00a0\u00bb, qui ont identifi\u00e9 le suspect, gr\u00e2ce aux images de vid\u00e9osurveillance et \u00e0 la g\u00e9olocalisation de son t\u00e9l\u00e9phone portable. L&rsquo;arrestation a eu lieu \u00e0 Sarcelles (Val-d&rsquo;Oise), selon une source polici\u00e8re \u00e0 franceinfo. Ag\u00e9 de 25\u00a0ans, il \u00e9tait d\u00e9j\u00e0 connu des services de police, notamment pour des atteintes aux biens.<\/p>\n<p>Selon la RATP, les victimes ont \u00e9t\u00e9 rapidement prises en charge par les pompiers. Deux femmes ont \u00e9t\u00e9 transport\u00e9es \u00e0 l&rsquo;h\u00f4pital, tandis qu&rsquo;une troisi\u00e8me s&rsquo;y est pr\u00e9sent\u00e9e d&rsquo;elle-m\u00eame, pr\u00e9cise la pr\u00e9fecture de Paris. Leur pronostic vital n&rsquo;est pas engag\u00e9. Des sources polici\u00e8res affirment \u00e0 franceinfo et France T\u00e9l\u00e9visions que leurs blessures sont l\u00e9g\u00e8res. Deux des victimes sont touch\u00e9es au dos, et la troisi\u00e8me aux jambes. Une cellule d&rsquo;assistance aux victimes de la RATP a \u00e9t\u00e9 d\u00e9clench\u00e9e.<\/p>\n<p>\u00ab\u00a0Les victimes ont \u00e9t\u00e9 rapidement prises en charge par les services de secours\u00a0\u00bb, a r\u00e9agi <a href=\"https:\/\/x.com\/PhilippeTabarot\/status\/2004623140698415221\" target=\"_blank\" rel=\"noopener\" data-tooltip-url=\"https:\/\/x.com\/PhilippeTabarot\/status\/2004623140698415221\">sur X<\/a> le ministre des Transports, Philippe Tabarot. \u00ab\u00a0Les investigations se poursuivent afin d\u2019\u00e9tablir les circonstances exactes et motivations de ces agressions\u00a0\u00bb, dit le ministre. \u00ab\u00a0Je f\u00e9licite les enqu\u00eateurs et policiers de la police r\u00e9gionale des transports de la pr\u00e9fecture de police qui ont identifi\u00e9 puis interpell\u00e9 avec les policiers du Val-d&rsquo;Oise l&rsquo;auteur pr\u00e9sum\u00e9\u00a0\u00bb, a d\u00e9clar\u00e9 de son c\u00f4t\u00e9 le ministre de l&rsquo;Int\u00e9rieur, Laurent Nu\u00f1ez, <a href=\"https:\/\/x.com\/nunezlaurent\/status\/2004629774967218586?s=12\" target=\"_blank\" rel=\"noopener\" data-tooltip-url=\"https:\/\/x.com\/nunezlaurent\/status\/2004629774967218586?s=12\">sur X<\/a>.<\/p>\n","protected":false},"excerpt":{"rendered":"Les faits se sont produits entre 16h15 et 16h45, aux stations Arts-et-M\u00e9tiers, R\u00e9publique et Op\u00e9ra, sur la ligne&hellip;\n","protected":false},"author":2,"featured_media":624036,"comment_status":"","ping_status":"","sticky":false,"template":"","format":"standard","meta":{"footnotes":""},"categories":[1888],"tags":[1111,1928,11,1927,1777,674,1011,27,12,1926,626,1925,25],"class_list":{"0":"post-624035","1":"post","2":"type-post","3":"status-publish","4":"format-standard","5":"has-post-thumbnail","7":"category-paris","8":"tag-actu","9":"tag-actu-paris","10":"tag-actualites","11":"tag-actualites-paris","12":"tag-eu","13":"tag-europe","14":"tag-fr","15":"tag-france","16":"tag-news","17":"tag-news-paris","18":"tag-paris","19":"tag-paris-news","20":"tag-republique-francaise"},"share_on_mastodon":{"url":"https:\/\/pubeurope.com\/@fr\/115788040478994253","error":""},"_links":{"self":[{"href":"https:\/\/www.europesays.com\/fr\/wp-json\/wp\/v2\/posts\/624035","targetHints":{"allow":["GET"]}}],"collection":[{"href":"https:\/\/www.europesays.com\/fr\/wp-json\/wp\/v2\/posts"}],"about":[{"href":"https:\/\/www.europesays.com\/fr\/wp-json\/wp\/v2\/types\/post"}],"author":[{"embeddable":true,"href":"https:\/\/www.europesays.com\/fr\/wp-json\/wp\/v2\/users\/2"}],"replies":[{"embeddable":true,"href":"https:\/\/www.europesays.com\/fr\/wp-json\/wp\/v2\/comments?post=624035"}],"version-history":[{"count":0,"href":"https:\/\/www.europesays.com\/fr\/wp-json\/wp\/v2\/posts\/624035\/revisions"}],"wp:featuredmedia":[{"embeddable":true,"href":"https:\/\/www.europesays.com\/fr\/wp-json\/wp\/v2\/media\/624036"}],"wp:attachment":[{"href":"https:\/\/www.europesays.com\/fr\/wp-json\/wp\/v2\/media?parent=624035"}],"wp:term":[{"taxonomy":"category","embeddable":true,"href":"https:\/\/www.europesays.com\/fr\/wp-json\/wp\/v2\/categories?post=624035"},{"taxonomy":"post_tag","embeddable":true,"href":"https:\/\/www.europesays.com\/fr\/wp-json\/wp\/v2\/tags?post=624035"}],"curies":[{"name":"wp","href":"https:\/\/api.w.org\/{rel}","templated":true}]}}