{"id":624037,"date":"2025-12-26T21:40:18","date_gmt":"2025-12-26T21:40:18","guid":{"rendered":"https:\/\/www.europesays.com\/fr\/624037\/"},"modified":"2025-12-26T21:40:18","modified_gmt":"2025-12-26T21:40:18","slug":"paris-trois-femmes-blessees-a-larme-blanche-dans-le-metro-le-suspect-interpelle","status":"publish","type":"post","link":"https:\/\/www.europesays.com\/fr\/624037\/","title":{"rendered":"Paris : trois femmes bless\u00e9es \u00e0 l&rsquo;arme blanche dans le m\u00e9tro, le suspect interpell\u00e9"},"content":{"rendered":"<ul class=\"jsx-862013697 ArticleChapo__List\">\n<li class=\"jsx-862013697 ArticleChapo__List_Item flex\">La police a arr\u00eat\u00e9 la personne soup\u00e7onn\u00e9e d&rsquo;avoir bless\u00e9 trois femmes \u00e0 l&rsquo;arme blanche dans le m\u00e9tro parisien.<\/li>\n<li class=\"jsx-862013697 ArticleChapo__List_Item flex\">Les faits se sont produits ce vendredi apr\u00e8s-midi aux stations Arts et M\u00e9tiers, R\u00e9publique et Op\u00e9ra, au centre de la capitale.<\/li>\n<\/ul>\n<p data-module=\"article-paragraph\" class=\"jsx-157965717 Paragraph\">Trois femmes ont \u00e9t\u00e9 bless\u00e9es avec une arme blanche dans le m\u00e9tro parisien par un individu qui a pris la fuite, a annonc\u00e9 vendredi la RATP. Les agressions ont eu lieu en plein centre de Paris, \u00ab\u00a0entre 16h15 et 16h45\u00a0\u00bb, sur la ligne 3 aux stations Arts et M\u00e9tiers, R\u00e9publique et Op\u00e9ra, a pr\u00e9cis\u00e9 la RATP selon qui \u00ab\u00a0l&rsquo;agresseur a pris la fuite\u00a0\u00bb.\u00a0<\/p>\n<p data-module=\"article-paragraph\" class=\"jsx-157965717 Paragraph Paragraph__End\">La premi\u00e8re victime souffre d&rsquo;une blessure superficielle \u00e0 la jambe, la deuxi\u00e8me a \u00e9t\u00e9 l\u00e9g\u00e8rement touch\u00e9e dans le dos, indique aupr\u00e8s de TF1-LCI une source polici\u00e8re. Une troisi\u00e8me voyageuse a elle aussi \u00e9t\u00e9 l\u00e9g\u00e8rement bless\u00e9e. Elles ont toutes \u00e9t\u00e9 \u00ab\u00a0rapidement prises en charge par les pompiers\u00a0\u00bb, ajoute la r\u00e9gie de transports. \u00ab\u00a0Une enqu\u00eate de police \u00e0 laquelle collabore pleinement la RATP a \u00e9t\u00e9 ouverte pour interpeller l&rsquo;individu\u00a0\u00bb, dit-elle encore. Une source polici\u00e8re nous pr\u00e9cise qu&rsquo;il a ensuite pris la fuite par la ligne 8.\u00a0<\/p>\n<p>Un individu \u00ab\u00a0connu des services de police\u00a0\u00bb<\/p>\n<p data-module=\"article-paragraph\" class=\"jsx-157965717 Paragraph Paragraph__End\">Identifi\u00e9 \u00ab\u00a0gr\u00e2ce aux images de vid\u00e9osurveillance\u00a0\u00bb, le suspect a \u00e9t\u00e9 interpell\u00e9 \u00ab\u00a0en fin d&rsquo;apr\u00e8s-midi dans le Val d&rsquo;Oise\u00a0\u00bb, indique le parquet de Paris. Son arrestation a \u00e9t\u00e9 rendu possible gr\u00e2ce \u00e0 \u00ab\u00a0la mise en \u0153uvre de la g\u00e9olocalisation de son t\u00e9l\u00e9phone portable\u00a0\u00bb. L&rsquo;individu, n\u00e9 en 2000, \u00ab\u00a0est connu des services de police pour divers faits dont des faits d\u2019atteinte aux biens. \u00ab\u00a0Les investigations se poursuivent\u00a0\u00bb, conclut la m\u00eame source. Une enqu\u00eate a \u00e9t\u00e9 ouverte pour tentative d\u2019homicide volontaire et violences volontaires avec arme.<\/p>\n<blockquote data-testid=\"EmbedTwitter\" id=\"tweet-2004629774967218586-:R4rcmj9v79m:\" class=\"jsx-aeff1a1c40f54d7a twitter-tweet flex justify-center items-center\"><p>Je f\u00e9licite les enqu\u00eateurs et policiers de la police r\u00e9gionale des transports de la  @prefpolice qui ont identifi\u00e9 puis interpell\u00e9 avec les policiers du  #ValdOise l\u2019auteur pr\u00e9sum\u00e9 des violences avec arme blanche commises dans le m\u00e9tro parisien cet apr\u00e8s-midi, notamment gr\u00e2ce au\u2026  https:\/\/t.co\/S5Fr9m8SNF \u2014 Laurent Nu\u00f1ez (@NunezLaurent)  December 26, 2025<\/p><\/blockquote>\n<p data-module=\"article-paragraph\" class=\"jsx-157965717 Paragraph Paragraph__End\">Le ministre de l&rsquo;Int\u00e9rieur, Laurent Nu\u00f1ez, a f\u00e9licit\u00e9 sur X les policiers de la S\u00fbret\u00e9 r\u00e9gionale des transports qui ont pu identifier et rapidement interpeller le suspect \u00ab\u00a0gr\u00e2ce au r\u00e9seau de cam\u00e9ras de videoprotection et \u00e0 leur connaissance exceptionnelle du terrain\u00a0\u00bb.<\/p>\n<p>La r\u00e9daction de TF1info avec AFP<\/p>\n","protected":false},"excerpt":{"rendered":"La police a arr\u00eat\u00e9 la personne soup\u00e7onn\u00e9e d&rsquo;avoir bless\u00e9 trois femmes \u00e0 l&rsquo;arme blanche dans le m\u00e9tro parisien.&hellip;\n","protected":false},"author":2,"featured_media":624038,"comment_status":"","ping_status":"","sticky":false,"template":"","format":"standard","meta":{"footnotes":""},"categories":[1888],"tags":[1111,1928,11,1927,1921,1777,674,1011,27,1922,2954,12,1926,626,1925,1072,25,2803,133,2953],"class_list":{"0":"post-624037","1":"post","2":"type-post","3":"status-publish","4":"format-standard","5":"has-post-thumbnail","7":"category-paris","8":"tag-actu","9":"tag-actu-paris","10":"tag-actualites","11":"tag-actualites-paris","12":"tag-article-video","13":"tag-eu","14":"tag-europe","15":"tag-fr","16":"tag-france","17":"tag-info","18":"tag-justice-et-faits-divers","19":"tag-news","20":"tag-news-paris","21":"tag-paris","22":"tag-paris-news","23":"tag-police","24":"tag-republique-francaise","25":"tag-transport","26":"tag-video","27":"tag-video-police"},"share_on_mastodon":{"url":"https:\/\/pubeurope.com\/@fr\/115788042949469077","error":""},"_links":{"self":[{"href":"https:\/\/www.europesays.com\/fr\/wp-json\/wp\/v2\/posts\/624037","targetHints":{"allow":["GET"]}}],"collection":[{"href":"https:\/\/www.europesays.com\/fr\/wp-json\/wp\/v2\/posts"}],"about":[{"href":"https:\/\/www.europesays.com\/fr\/wp-json\/wp\/v2\/types\/post"}],"author":[{"embeddable":true,"href":"https:\/\/www.europesays.com\/fr\/wp-json\/wp\/v2\/users\/2"}],"replies":[{"embeddable":true,"href":"https:\/\/www.europesays.com\/fr\/wp-json\/wp\/v2\/comments?post=624037"}],"version-history":[{"count":0,"href":"https:\/\/www.europesays.com\/fr\/wp-json\/wp\/v2\/posts\/624037\/revisions"}],"wp:featuredmedia":[{"embeddable":true,"href":"https:\/\/www.europesays.com\/fr\/wp-json\/wp\/v2\/media\/624038"}],"wp:attachment":[{"href":"https:\/\/www.europesays.com\/fr\/wp-json\/wp\/v2\/media?parent=624037"}],"wp:term":[{"taxonomy":"category","embeddable":true,"href":"https:\/\/www.europesays.com\/fr\/wp-json\/wp\/v2\/categories?post=624037"},{"taxonomy":"post_tag","embeddable":true,"href":"https:\/\/www.europesays.com\/fr\/wp-json\/wp\/v2\/tags?post=624037"}],"curies":[{"name":"wp","href":"https:\/\/api.w.org\/{rel}","templated":true}]}}