{"id":624039,"date":"2025-12-26T21:41:15","date_gmt":"2025-12-26T21:41:15","guid":{"rendered":"https:\/\/www.europesays.com\/fr\/624039\/"},"modified":"2025-12-26T21:41:15","modified_gmt":"2025-12-26T21:41:15","slug":"quinte-du-samedi-27-decembre-2025-a-vincennes-les-pronostics","status":"publish","type":"post","link":"https:\/\/www.europesays.com\/fr\/624039\/","title":{"rendered":"Quint\u00e9 du samedi 27 d\u00e9cembre 2025 \u00e0 Vincennes : les pronostics"},"content":{"rendered":"<p class=\"article-p mdl\">Retrouvez les pronostics de Dominique Cordier pour le Quint\u00e9 du samedi 27 d\u00e9cembre 2025 \u00e0 Vincennes, le Prix de Bar-le-Duc. <strong>D\u00e9part \u00e0 15h15. 15 partants. <\/strong>Trot attel\u00e9. Course europ\u00e9enne. 2.850 m\u00e8tres. Grande piste. Trotteurs m\u00e2les de 5 \u00e0 10 ans.&#13;<\/p>\n<p class=\"article-p mdl\">Un quint\u00e9 \u00e0 13, voire \u00e0 12, les trois chevaux rendant 25 m\u00e8tres, les num\u00e9ros <strong>13, 14 et 15 <\/strong>ayant des chances plus que secondaires.&#13;<\/p>\n<p class=\"article-p mdl\">Confiance au <strong>9 Colbert WF<\/strong>, pour lequel la voie de la victoire semble enfin libre, d\u00e9barrass\u00e9 qu\u2019il est de l\u2019excellent <strong>Power Doc<\/strong>.&#13;<\/p>\n<p class=\"article-p mdl\">Le<strong> 7 Charron <\/strong>court \u00e0 6 jours, apr\u00e8s avoir \u00e9chou\u00e9 dans le Prix T\u00e9nor de Baun\u00e9 dimanche dernier. Ses ambitions sont totalement revues \u00e0 la baisse, il peut servir de base ici.&#13;<\/p>\n<p class=\"article-p mdl\">L\u2019outsider de RTL, le<strong> 2 Jimmy Ferro BR<\/strong>, est un bon trotteur allemand qui compte deux victoires sur la grande piste de Vincennes. Ses retrouvailles avec elle, associ\u00e9 \u00e0 Anthony Barrier, pourraient bien se passer, car il est en forme.&#13;<\/p>\n<p class=\"article-p mdl\">Pour le reste, le <strong>12 Ialto d\u2019Hertals<\/strong> trouve l\u00e0 un bel engagement l\u2019autorisant \u00e0 viser le podium, tandis que le <strong>10 Jongleuse de Lune <\/strong>ne manque ni de r\u00e9gularit\u00e9, ni de courage. Elle peut surprendre \u00e0 ce niveau.<\/p>\n<p>            Les pronostics<\/p>\n<p class=\"article-p mdl\">9. Colbert WF&#13;<br \/>7. Charron&#13;<br \/>12. Ialto d\u2019Hertals&#13;<br \/>10. Jongleuse de Lune&#13;<br \/>2. Jimmy Ferro BR&#13;<br \/>1. Bahia del Circeo&#13;<br \/>5. Jappeloup Turgot<\/p>\n<p>            L&rsquo;outsider de RTL<\/p>\n<p class=\"article-p mdl\">2. Jimmy Ferro BR<\/p>\n<p>    R\u00e9sultats du jeudi 25 d\u00e9cembre 2025 \u00e0 Vincennes<\/p>\n<p class=\"article-p mdl\">Le favori de RTL \u00e9choue inexplicablement, 10e. L\u2019outsider de RTL se classe 4e. La s\u00e9lection indique le Bonus 4sur5.<\/p>\n<p>    La r\u00e9daction vous recommande<\/p>\n<p class=\"s-newsletter__title\">\n                L\u2019actualit\u00e9 par la r\u00e9daction de RTL dans votre bo\u00eete mail.\n            <\/p>\n<p class=\"s-newsletter__subtitle\">\n                Gr\u00e2ce \u00e0 votre compte RTL abonnez-vous \u00e0 la newsletter RTL info pour suivre toute l&rsquo;actualit\u00e9 au quotidien\n            <\/p>\n<p>\n                                    Lire la suite\n                                <\/p>\n","protected":false},"excerpt":{"rendered":"Retrouvez les pronostics de Dominique Cordier pour le Quint\u00e9 du samedi 27 d\u00e9cembre 2025 \u00e0 Vincennes, le Prix&hellip;\n","protected":false},"author":2,"featured_media":3836,"comment_status":"","ping_status":"","sticky":false,"template":"","format":"standard","meta":{"footnotes":""},"categories":[1888],"tags":[11,2621,2622,1777,674,107,2619,1011,27,12,626,2623,362,25],"class_list":{"0":"post-624039","1":"post","2":"type-post","3":"status-publish","4":"format-standard","5":"has-post-thumbnail","7":"category-paris","8":"tag-actualites","9":"tag-chevaux","10":"tag-courses","11":"tag-eu","12":"tag-europe","13":"tag-fil-info","14":"tag-fil-sport","15":"tag-fr","16":"tag-france","17":"tag-news","18":"tag-paris","19":"tag-quinte","20":"tag-replay","21":"tag-republique-francaise"},"share_on_mastodon":{"url":"https:\/\/pubeurope.com\/@fr\/115788047058830764","error":""},"_links":{"self":[{"href":"https:\/\/www.europesays.com\/fr\/wp-json\/wp\/v2\/posts\/624039","targetHints":{"allow":["GET"]}}],"collection":[{"href":"https:\/\/www.europesays.com\/fr\/wp-json\/wp\/v2\/posts"}],"about":[{"href":"https:\/\/www.europesays.com\/fr\/wp-json\/wp\/v2\/types\/post"}],"author":[{"embeddable":true,"href":"https:\/\/www.europesays.com\/fr\/wp-json\/wp\/v2\/users\/2"}],"replies":[{"embeddable":true,"href":"https:\/\/www.europesays.com\/fr\/wp-json\/wp\/v2\/comments?post=624039"}],"version-history":[{"count":0,"href":"https:\/\/www.europesays.com\/fr\/wp-json\/wp\/v2\/posts\/624039\/revisions"}],"wp:featuredmedia":[{"embeddable":true,"href":"https:\/\/www.europesays.com\/fr\/wp-json\/wp\/v2\/media\/3836"}],"wp:attachment":[{"href":"https:\/\/www.europesays.com\/fr\/wp-json\/wp\/v2\/media?parent=624039"}],"wp:term":[{"taxonomy":"category","embeddable":true,"href":"https:\/\/www.europesays.com\/fr\/wp-json\/wp\/v2\/categories?post=624039"},{"taxonomy":"post_tag","embeddable":true,"href":"https:\/\/www.europesays.com\/fr\/wp-json\/wp\/v2\/tags?post=624039"}],"curies":[{"name":"wp","href":"https:\/\/api.w.org\/{rel}","templated":true}]}}