{"id":624054,"date":"2025-12-26T21:50:17","date_gmt":"2025-12-26T21:50:17","guid":{"rendered":"https:\/\/www.europesays.com\/fr\/624054\/"},"modified":"2025-12-26T21:50:17","modified_gmt":"2025-12-26T21:50:17","slug":"jai-eu-un-peu-peur-mais-je-me-suis-sentie-en-securite-comment-les-pompiers-ont-redonne-le-sourire-aux-enfants-hospitalises","status":"publish","type":"post","link":"https:\/\/www.europesays.com\/fr\/624054\/","title":{"rendered":"\u00ab\u00a0J\u2019ai eu un peu peur mais je me suis sentie en s\u00e9curit\u00e9\u00a0\u00bb\u00a0: comment les pompiers ont redonn\u00e9 le sourire aux enfants hospitalis\u00e9s"},"content":{"rendered":"<p>\n                                                                    l&rsquo;essentiel<br \/>\n                                                                Les sapeurs-pompiers de Foix ont offert une parenth\u00e8se enchant\u00e9e aux enfants hospitalis\u00e9s au CHIVA. Mont\u00e9e en nacelle jusqu\u2019\u00e0 32 m\u00e8tres, initiation \u00e0 la lance \u00e0 incendie et arriv\u00e9e du P\u00e8re No\u00ebl \u00ab\u00a0par les airs\u00a0\u00bb\u00a0: une apr\u00e8s-midi de f\u00eate, organis\u00e9e pour la deuxi\u00e8me ann\u00e9e cons\u00e9cutive, qui a fait briller les yeux des petits patients\u2026 et du personnel soignant.\n                            <\/p>\n<p>Des soldats du feu au grand c\u0153ur. Les sapeurs-pompiers de Foix ont troqu\u00e9, le temps d\u2019une apr\u00e8s-midi, les interventions d\u2019urgence contre une mission bien plus douce\u00a0: apporter du r\u00e9confort aux enfants hospitalis\u00e9s au Centre hospitalier intercommunal des vall\u00e9es de l\u2019Ari\u00e8ge (Chiva), en cette p\u00e9riode de f\u00eates de fin d\u2019ann\u00e9e. Une initiative organis\u00e9e pour la deuxi\u00e8me ann\u00e9e cons\u00e9cutive, devenue d\u00e9j\u00e0 un rendez-vous attendu dans les couloirs du centre hospitalier.<\/p>\n<p>\u00ab\u00a0\u00c7a a beaucoup plus aux enfants en 2024 et nous avons d\u00e9cid\u00e9 de recommencer \u00e0 apporter un moment heureux tout en valorisant l\u2019action des sapeurs pompiers, en leur pr\u00e9sentant un mat\u00e9riel moderne et performant ainsi que des cadeaux\u00a0\u00bb, explique Nicolas Botet, pr\u00e9sident de l\u2019amicale des pompiers de Foix.<\/p>\n<p class=\"std-elt__inline\">\n        <strong>\u00c0 lire aussi :<\/strong><br \/>\n        <a href=\"https:\/\/www.ladepeche.fr\/2025\/05\/25\/entretien-faire-une-manoeuvre-au-chateau-de-foix-ca-serait-genial-le-pompier-qui-enflamme-les-reseaux-sociaux-en-tournage-en-ariege-12716784.php\" target=\"_blank\" rel=\"noopener\">ENTRETIEN. \u00ab\u00a0Faire une man\u0153uvre au ch\u00e2teau de Foix, \u00e7a serait g\u00e9nial\u00a0\u00bb\u00a0: le pompier qui enflamme les r\u00e9seaux sociaux en tournage en Ari\u00e8ge<\/a>\n    <\/p>\n<p>La grande \u00e9chelle de sortie<\/p>\n<p>Pour l\u2019occasion, les hommes en rouge, et pas le P\u00e8re No\u00ebl, ont d\u00e9ploy\u00e9 un impressionnant mat\u00e9riel sophistiqu\u00e9, d\u2019une grande valeur, permettant aux jeunes patients de vivre une exp\u00e9rience rare\u00a0: monter dans une nacelle \u00e9l\u00e9vatrice jusqu\u2019\u00e0 32 m\u00e8tres de hauteur. Aux commandes, l\u2019adjudant-chef \u00c9ric Roucari\u00e8s a man\u0153uvr\u00e9 l\u2019\u00e9quipement avec pr\u00e9cision, offrant aux enfants une vue panoramique sur les paysages alentour et sur l\u2019ensemble des b\u00e2timents hospitaliers, en toute s\u00e9curit\u00e9.<\/p>\n<p>Au sol, rires et regards \u00e9merveill\u00e9s se m\u00ealaient \u00e0 ceux du personnel, venu assister \u00e0 la sc\u00e8ne. Pour les enfants contraints de rester alit\u00e9s, la magie s\u2019est invit\u00e9e autrement\u00a0: des cadeaux leur ont \u00e9t\u00e9 remis directement dans les chambres, port\u00e9s dans la hotte\u2026 d\u2019un P\u00e8re No\u00ebl arriv\u00e9 lui aussi \u00ab\u00a0par la voie des airs\u00a0\u00bb, gr\u00e2ce \u00e0 la nacelle. Dans les services, l\u2019originalit\u00e9 de cette arriv\u00e9e a d\u00e9clench\u00e9 applaudissements et s\u00e9ances de photos improvis\u00e9es.<\/p>\n<p>Temps de jeu<\/p>\n<p>Les pompiers ont \u00e9galement propos\u00e9 une initiation ludique \u00e0 la manipulation de la lance \u00e0 incendie, braqu\u00e9e vers des plots que les enfants se sont amus\u00e9s \u00e0 arroser \u00e0 grands jets. Une mani\u00e8re de transformer, l\u2019espace d\u2019un instant, un outil d\u2019intervention en jeu de f\u00eate. La distribution de pr\u00e9sents s\u2019est poursuivie au service de p\u00e9diatrie et \u00e0 l\u2019h\u00f4pital de jour, pour les s\u00e9jours de courte dur\u00e9e. Personne n\u2019a \u00e9t\u00e9 oubli\u00e9, dans un esprit affich\u00e9 de partage. \u00ab\u00a0Le bonheur doit profiter \u00e0 toutes et tous en cette p\u00e9riode de f\u00eate\u00a0\u00bb, glisse-t-on dans l\u2019entourage de l\u2019op\u00e9ration.<\/p>\n<p class=\"std-elt__inline\">\n        <strong>\u00c0 lire aussi :<\/strong><br \/>\n        <a href=\"https:\/\/www.ladepeche.fr\/2025\/08\/10\/une-ferme-ariegeoise-ravagee-par-les-flammes-la-maison-attenante-sauvee-par-les-pompiers-12869387.php\" target=\"_blank\" rel=\"noopener\">Une ferme ravag\u00e9e par les flammes en Ari\u00e8ge, la maison attenante sauv\u00e9e par les pompiers<\/a>\n    <\/p>\n<p>Sur place, petits patients, personnel hospitalier et pompiers ont t\u00e9moign\u00e9 de la port\u00e9e de ce moment, inhabituel pour des professionnels souvent confront\u00e9s \u00e0 la souffrance. \u00c0 la descente de la nacelle, Ma\u00e9, 4 ans, lance avec aplomb\u00a0: \u00ab\u00a0C\u2019\u00e9tait bien je n\u2019ai pas eu peur, les toits, le ciel c\u2019\u00e9tait beau\u00a0\u00bb. De son c\u00f4t\u00e9, Naty, 8 ans, nuance avec un sourire\u00a0: \u00ab\u00a0J\u2019ai trouv\u00e9 que c\u2019\u00e9tait marrant, j\u2019ai eu un peu peur mais je me suis sentie en s\u00e9curit\u00e9 avec les pompiers\u00a0\u00bb.<\/p>\n<p>\u00ab\u00a0C\u2019est la deuxi\u00e8me ann\u00e9e cons\u00e9cutive\u00a0\u00bb<\/p>\n<p>Du c\u00f4t\u00e9 des soignants, Natacha Garcia, cadre hospitalier au service de p\u00e9diatrie, se r\u00e9jouit de cette fid\u00e9lit\u00e9. \u00ab\u00a0C\u2019est la deuxi\u00e8me ann\u00e9e cons\u00e9cutive que les sapeurs pompiers de Foix font b\u00e9n\u00e9ficier les enfants hospitalis\u00e9s en p\u00e9diatrie de leur pr\u00e9sence et de cadeaux. Tous les agents sont heureux de cette initiative ancr\u00e9e pour la f\u00eate de No\u00ebl. L\u2019arriv\u00e9e du p\u00e8re No\u00ebl par la voie des airs\u00a0est une r\u00e9ussite\u00a0\u00bb, confie-t-elle.<\/p>\n<p>Pour le lieutenant St\u00e9phane Lagors, chef de centre de Foix, cette action illustre l\u2019esprit de la profession\u00a0: \u00ab\u00a0Je suis extr\u00eamement fier de l\u2019initiative de l\u2019amicale qui correspond pleinement \u00e0\u00a0nos valeurs d\u2019entraide. Ce sont des moments qui varient de nos activit\u00e9s habituelles\u00a0\u00bb. Une parenth\u00e8se de l\u00e9g\u00e8ret\u00e9, de solidarit\u00e9 et de joie, qui redonne un peu d\u2019air \u2014 m\u00eame \u00e0 l\u2019h\u00f4pital \u2014 en cette p\u00e9riode de f\u00eate.<\/p>\n","protected":false},"excerpt":{"rendered":"l&rsquo;essentiel Les sapeurs-pompiers de Foix ont offert une parenth\u00e8se enchant\u00e9e aux enfants hospitalis\u00e9s au CHIVA. Mont\u00e9e en nacelle&hellip;\n","protected":false},"author":2,"featured_media":624055,"comment_status":"","ping_status":"","sticky":false,"template":"","format":"standard","meta":{"footnotes":""},"categories":[1586],"tags":[11,2720,1777,674,1779,69628,1011,27,329,12,25,5153,7691,1778,364],"class_list":{"0":"post-624054","1":"post","2":"type-post","3":"status-publish","4":"format-standard","5":"has-post-thumbnail","7":"category-europe","8":"tag-actualites","9":"tag-ariege","10":"tag-eu","11":"tag-europe","12":"tag-european-union","13":"tag-foix","14":"tag-fr","15":"tag-france","16":"tag-france-monde","17":"tag-news","18":"tag-republique-francaise","19":"tag-sapeurs-pompiers","20":"tag-su00e9curitu00e9","21":"tag-ue","22":"tag-union-europeenne"},"share_on_mastodon":{"url":"https:\/\/pubeurope.com\/@fr\/115788082351284391","error":""},"_links":{"self":[{"href":"https:\/\/www.europesays.com\/fr\/wp-json\/wp\/v2\/posts\/624054","targetHints":{"allow":["GET"]}}],"collection":[{"href":"https:\/\/www.europesays.com\/fr\/wp-json\/wp\/v2\/posts"}],"about":[{"href":"https:\/\/www.europesays.com\/fr\/wp-json\/wp\/v2\/types\/post"}],"author":[{"embeddable":true,"href":"https:\/\/www.europesays.com\/fr\/wp-json\/wp\/v2\/users\/2"}],"replies":[{"embeddable":true,"href":"https:\/\/www.europesays.com\/fr\/wp-json\/wp\/v2\/comments?post=624054"}],"version-history":[{"count":0,"href":"https:\/\/www.europesays.com\/fr\/wp-json\/wp\/v2\/posts\/624054\/revisions"}],"wp:featuredmedia":[{"embeddable":true,"href":"https:\/\/www.europesays.com\/fr\/wp-json\/wp\/v2\/media\/624055"}],"wp:attachment":[{"href":"https:\/\/www.europesays.com\/fr\/wp-json\/wp\/v2\/media?parent=624054"}],"wp:term":[{"taxonomy":"category","embeddable":true,"href":"https:\/\/www.europesays.com\/fr\/wp-json\/wp\/v2\/categories?post=624054"},{"taxonomy":"post_tag","embeddable":true,"href":"https:\/\/www.europesays.com\/fr\/wp-json\/wp\/v2\/tags?post=624054"}],"curies":[{"name":"wp","href":"https:\/\/api.w.org\/{rel}","templated":true}]}}