{"id":624064,"date":"2025-12-26T21:56:14","date_gmt":"2025-12-26T21:56:14","guid":{"rendered":"https:\/\/www.europesays.com\/fr\/624064\/"},"modified":"2025-12-26T21:56:14","modified_gmt":"2025-12-26T21:56:14","slug":"exclu-midol-pro-d2-un-champion-du-monde-et-une-legende-du-rugby-gallois-contactes-beziers-veut-frapper-fort","status":"publish","type":"post","link":"https:\/\/www.europesays.com\/fr\/624064\/","title":{"rendered":"Exclu Midol. Pro D2 \u2013 Un champion du monde et une l\u00e9gende du rugby gallois contact\u00e9s\u00a0: B\u00e9ziers veut frapper fort"},"content":{"rendered":"<p>\n                Selon nos informations, B\u00e9ziers souhaite frapper fort sur le march\u00e9 des mutations.\u00a0Un champion du monde et une l\u00e9gende du rugby gallois ont \u00e9t\u00e9 contact\u00e9s en ce sens.\n            <\/p>\n<p>Et si B\u00e9ziers frappait fort dans son recrutement pour la saison prochaine\u00a0? C\u2019est visiblement la volont\u00e9 des dirigeants. Ces derni\u00e8res semaines, ils ont multipli\u00e9 les pistes\u00a0aux noms ronflants au centre. Selon nos informations, ils souhaitent enr\u00f4ler Malakai Fekitoa, contact\u00e9 r\u00e9cemment. Le centre, champion du monde\u00a0avec la Nouvelle-Z\u00e9lande en 2015, \u00e9volue depuis 2023 au Benetton Tr\u00e9vise. Le joueur de 33 ans disputera ce vendredi son septi\u00e8me match de la saison lors du derby contre le Zebre de Parme. M\u00eame s\u2019il ne signe pas \u00e0 B\u00e9ziers, il nous a \u00e9t\u00e9 confirm\u00e9 que l\u2019ancien joueur de Toulon (2017-2019) ne restera pas dans son club actuel, o\u00f9 il ne sera pas gard\u00e9 \u00e0 l\u2019issue de la saison en cours.<\/p>\n<p>Toujours au m\u00eame poste, les dirigeants biterrois ont propos\u00e9 un contrat de trois saisons \u00e0 George North (Provence Rugby). Les deux premi\u00e8res ann\u00e9es du bail en tant que joueur\u00a0; la derni\u00e8re comme entra\u00eeneur. L\u00e0 aussi, c\u2019est un grand nom du rugby qui est cibl\u00e9, le Gallois comptant 121 capes, ainsi que trois apparitions avec les Lions britanniques et irlandais. Cette saison, le joueur de 33 ans n\u2019a cependant disput\u00e9 que trois rencontres de Pro D2, toutes comme titulaire (contre Valence Romans, \u00e0 Agen et \u00e0 Oyonnax). Arriv\u00e9 bless\u00e9 la saison derni\u00e8re \u00e0 Maurice-David, il a disput\u00e9 douze matchs sur la phase retour, dont le barrage et la demi-finale d\u2019Aix comme titulaire.<\/p>\n<p>La l\u00e9gende du XV du Poireau sera libre \u00e0 la fin de l\u2019exercice en cours et il n\u2019a pas cach\u00e9 appr\u00e9cier la vie au bord de la M\u00e9diterran\u00e9e. Pour rappel, au poste de centre, nous annon\u00e7ions dans ces colonnes le d\u00e9part de Taylor Gontineac vers le Castres olympique la saison prochaine. \u00c0 noter aussi qu\u2019une quinzaine de joueurs arrivent en fin de bail chez l\u2019actuel treizi\u00e8me de Pro D2.<\/p>\n<p>Lee dans le staff\u00a0?<\/p>\n<p>Au-del\u00e0 du terrain, l\u2019\u00e9tat-major biterrois r\u00e9fl\u00e9chit aussi \u00e0 la composition du staff. \u00c0 l\u2019heure actuelle, plusieurs entra\u00eeneurs arrivent en fin de contrat. Rory Teague, lui, a \u00e9t\u00e9 \u00e9cart\u00e9 de ses pr\u00e9rogatives avec l\u2019\u00e9quipe premi\u00e8re en octobre dernier. Le nom de Fritz Lee (37 ans) pour un r\u00f4le additionnel a \u00e9t\u00e9 \u00e9voqu\u00e9. L\u2019ancien troisi\u00e8me ligne samoan de Clermont, s\u2019il n\u2019a pas annonc\u00e9 sa retraite, est retourn\u00e9 vivre en Nouvelle-Z\u00e9lande, o\u00f9 il soigne encore sa grave blessure contract\u00e9e \u00e0 Northampton en Champions Cup, la saison pass\u00e9e. Contact\u00e9 pour commenter ces informations, Bob Skinstad, co-pr\u00e9sident du club, n\u2019a pas r\u00e9pondu \u00e0 nos sollicitations.<\/p>\n<p class=\"std-elt__inline\">\n        <strong>\u00c0 lire aussi :<\/strong><br \/>\n        <a href=\"https:\/\/www.rugbyrama.fr\/2025\/12\/23\/top-14-clermont-ne-peut-pas-se-contenter-detre-une-equipe-de-milieu-de-tableau-fritz-lee-se-confie-sur-la-situation-de-lasm-apres-son-commentaire-sur-13125492.php\" target=\"_blank\" rel=\"noopener\">Top 14 \u2013 \u00ab\u00a0Clermont ne peut pas se contenter d\u2019\u00eatre une \u00e9quipe de milieu de tableau\u00a0\u00bb\u00a0: Fritz Lee se confie sur la situation de l\u2019ASM, apr\u00e8s son commentaire sur les r\u00e9seaux sociaux<\/a>\n    <\/p>\n<p>Si ces arriv\u00e9es se concluaient, notamment celle des deux centres, cela rassurerait des supporters biterrois\u00a0en qu\u00eate de signaux forts sur les ambitions du club\u00a0de la part\u00a0des dirigeants, discrets depuis leur arriv\u00e9e en novembre\u00a02024.\u00a0Ces derniers\u00a0ont r\u00e9p\u00e9t\u00e9 plusieurs fois qu\u2019ils avaient profit\u00e9 de la saison pass\u00e9e pour observer et apprendre. Ainsi, lors de la derni\u00e8re intersaison, l\u2019ASBH avait \u00e9t\u00e9 tr\u00e8s peu active sur le march\u00e9 des transferts., Jonathan Ma\u00efau, J\u00e9r\u00f4me Dufour, Baltazar Amaya\u00a0et Duran Koevort \u00e9tant les seuls renforts au sein de l\u2019\u00e9quipe premi\u00e8re.<\/p>\n<p>Cependant, \u00e0 la vue du contexte actuel, certains jugeront \u00e9tonnant de voir de si grands noms associ\u00e9s au club aux onze Brennus. Car ind\u00e9pendamment du retrait de deux points dans l\u2019affaire Pacific Hearts (des faits remontant \u00e0 2021), B\u00e9ziers a \u00e9cop\u00e9 d\u2019une amende de 10\u00a0000\u00a0\u20ac, dont 5\u00a0000\u00a0\u20ac assortis du sursis, pour \u00ab\u00a0non-respect des dispositions r\u00e9glementaires et d\u00e9cisions de la DNACG\u00a0\u00bb. In\u00e9vitablement, voir d\u2019aussi grands noms associ\u00e9s \u00e0 l\u2019ASBH dans la rubrique transferts renvoie en 2020, et l\u2019arriv\u00e9e avort\u00e9e de Christophe Dominici et des \u00c9miratis. Mais avec des Malakai Fekitoa et George North sur la pelouse de Raoul-Barri\u00e8re, Bob Skinstad et la direction du club enverraient un message\u00a0!<\/p>\n","protected":false},"excerpt":{"rendered":"Selon nos informations, B\u00e9ziers souhaite frapper fort sur le march\u00e9 des mutations.\u00a0Un champion du monde et une l\u00e9gende&hellip;\n","protected":false},"author":2,"featured_media":624065,"comment_status":"","ping_status":"","sticky":false,"template":"","format":"standard","meta":{"footnotes":""},"categories":[1416],"tags":[1011,27,73342,24381,73341,479,1468,60,10662],"class_list":{"0":"post-624064","1":"post","2":"type-post","3":"status-publish","4":"format-standard","5":"has-post-thumbnail","7":"category-rugby","8":"tag-fr","9":"tag-france","10":"tag-fritz-lee","11":"tag-george-north","12":"tag-malakai-fekitoa","13":"tag-rugby","14":"tag-rugby-football","15":"tag-sports","16":"tag-transferts"},"share_on_mastodon":{"url":"https:\/\/pubeurope.com\/@fr\/115788105980468471","error":""},"_links":{"self":[{"href":"https:\/\/www.europesays.com\/fr\/wp-json\/wp\/v2\/posts\/624064","targetHints":{"allow":["GET"]}}],"collection":[{"href":"https:\/\/www.europesays.com\/fr\/wp-json\/wp\/v2\/posts"}],"about":[{"href":"https:\/\/www.europesays.com\/fr\/wp-json\/wp\/v2\/types\/post"}],"author":[{"embeddable":true,"href":"https:\/\/www.europesays.com\/fr\/wp-json\/wp\/v2\/users\/2"}],"replies":[{"embeddable":true,"href":"https:\/\/www.europesays.com\/fr\/wp-json\/wp\/v2\/comments?post=624064"}],"version-history":[{"count":0,"href":"https:\/\/www.europesays.com\/fr\/wp-json\/wp\/v2\/posts\/624064\/revisions"}],"wp:featuredmedia":[{"embeddable":true,"href":"https:\/\/www.europesays.com\/fr\/wp-json\/wp\/v2\/media\/624065"}],"wp:attachment":[{"href":"https:\/\/www.europesays.com\/fr\/wp-json\/wp\/v2\/media?parent=624064"}],"wp:term":[{"taxonomy":"category","embeddable":true,"href":"https:\/\/www.europesays.com\/fr\/wp-json\/wp\/v2\/categories?post=624064"},{"taxonomy":"post_tag","embeddable":true,"href":"https:\/\/www.europesays.com\/fr\/wp-json\/wp\/v2\/tags?post=624064"}],"curies":[{"name":"wp","href":"https:\/\/api.w.org\/{rel}","templated":true}]}}