{"id":624068,"date":"2025-12-26T22:01:24","date_gmt":"2025-12-26T22:01:24","guid":{"rendered":"https:\/\/www.europesays.com\/fr\/624068\/"},"modified":"2025-12-26T22:01:24","modified_gmt":"2025-12-26T22:01:24","slug":"remi-lelandais-je-retrouve-mes-sensations-actualite","status":"publish","type":"post","link":"https:\/\/www.europesays.com\/fr\/624068\/","title":{"rendered":"R\u00e9mi Lelandais : \u00ab Je retrouve mes sensations \u00bb &#8211; Actualit\u00e9"},"content":{"rendered":"<p style=\"text-align: justify;\"><strong><a href=\"https:\/\/www.directvelo.com\/coureur\/30794\/remi-lelandais\" target=\"_blank\" rel=\"noopener\">R\u00e9mi Lelandais<\/a> va de mieux en mieux. Apr\u00e8s n&rsquo;\u00eatre jamais entr\u00e9 dans le Top 20 de la Coupe du Monde cet hiver, le soci\u00e9taire d&rsquo;Ark\u00e9a-B&amp;B H\u00f4tels a fait un bond en avant, ce vendredi, <a href=\"https:\/\/www.directvelo.com\/actualite\/126126\/cc-coupe-du-monde-7-elite-hommes-classements\" target=\"_blank\" rel=\"noopener\">en entrant dans le Top 15 de la manche de Coupe du Monde de Gavere<\/a>. Apr\u00e8s un d\u00e9but d&rsquo;hiver qui l&rsquo;a laiss\u00e9 sur sa faim, le futur soci\u00e9taire de Bourg-en-Bresse Ain Cyclisme semble bien retrouver ses meilleures jambes au bon moment. Car les Championnats, de France et du Monde, pointent doucement le bout de leur nez, et R\u00e9mi Lelandais a donc \u00e0 c\u0153ur de retrouver le sourire pour le passage \u00e0 2026, comme il l&rsquo;explique \u00e0 DirectVelo.<\/strong><\/p>\n<p style=\"text-align: justify;\"><strong>DirectVelo : Tu termines aujourd&rsquo;hui dans le Top 15 !<\/strong><br \/>R\u00e9mi Lelandais : Je suis content. Pour une fois, le d\u00e9part s&rsquo;est plut\u00f4t bien pass\u00e9. Je suis parti cinqui\u00e8me ligne, mais l\u00e0, je n&rsquo;ai pas \u00e9t\u00e9 trop g\u00ean\u00e9. Donc \u00e7a va, je me suis vite retrouv\u00e9 devant. Je me suis un peu affol\u00e9 les premiers tours. J&rsquo;\u00e9tais presque \u00e0 la limite et je fais deux erreurs b\u00eates. Une fois, je d\u00e9raille et je perds une dizaine de places. Mais \u00e7a va, heureusement, c&rsquo;\u00e9tait group\u00e9. Donc je me suis retrouv\u00e9 dans le groupe. Je me suis pos\u00e9 un peu et je remontais au fur et \u00e0 mesure que les autres se couchaient. J&rsquo;ai trouv\u00e9 mon rythme et j&rsquo;ai acc\u00e9l\u00e9r\u00e9 au fur et \u00e0 mesure.<\/p>\n<p><strong>\u00ab JE REMONTAIS M\u00caME SUR LA FIN \u00bb<\/strong><\/p>\n<p><strong>Qu&rsquo;as-tu pens\u00e9 de ce circuit de Gavere, qui est parfois bien plus boueux qu&rsquo;aujourd&rsquo;hui ?<\/strong><br \/>L\u00e0, c&rsquo;\u00e9tait rapide. Mais avec un peu de boue en plus, j&rsquo;aurais \u00e9t\u00e9 un peu plus avantag\u00e9 peut-\u00eatre, avec la force que j&rsquo;avais aujourd&rsquo;hui. Physiquement, je remontais bien dans les parties en question. Donc \u00e7a ne m&rsquo;aurait pas d\u00e9rang\u00e9 que \u00e7a soit un peu plus dur encore. Normalement, je fais Dendermonde. Donc j&rsquo;aurai encore une chance dans deux jours.<\/p>\n<p><strong>Tu reviens sur le devant de la sc\u00e8ne&#8230;<\/strong><br \/>Je retrouve mes sensations et \u00e7a fait plaisir parce que le travail paie. Dans les autres courses, \u00e7a ne se voyait pas forc\u00e9ment. Quand on est 50e au premier tour&#8230; Donc l\u00e0, quand tout va bien, c&rsquo;est cool. Avec Nathan, c&rsquo;\u00e9tait marrant au dernier tour. On s&rsquo;encourageait, on s&rsquo;entraidait pour faire le meilleur r\u00e9sultat possible. Donc c&rsquo;\u00e9tait plaisant et je remontais m\u00eame sur la fin. Au dernier virage, j&rsquo;\u00e9tais dans la roue des 13e et 14e. Mais j&rsquo;\u00e9tais mort, je ne pouvais pas faire le sprint. Sur un circuit dur comme \u00e7a, physique, qui peut mieux me correspondre, je vois que je suis avec le Top 15. C&rsquo;est l&rsquo;objectif que j&rsquo;avais avant et je me rapproche petit \u00e0 petit.<\/p>\n<p><strong>\u00ab \u00c7A NE VEUT PAS DIRE QUE C&rsquo;EST BON ET QUE LE TRAVAIL EST FINI \u00bb<\/strong><\/p>\n<p><strong>C&rsquo;est le moment id\u00e9al avec les grosses \u00e9ch\u00e9ances de 2026 qui approchent&#8230;<\/strong><br \/>Maintenant \u00e7a va \u00eatre les courses de plus en plus importantes, avec le Championnat de France bient\u00f4t et la fin de saison qui est d\u00e9cisive. Je suis content d&rsquo;\u00eatre l\u00e0 au moment le plus important. Je remplis les crit\u00e8res pour le Mondial, mais \u00e7a ne veut pas dire que c&rsquo;est bon et que le travail est fini. \u00c7a continue. C&rsquo;est entre guillemets une pression en moins. Je sais que c&rsquo;est fait. Je sais que je peux viser jusqu&rsquo;au mois de f\u00e9vrier, c&rsquo;est motivant.<\/p>\n<p><strong>Tu es aussi en recherche de points ?<\/strong><br \/>J&rsquo;\u00e9tais plus ou moins le dernier de la cinqui\u00e8me ligne. J&rsquo;esp\u00e8re remonter sur les grilles. Et puis cette ann\u00e9e, je sais que c&rsquo;est une ann\u00e9e compliqu\u00e9e pour les d\u00e9parts. Apr\u00e8s, mon ann\u00e9e derni\u00e8re n&rsquo;\u00e9tait vraiment pas simple non plus. Donc l&rsquo;ann\u00e9e prochaine, ce sera encore mieux. Je montre aussi aux \u00e9quipes ce que je vaux. J&rsquo;ai le niveau pour faire le Top 15 et m\u00eame mieux quand \u00e7a va.<\/p>\n","protected":false},"excerpt":{"rendered":"R\u00e9mi Lelandais va de mieux en mieux. Apr\u00e8s n&rsquo;\u00eatre jamais entr\u00e9 dans le Top 20 de la Coupe&hellip;\n","protected":false},"author":2,"featured_media":624069,"comment_status":"","ping_status":"","sticky":false,"template":"","format":"standard","meta":{"footnotes":""},"categories":[1411],"tags":[834,828,836,829,837,827,83,826,824,823,1154,207,814,817,815,816,822,821,832,211,839,1011,27,820,818,819,835,831,830,833,838,60,212,208,825],"class_list":{"0":"post-624068","1":"post","2":"type-post","3":"status-publish","4":"format-standard","5":"has-post-thumbnail","7":"category-cyclisme","8":"tag-attaque","9":"tag-belgique","10":"tag-braquet","11":"tag-bretagne","12":"tag-chute","13":"tag-competition","14":"tag-coupe-de-france","15":"tag-coureur","16":"tag-course-cyclisme","17":"tag-course-cycliste","18":"tag-cycling","19":"tag-cyclisme","20":"tag-direct","21":"tag-direct-velo","22":"tag-directvelo","23":"tag-directvelo-com","24":"tag-epreuve","25":"tag-epreuve-cycliste","26":"tag-federation-francaise-de-cyclisme","27":"tag-ffc","28":"tag-flandres","29":"tag-fr","30":"tag-france","31":"tag-live","32":"tag-live-course","33":"tag-live-epreuve","34":"tag-peloton","35":"tag-radio-peloton","36":"tag-radio-tour","37":"tag-ravitaillement","38":"tag-relance","39":"tag-sports","40":"tag-uci","41":"tag-velo","42":"tag-velos"},"share_on_mastodon":{"url":"https:\/\/pubeurope.com\/@fr\/115788125675347434","error":""},"_links":{"self":[{"href":"https:\/\/www.europesays.com\/fr\/wp-json\/wp\/v2\/posts\/624068","targetHints":{"allow":["GET"]}}],"collection":[{"href":"https:\/\/www.europesays.com\/fr\/wp-json\/wp\/v2\/posts"}],"about":[{"href":"https:\/\/www.europesays.com\/fr\/wp-json\/wp\/v2\/types\/post"}],"author":[{"embeddable":true,"href":"https:\/\/www.europesays.com\/fr\/wp-json\/wp\/v2\/users\/2"}],"replies":[{"embeddable":true,"href":"https:\/\/www.europesays.com\/fr\/wp-json\/wp\/v2\/comments?post=624068"}],"version-history":[{"count":0,"href":"https:\/\/www.europesays.com\/fr\/wp-json\/wp\/v2\/posts\/624068\/revisions"}],"wp:featuredmedia":[{"embeddable":true,"href":"https:\/\/www.europesays.com\/fr\/wp-json\/wp\/v2\/media\/624069"}],"wp:attachment":[{"href":"https:\/\/www.europesays.com\/fr\/wp-json\/wp\/v2\/media?parent=624068"}],"wp:term":[{"taxonomy":"category","embeddable":true,"href":"https:\/\/www.europesays.com\/fr\/wp-json\/wp\/v2\/categories?post=624068"},{"taxonomy":"post_tag","embeddable":true,"href":"https:\/\/www.europesays.com\/fr\/wp-json\/wp\/v2\/tags?post=624068"}],"curies":[{"name":"wp","href":"https:\/\/api.w.org\/{rel}","templated":true}]}}