{"id":624074,"date":"2025-12-26T22:04:15","date_gmt":"2025-12-26T22:04:15","guid":{"rendered":"https:\/\/www.europesays.com\/fr\/624074\/"},"modified":"2025-12-26T22:04:15","modified_gmt":"2025-12-26T22:04:15","slug":"facettes-de-la-peinture-nordique","status":"publish","type":"post","link":"https:\/\/www.europesays.com\/fr\/624074\/","title":{"rendered":"Facettes de la peinture nordique"},"content":{"rendered":"<p class=\"ap-StoryElement ap-StoryElement--mb ap-StoryText\">C&rsquo;est dire si la parution, aux \u00c9ditions Citadelles &amp; Mazenod, d&rsquo;un beau et grand livre sur cette peinture si m\u00e9connue tient de l&rsquo;\u00e9v\u00e9nement louable en cette p\u00e9riode de f\u00eates et de cadeaux appropri\u00e9s.<\/p>\n<p><a href=\"https:\/\/www.lalibre.be\/culture\/arts\/2023\/09\/12\/design-finnois-chez-piasa-IBZY3ONRCJGLHO3LK3QCY6ZBYA\/\" target=\"_self\" class=\"ap-StoryInterstitialLink ap-StoryElement ap-StoryElement--mb\" rel=\"noopener\">Design finnois chez Piasa<\/a><\/p>\n<p class=\"ap-StoryElement ap-StoryElement--mb ap-StoryText\">Nous, plus au sud, n&rsquo;avons point de neige encore et un temps anormalement doux en cette saison des frimas, ne doit pas nous faire oublier que l\u00e0-bas, tout au Nord, pas si loin de la calotte polaire, les hivers sont longs, froids et, sans doute, propices \u00e0 l&rsquo;expression d&rsquo;\u00e9tats d&rsquo;\u00e2me charg\u00e9s d&rsquo;images r\u00e9f\u00e9rentielles.<\/p>\n<p class=\"ap-StoryElement ap-StoryElement--mb ap-StoryText\">L&rsquo;ouvrage, sign\u00e9 par deux natives de Hambourg, Katharina Alsen et Annika Landmann, virevolte entre les commentaires pr\u00e9cis autant que pr\u00e9cieux et des arr\u00eats sur des images grand format charg\u00e9s de sens, d&rsquo;adr\u00e9naline et de points d&rsquo;ancrage quant \u00e0 ce grand Nord aux coutumes ancestrales \u00e0 la fois sauvages et placides.<\/p>\n<p class=\"ap-StoryElement ap-StoryElement--mb ap-StoryText\">Trois cent cinq pages en couleurs entre expressionnisme et intimit\u00e9, les auteures brossent large. Avec de beaux exemples de r\u00e9siliences adoss\u00e9es aux us et coutumes de peuples qui, s&rsquo;ils nous sont souvent \u00e9trangers, n&rsquo;en sont pas moins proches de nous par certaines habitudes, \u00e0 d\u00e9faut de croyances et religions parall\u00e8les.<\/p>\n<p class=\"ap-StoryElement ap-StoryElement--mb ap-StoryText\">L&rsquo;autoportrait y serait-il davantage fr\u00e9q<\/p>\n<p><a href=\"https:\/\/www.lalibre.be\/archives-journal\/2014\/05\/06\/satisfecit-pour-le-design-nordique-Z2NZHLT4VVEVLHMVJRC6I5C3WQ\/\" target=\"_self\" class=\"ap-StoryInterstitialLink ap-StoryElement ap-StoryElement--mb\" rel=\"noopener\">Satisfecit pour le Design nordique<\/a><\/p>\n<p class=\"ap-StoryElement ap-StoryElement--mb ap-StoryText\">uent ? Annika Landman se pose la question en s&rsquo;attardant, par exemple, \u00e0 cette \u00e9trange et percutante personnalit\u00e9 que fut Helene Schjerfbeck, cette Finlandaise qui, \u00e0 la fin de sa vie, corsa son art de fulgurances \u00e0 tout le moins audacieuses, ses derniers autoportraits s&rsquo;affranchissant de toute consid\u00e9ration \u00e9labor\u00e9e pour n&rsquo;\u00eatre plus que traits \u00e9pars sign\u00e9s dans l&rsquo;urgence d&rsquo;une \u00e2me aux abois d&rsquo;elle-m\u00eame.<\/p>\n<p class=\"ap-StoryElement ap-StoryElement--mb ap-StoryText\">v<\/p>\n<p>Du Danemark \u00e0 L&rsquo;Islande<\/p>\n<p class=\"ap-StoryElement ap-StoryElement--mb ap-StoryText\">Alors, d&#8217;embl\u00e9e, pourquoi pas l&rsquo;Estonie, ce petit pays balte qui, par bien de ses attraits, en appelle, lui aussi, aux consid\u00e9rations philosophiques, historiques, naturelles, des pays d&rsquo;une \u00e8re scandinave \u00e0 laquelle on les unit trop rarement ? Comme en Finlande, les Estoniens ont eu l&rsquo;intelligence ou l&rsquo;opportunit\u00e9 d&rsquo;une all\u00e9geance aux coutumes ancestrales, \u00e0 ce romantisme national, fait de danses et de mythes, que r\u00e9sume bien le \u00ab\u00a0Kalevala\u00a0\u00bb imag\u00e9 par un Aleksi Gallen-Kallela.<\/p>\n<p class=\"ap-StoryElement ap-StoryElement--mb ap-StoryText\">Des figures \u00e9mergentes couronnent la peinture du Nord, qu&rsquo;elle vienne du Danemark, de Su\u00e8de, de Norv\u00e8ge, de Finlande, d&rsquo;Islande. Le nom et la personnalit\u00e9, ombrageuse et m\u00e9lancolique, exacerb\u00e9e, d&rsquo;Edvard Munch, le Norv\u00e9gien, figure pilote d&rsquo;un XXe si\u00e8cle en appel de novations et d&rsquo;expressions, \u00e9merge certes. Mais, ce serait faire injure au grand Nord que de ne pas souligner l&rsquo;importance et le talent d&rsquo;un Wilhelm Hammershoi, d&rsquo;Helene Schjerfbeck, de Johannes Kjarval, de Sigrid Hjerten.<\/p>\n<p><a href=\"https:\/\/www.lalibre.be\/culture\/arts\/2024\/02\/05\/une-simplicite-qui-plait-chez-piasa-QH7NHT7CEJEANMPYM2HCSSEW5M\/\" target=\"_self\" class=\"ap-StoryInterstitialLink ap-StoryElement ap-StoryElement--mb\" rel=\"noopener\">Une simplicit\u00e9 qui pla\u00eet chez Piasa<\/a><\/p>\n<p class=\"ap-StoryElement ap-StoryElement--mb ap-StoryText\">Paysages grandioses, sc\u00e8nes pittoresques ou traditionnelles, portraits m\u00e9lancoliques, int\u00e9rieurs d\u00e9pouill\u00e9s et chaleureux, mais aussi vues urbaines. Ce tr\u00e8s beau livre explique, d\u00e9crit, souligne, enchante. Nous en met plein la vue. Et m\u00eame interroge utilement les interactions entre les artistes du Nord de l&rsquo;Europe et ceux du centre de celle-ci.<\/p>\n<p class=\"ap-StoryElement ap-StoryElement--mb ap-StoryText\">En fin d&rsquo;ouvrage, les deux auteures conviennent d&rsquo;une actualisation indispensable en soulignant l&rsquo;apport r\u00e9cent \u00e0 l&rsquo;art mondial d&rsquo;un Olafur Eliasson.<\/p>\n<p><a href=\"https:\/\/www.lalibre.be\/culture\/arts\/2022\/05\/23\/la-beaute-infinie-des-lacs-finlandais-EHPEPYNVSFH63EZJYVAHKGDF6M\/\" target=\"_self\" class=\"ap-StoryInterstitialLink ap-StoryElement ap-StoryElement--mb\" rel=\"noopener\">La beaut\u00e9 infinie des lacs finlandais<\/a><\/p>\n<p class=\"ap-StoryElement ap-StoryElement--mb ap-StoryText\">Espaces, fronti\u00e8res, identit\u00e9s, visions. Entre absence et pr\u00e9sence, images du corps \u00e0 l&rsquo;appui. Du vitalisme au dandysme, de la sensualit\u00e9 au d\u00e9sir. Des topographies aux espaces int\u00e9rieurs. De la forme et de l&rsquo;absence de forme \u00e0 l&rsquo;abstraction.<\/p>\n<p class=\"ap-StoryElement ap-StoryElement--mb ap-StoryText\"><b>\u21d2 La peinture nordique <\/b>| Katharina Alsen et Annika Landmann | Citadelles &amp; Mazenod, 305 pp., 89 \u20ac<\/p>\n","protected":false},"excerpt":{"rendered":"C&rsquo;est dire si la parution, aux \u00c9ditions Citadelles &amp; Mazenod, d&rsquo;un beau et grand livre sur cette peinture&hellip;\n","protected":false},"author":2,"featured_media":624075,"comment_status":"","ping_status":"","sticky":false,"template":"","format":"standard","meta":{"footnotes":""},"categories":[1358],"tags":[1348,1384,1385,56862,1386,58,59,1011,27],"class_list":{"0":"post-624074","1":"post","2":"type-post","3":"status-publish","4":"format-standard","5":"has-post-thumbnail","7":"category-arts-et-design","8":"tag-arts","9":"tag-arts-and-design","10":"tag-arts-et-design","11":"tag-belgaonthespot","12":"tag-design","13":"tag-divertissement","14":"tag-entertainment","15":"tag-fr","16":"tag-france"},"share_on_mastodon":{"url":"https:\/\/pubeurope.com\/@fr\/115788137323523763","error":""},"_links":{"self":[{"href":"https:\/\/www.europesays.com\/fr\/wp-json\/wp\/v2\/posts\/624074","targetHints":{"allow":["GET"]}}],"collection":[{"href":"https:\/\/www.europesays.com\/fr\/wp-json\/wp\/v2\/posts"}],"about":[{"href":"https:\/\/www.europesays.com\/fr\/wp-json\/wp\/v2\/types\/post"}],"author":[{"embeddable":true,"href":"https:\/\/www.europesays.com\/fr\/wp-json\/wp\/v2\/users\/2"}],"replies":[{"embeddable":true,"href":"https:\/\/www.europesays.com\/fr\/wp-json\/wp\/v2\/comments?post=624074"}],"version-history":[{"count":0,"href":"https:\/\/www.europesays.com\/fr\/wp-json\/wp\/v2\/posts\/624074\/revisions"}],"wp:featuredmedia":[{"embeddable":true,"href":"https:\/\/www.europesays.com\/fr\/wp-json\/wp\/v2\/media\/624075"}],"wp:attachment":[{"href":"https:\/\/www.europesays.com\/fr\/wp-json\/wp\/v2\/media?parent=624074"}],"wp:term":[{"taxonomy":"category","embeddable":true,"href":"https:\/\/www.europesays.com\/fr\/wp-json\/wp\/v2\/categories?post=624074"},{"taxonomy":"post_tag","embeddable":true,"href":"https:\/\/www.europesays.com\/fr\/wp-json\/wp\/v2\/tags?post=624074"}],"curies":[{"name":"wp","href":"https:\/\/api.w.org\/{rel}","templated":true}]}}