{"id":624086,"date":"2025-12-26T22:11:25","date_gmt":"2025-12-26T22:11:25","guid":{"rendered":"https:\/\/www.europesays.com\/fr\/624086\/"},"modified":"2025-12-26T22:11:25","modified_gmt":"2025-12-26T22:11:25","slug":"je-les-sens-vraiment-creves-a-la-star-academy-le-coup-de-mou-des-candidats-pendant-les-fetes","status":"publish","type":"post","link":"https:\/\/www.europesays.com\/fr\/624086\/","title":{"rendered":"\u00ab\u00a0Je les sens vraiment crev\u00e9s\u00a0\u00bb\u00a0: \u00e0 la \u00ab\u00a0Star Academy\u00a0\u00bb, le coup de mou des candidats pendant les f\u00eates"},"content":{"rendered":"<p class=\"\">Car avec les jours qui passent, l\u2019intensit\u00e9 des journ\u00e9es et le stress permanent, difficile pour les acad\u00e9miciens de rester \u00e0 100 % en permanence. \u00ab C\u2019est toujours compliqu\u00e9 la p\u00e9riode des vacances de No\u00ebl pour les candidats qui restent dans le ch\u00e2teau, glisse un proche de la production, habitu\u00e9. D\u00e9j\u00e0, <a href=\"https:\/\/www.leparisien.fr\/culture-loisirs\/star-academy-leo-elimine-par-le-public-ne-participera-pas-a-la-tournee-14-12-2025-TZIWYQKWUJE5NFZBCXZNCPGLTE.php?at_variant=link&amp;at_creation=Le%20Parisien&amp;at_campaign=Partage%20Twitter%20CM&amp;at_medium=Social%20media\" target=\"_blank\" rel=\"noreferrer noopener\">le prime de la tourn\u00e9e est pass\u00e9<\/a>, et une fois qu\u2019ils savent qu\u2019ils sont retenus pour les concerts \u00e0 venir, forc\u00e9ment cela se rel\u00e2che un peu en termes de motivation. \u00bb<\/p>\n","protected":false},"excerpt":{"rendered":"Car avec les jours qui passent, l\u2019intensit\u00e9 des journ\u00e9es et le stress permanent, difficile pour les acad\u00e9miciens de&hellip;\n","protected":false},"author":2,"featured_media":624087,"comment_status":"","ping_status":"","sticky":false,"template":"","format":"standard","meta":{"footnotes":""},"categories":[8],"tags":[872,58,59,1011,27,2205],"class_list":{"0":"post-624086","1":"post","2":"type-post","3":"status-publish","4":"format-standard","5":"has-post-thumbnail","7":"category-divertissement","8":"tag-culture-et-loisirs","9":"tag-divertissement","10":"tag-entertainment","11":"tag-fr","12":"tag-france","13":"tag-television-medias"},"share_on_mastodon":{"url":"https:\/\/pubeurope.com\/@fr\/115788164865235545","error":""},"_links":{"self":[{"href":"https:\/\/www.europesays.com\/fr\/wp-json\/wp\/v2\/posts\/624086","targetHints":{"allow":["GET"]}}],"collection":[{"href":"https:\/\/www.europesays.com\/fr\/wp-json\/wp\/v2\/posts"}],"about":[{"href":"https:\/\/www.europesays.com\/fr\/wp-json\/wp\/v2\/types\/post"}],"author":[{"embeddable":true,"href":"https:\/\/www.europesays.com\/fr\/wp-json\/wp\/v2\/users\/2"}],"replies":[{"embeddable":true,"href":"https:\/\/www.europesays.com\/fr\/wp-json\/wp\/v2\/comments?post=624086"}],"version-history":[{"count":0,"href":"https:\/\/www.europesays.com\/fr\/wp-json\/wp\/v2\/posts\/624086\/revisions"}],"wp:featuredmedia":[{"embeddable":true,"href":"https:\/\/www.europesays.com\/fr\/wp-json\/wp\/v2\/media\/624087"}],"wp:attachment":[{"href":"https:\/\/www.europesays.com\/fr\/wp-json\/wp\/v2\/media?parent=624086"}],"wp:term":[{"taxonomy":"category","embeddable":true,"href":"https:\/\/www.europesays.com\/fr\/wp-json\/wp\/v2\/categories?post=624086"},{"taxonomy":"post_tag","embeddable":true,"href":"https:\/\/www.europesays.com\/fr\/wp-json\/wp\/v2\/tags?post=624086"}],"curies":[{"name":"wp","href":"https:\/\/api.w.org\/{rel}","templated":true}]}}