{"id":624088,"date":"2025-12-26T22:12:26","date_gmt":"2025-12-26T22:12:26","guid":{"rendered":"https:\/\/www.europesays.com\/fr\/624088\/"},"modified":"2025-12-26T22:12:26","modified_gmt":"2025-12-26T22:12:26","slug":"les-personnes-au-qi-plus-eleve-partagent-souvent-cette-particularite-physique-selon-les-chercheurs","status":"publish","type":"post","link":"https:\/\/www.europesays.com\/fr\/624088\/","title":{"rendered":"Les personnes au QI plus \u00e9lev\u00e9 partagent souvent cette particularit\u00e9 physique, selon les chercheurs"},"content":{"rendered":"<p>QI \u00e9lev\u00e9 : cette particularit\u00e9 physique intrigue les<br \/>\nchercheurs<\/p>\n<p>On pense souvent l\u2019intelligence \u00e0 travers le raisonnement, la<br \/>\nm\u00e9moire, les maths. Pourtant, un d\u00e9tail visible \u00e0 l\u2019\u0153il nu<br \/>\nreviendrait plus souvent chez les profils au <strong>QI<\/strong><br \/>\nsup\u00e9rieur. Des \u00e9quipes acad\u00e9miques ont explor\u00e9 ce lien entre signe<br \/>\nphysique simple et performances cognitives, avec un fil rouge : la<br \/>\nfa\u00e7on dont le cerveau connecte ses deux c\u00f4t\u00e9s. Rien de magique,<br \/>\nmais un faisceau d\u2019indices solide. La cl\u00e9 se voit\u2026 sur la main.<\/p>\n<p>Les travaux cit\u00e9s ces derni\u00e8res ann\u00e9es dessinent un m\u00eame<br \/>\nportrait : une minorit\u00e9 porte un c\u00e2blage c\u00e9r\u00e9bral singulier, et ce<br \/>\nc\u00e2blage favoriserait certaines formes d\u2019intelligence. Le point<br \/>\ncommun n\u2019est pas un entra\u00eenement secret ni une m\u00e9thode miracle,<br \/>\nplut\u00f4t une organisation des <strong>h\u00e9misph\u00e8res<\/strong> qui<br \/>\ncommuniquent vite et bien. Le d\u00e9tail physique qui y est associ\u00e9 a<br \/>\nlongtemps \u00e9t\u00e9 sous-estim\u00e9. Et pourtant, il saute aux yeux.<\/p>\n<p>Gauchers et QI : ce que montre l\u2019Universit\u00e9 d\u2019Oxford<\/p>\n<p>Oui, cette particularit\u00e9, c\u2019est \u00eatre <strong>gaucher<\/strong> ou<br \/>\ngauch\u00e8re. Environ 15 % des Fran\u00e7ais utilisent majoritairement la<br \/>\nmain gauche. L\u2019<strong>Universit\u00e9 d\u2019Oxford<\/strong> a raviv\u00e9 le<br \/>\nsujet en analysant l\u2019ADN de 400 000 volontaires de la <strong>UK<br \/>\nBiobank<\/strong>, dont 38 332 gauchers, et identifi\u00e9 quatre r\u00e9gions<br \/>\ng\u00e9n\u00e9tiques associ\u00e9es au fait d\u2019\u00eatre gaucher. Trois d\u2019entre elles<br \/>\ntouchent le <strong>cytosquelette<\/strong>, structure qui organise<br \/>\nla forme et le fonctionnement des cellules.<\/p>\n<p>Ce terrain biologique se voit dans le cerveau. Les chercheurs<br \/>\nd\u2019Oxford d\u00e9crivent une connectivit\u00e9 plus riche entre zones cl\u00e9s, en<br \/>\nparticulier celles du langage r\u00e9parties \u00e0 gauche et \u00e0 droite. \u00ab\u00a0Nous<br \/>\navons d\u00e9couvert que, chez les participants gauchers, les zones<br \/>\nd\u00e9di\u00e9es au langage du c\u00f4t\u00e9 gauche et du c\u00f4t\u00e9 droit du cerveau<br \/>\ncommuniquent entre elles de mani\u00e8re plus coordonn\u00e9e que chez les<br \/>\ndroitiers\u00a0\u00bb, a pr\u00e9cis\u00e9 le Dr Akira Wiberg, membre du Conseil des<br \/>\nrecherches m\u00e9dicales de l\u2019Universit\u00e9 d\u2019Oxford, selon<br \/>\nBibaMagazine.<\/p>\n<p>Corps calleux, langage, cr\u00e9ativit\u00e9 : quels effets mesur\u00e9s<\/p>\n<p>Au centre du jeu, le <strong>corps calleux<\/strong> agit comme<br \/>\nun pont entre les deux h\u00e9misph\u00e8res. Plusieurs travaux indiquent<br \/>\nqu\u2019il est en moyenne plus d\u00e9velopp\u00e9 chez une partie des gauchers,<br \/>\nce qui favorise la coordination et la polyvalence. Dans la vraie<br \/>\nvie, cela se traduit par une pens\u00e9e plus fluide, utile dans l\u2019art,<br \/>\nle sport de duel \u2013 Rafael Nadal en est un exemple \u2013 ou l\u2019analyse<br \/>\nrapide. Barack Obama ou Beethoven ont aussi \u00e9t\u00e9 cit\u00e9s comme<br \/>\ngauchers c\u00e9l\u00e8bres, simple illustration.<\/p>\n<p>C\u00f4t\u00e9 cognition, une \u00e9tude publi\u00e9e dans l\u2019American Journal of<br \/>\nPsychology rapporte des performances sup\u00e9rieures en <strong>pens\u00e9e<br \/>\ndivergente<\/strong> chez les gauchers, cette capacit\u00e9 \u00e0 g\u00e9n\u00e9rer des<br \/>\nid\u00e9es originales et multiples. Sur le plan socio-\u00e9conomique, des<br \/>\ndonn\u00e9es \u00e9voqu\u00e9es par le <strong>National Bureau of Economic<br \/>\nResearch<\/strong> montrent qu\u2019au sein des dipl\u00f4m\u00e9s du sup\u00e9rieur,<br \/>\nles gauchers gagneraient en moyenne <strong>26 %<\/strong> de plus<br \/>\nque leurs homologues droitiers. L\u2019effet ne se retrouve pas \u00e0 tous<br \/>\nles niveaux d\u2019\u00e9tudes.<\/p>\n<p>\u00catre gaucher rend-il vraiment plus<br \/>\nintelligent ?<\/p>\n<p>Les chercheurs restent prudents. Les tests de<br \/>\n<strong>QI<\/strong> sont contest\u00e9s sur ce qu\u2019ils mesurent<br \/>\nr\u00e9ellement, et s\u2019entra\u00eener am\u00e9liore surtout la performance au test,<br \/>\npas \u00ab\u00a0l\u2019intelligence\u00a0\u00bb au sens large. Les \u00e9tudes cit\u00e9es plus haut<br \/>\nsugg\u00e8rent des avantages cibl\u00e9s chez les gauchers et gauch\u00e8res \u2013<br \/>\nlangage plus bilat\u00e9ral, cr\u00e9ativit\u00e9, adaptation \u2013 sans certitude<br \/>\nd\u2019une sup\u00e9riorit\u00e9 globale. Autrement dit, corr\u00e9lation n\u2019est pas<br \/>\ndestin.<\/p>\n<p>Un point souvent avanc\u00e9 vient du quotidien : un monde pens\u00e9 pour<br \/>\nles droitiers oblige les gauchers \u00e0 inventer des solutions, d\u00e8s<br \/>\nl\u2019\u00e9cole, face aux outils ou gestes mal adapt\u00e9s. Cet effort constant<br \/>\nnourrit une forme de cr\u00e9ativit\u00e9 et de flexibilit\u00e9 mentale utile<br \/>\nquand l\u2019impr\u00e9vu surgit. Le tableau se pr\u00e9cise donc sans trancher<br \/>\nnet. Et la question reste ouverte : comment chacun, droitier ou<br \/>\ngaucher, tire le meilleur de son c\u00e2blage c\u00e9r\u00e9bral unique ?<\/p>\n","protected":false},"excerpt":{"rendered":"QI \u00e9lev\u00e9 : cette particularit\u00e9 physique intrigue les chercheurs On pense souvent l\u2019intelligence \u00e0 travers le raisonnement, la&hellip;\n","protected":false},"author":2,"featured_media":624089,"comment_status":"","ping_status":"","sticky":false,"template":"","format":"standard","meta":{"footnotes":""},"categories":[7],"tags":[3031,3477,7079,17226,1011,27,151,10939,73347,3744,11088,378,71876,43,40,41,39,15298,5485,42,44],"class_list":{"0":"post-624088","1":"post","2":"type-post","3":"status-publish","4":"format-standard","5":"has-post-thumbnail","7":"category-sciences-et-technologies","8":"tag-au","9":"tag-cette","10":"tag-chercheurs","11":"tag-eleve","12":"tag-fr","13":"tag-france","14":"tag-les","15":"tag-partagent","16":"tag-particularite","17":"tag-personnes","18":"tag-physique","19":"tag-plus","20":"tag-qi","21":"tag-science","22":"tag-science-and-technology","23":"tag-sciences","24":"tag-sciences-et-technologies","25":"tag-selon","26":"tag-souvent","27":"tag-technologies","28":"tag-technology"},"share_on_mastodon":{"url":"https:\/\/pubeurope.com\/@fr\/115788168941681950","error":""},"_links":{"self":[{"href":"https:\/\/www.europesays.com\/fr\/wp-json\/wp\/v2\/posts\/624088","targetHints":{"allow":["GET"]}}],"collection":[{"href":"https:\/\/www.europesays.com\/fr\/wp-json\/wp\/v2\/posts"}],"about":[{"href":"https:\/\/www.europesays.com\/fr\/wp-json\/wp\/v2\/types\/post"}],"author":[{"embeddable":true,"href":"https:\/\/www.europesays.com\/fr\/wp-json\/wp\/v2\/users\/2"}],"replies":[{"embeddable":true,"href":"https:\/\/www.europesays.com\/fr\/wp-json\/wp\/v2\/comments?post=624088"}],"version-history":[{"count":0,"href":"https:\/\/www.europesays.com\/fr\/wp-json\/wp\/v2\/posts\/624088\/revisions"}],"wp:featuredmedia":[{"embeddable":true,"href":"https:\/\/www.europesays.com\/fr\/wp-json\/wp\/v2\/media\/624089"}],"wp:attachment":[{"href":"https:\/\/www.europesays.com\/fr\/wp-json\/wp\/v2\/media?parent=624088"}],"wp:term":[{"taxonomy":"category","embeddable":true,"href":"https:\/\/www.europesays.com\/fr\/wp-json\/wp\/v2\/categories?post=624088"},{"taxonomy":"post_tag","embeddable":true,"href":"https:\/\/www.europesays.com\/fr\/wp-json\/wp\/v2\/tags?post=624088"}],"curies":[{"name":"wp","href":"https:\/\/api.w.org\/{rel}","templated":true}]}}