{"id":624090,"date":"2025-12-26T22:13:18","date_gmt":"2025-12-26T22:13:18","guid":{"rendered":"https:\/\/www.europesays.com\/fr\/624090\/"},"modified":"2025-12-26T22:13:18","modified_gmt":"2025-12-26T22:13:18","slug":"marches-de-noel-a-colmar-des-touristes-tombent-dans-le-panneau","status":"publish","type":"post","link":"https:\/\/www.europesays.com\/fr\/624090\/","title":{"rendered":"March\u00e9s de No\u00ebl. A Colmar, des touristes tombent dans le panneau"},"content":{"rendered":"<p>La sc\u00e8ne se passe la veille de No\u00ebl. Un groupe de touristes francophones patientent une bonne demi-heure sur un trottoir de la route de Rouffach, en face de la rampe du pont SNCF, loin <a href=\"https:\/\/www.dna.fr\/culture-loisirs\/noel-en-alsace\" target=\"_blank\" rel=\"noopener\">de tout march\u00e9 de No\u00ebl<\/a>. Devant eux, un panneau provisoire indique \u00ab\u00a0March\u00e9s de No\u00ebl &#8211; Navette gratuite\u00a0\u00bb sans autre forme de proc\u00e8s. L\u2019attente est longue et le doute finit par s\u2019installer.<\/p>\n<p>Heureusement, un riverain passe par l\u00e0. \u00ab\u00a0Pardon monsieur, la navette passe \u00e0 quelle fr\u00e9quence\u00a0?\u00a0\u00bb, interrogent les visiteurs. \u00c0 cet endroit, jamais\u00a0! Il faut marcher quelques centaines de m\u00e8tres <a href=\"https:\/\/www.dna.fr\/culture-loisirs\/2025\/12\/05\/navettes-de-noel-la-gare-routiere-deplacee\" target=\"_blank\" rel=\"noopener\">jusqu\u2019\u00e0 la gare routi\u00e8re<\/a> , ce que le panneau ne pr\u00e9cise pas.<\/p>\n<p>D\u2019apr\u00e8s le riverain, ce ne sont pas les premiers \u00e0 \u00eatre tomb\u00e9s dans le panneau. Mais l\u2019histoire ne dit pas combien de temps d\u2019autres ont attendu la navette fant\u00f4me.<\/p>\n","protected":false},"excerpt":{"rendered":"La sc\u00e8ne se passe la veille de No\u00ebl. Un groupe de touristes francophones patientent une bonne demi-heure sur&hellip;\n","protected":false},"author":2,"featured_media":624091,"comment_status":"","ping_status":"","sticky":false,"template":"","format":"standard","meta":{"footnotes":""},"categories":[6],"tags":[35,5065,33,34,2413,107,1011,27,1757,15830,14851,602],"class_list":{"0":"post-624090","1":"post","2":"type-post","3":"status-publish","4":"format-standard","5":"has-post-thumbnail","7":"category-economie","8":"tag-business","9":"tag-colmar","10":"tag-economie","11":"tag-economy","12":"tag-edition-colmar-guebwiller","13":"tag-fil-info","14":"tag-fr","15":"tag-france","16":"tag-insolite","17":"tag-noel","18":"tag-secteur-de-colmar","19":"tag-tourisme"},"share_on_mastodon":{"url":"https:\/\/pubeurope.com\/@fr\/115788172887704424","error":""},"_links":{"self":[{"href":"https:\/\/www.europesays.com\/fr\/wp-json\/wp\/v2\/posts\/624090","targetHints":{"allow":["GET"]}}],"collection":[{"href":"https:\/\/www.europesays.com\/fr\/wp-json\/wp\/v2\/posts"}],"about":[{"href":"https:\/\/www.europesays.com\/fr\/wp-json\/wp\/v2\/types\/post"}],"author":[{"embeddable":true,"href":"https:\/\/www.europesays.com\/fr\/wp-json\/wp\/v2\/users\/2"}],"replies":[{"embeddable":true,"href":"https:\/\/www.europesays.com\/fr\/wp-json\/wp\/v2\/comments?post=624090"}],"version-history":[{"count":0,"href":"https:\/\/www.europesays.com\/fr\/wp-json\/wp\/v2\/posts\/624090\/revisions"}],"wp:featuredmedia":[{"embeddable":true,"href":"https:\/\/www.europesays.com\/fr\/wp-json\/wp\/v2\/media\/624091"}],"wp:attachment":[{"href":"https:\/\/www.europesays.com\/fr\/wp-json\/wp\/v2\/media?parent=624090"}],"wp:term":[{"taxonomy":"category","embeddable":true,"href":"https:\/\/www.europesays.com\/fr\/wp-json\/wp\/v2\/categories?post=624090"},{"taxonomy":"post_tag","embeddable":true,"href":"https:\/\/www.europesays.com\/fr\/wp-json\/wp\/v2\/tags?post=624090"}],"curies":[{"name":"wp","href":"https:\/\/api.w.org\/{rel}","templated":true}]}}