{"id":624094,"date":"2025-12-26T22:15:25","date_gmt":"2025-12-26T22:15:25","guid":{"rendered":"https:\/\/www.europesays.com\/fr\/624094\/"},"modified":"2025-12-26T22:15:25","modified_gmt":"2025-12-26T22:15:25","slug":"vigilance-orange-dans-les-pyrenees-orientales-jusqua-147-mm-de-cumuls-de-pluie-enregistres-en-24-h-mais-ce-nest-pas-termine-on-na-passe-quune-bon","status":"publish","type":"post","link":"https:\/\/www.europesays.com\/fr\/624094\/","title":{"rendered":"Vigilance orange dans les Pyr\u00e9n\u00e9es-Orientales\u00a0: jusqu\u2019\u00e0 147\u00a0mm de cumuls de pluie enregistr\u00e9s en 24\u00a0h mais \u00ab\u00a0Ce n\u2019est pas termin\u00e9. On n\u2019a pass\u00e9 qu\u2019une bonne moiti\u00e9 de ce qui \u00e9tait attendu\u00a0\u00bb"},"content":{"rendered":"<p>\n                                                                Alors que le d\u00e9partement des Pyr\u00e9n\u00e9es-Orientales est en vigilance orange pour pluie et inondations, mais aussi pour risque de crues (Agly et R\u00e9art), M\u00e9t\u00e9o France fait le point sur les cumuls enregistr\u00e9s en cette journ\u00e9e du vendredi 26\u00a0d\u00e9cembre 2025.\n                            <\/p>\n<p>Des cumuls tr\u00e8s importants ont \u00e9t\u00e9 enregistr\u00e9s ce vendredi 26\u00a0d\u00e9cembre 2025 dans les Pyr\u00e9n\u00e9es-Orientales aux quatre coins du d\u00e9partement. M\u00e9t\u00e9o France annonce qu\u2019en 24\u00a0h, il est tomb\u00e9 entre 90 et 110\u00a0mm dans une grande partie du secteur (Fenouill\u00e8des, Alb\u00e8res, partie basse du Conflent\u2026). C\u2019est d\u2019ailleurs au pic du\u00a0N\u00e9oulous, dans les Alb\u00e8res, que la plus haute valeur a \u00e9t\u00e9 enregistr\u00e9e\u00a0: 147\u00a0mm. Tandis qu\u2019\u00e0 Perpignan, il est tomb\u00e9 70\u00a0mm. La vigilance orange en place depuis ce jeudi 25\u00a0d\u00e9cembre pour pluie et inondation est toujours en place et devrait durer jusqu\u2019\u00e0 samedi minuit, annonce M\u00e9t\u00e9o France. Une vigilance orange est aussi en place pour risque de crues concernant l\u2019Agly et le R\u00e9art.<\/p>\n<p>Pas d\u2019am\u00e9lioration avant dimanche<\/p>\n<p>La pluie va continuer \u00e0 tomber pour cette journ\u00e9e de samedi 27\u00a0d\u00e9cembre, \u00ab\u00a0des pr\u00e9cipitations pas fortes mais qui vont perdurer\u00a0\u00bb et s\u2019ajouter aux cumuls tomb\u00e9s. Entre 50 et 80\u00a0mm sont attendus sur l\u2019ensemble du d\u00e9partement, 100 \u00e0 120\u00a0mm localement, et moins dans la partie Roussillon, entre 30 et 50\u00a0mm. \u00ab\u00a0On n\u2019a pass\u00e9 qu\u2019une bonne moiti\u00e9 de ce qui \u00e9tait attendu. Mais ce n\u2019est pas termin\u00e9. Il y aura moins de pr\u00e9cipitations, mais vu les conditions il pourrait encore y avoir des d\u00e9g\u00e2ts \u00e0 cause de la vigilance pour risque de crues. Nous ne sommes pas hors de danger\u00a0\u00bb, poursuit la pr\u00e9visionniste M\u00e9t\u00e9o France.<\/p>\n<p>Sur les reliefs, une pr\u00e9cipitation neigeuse a balay\u00e9 les hauts sommets catalans. \u00c0 Mont-Louis, il est tomb\u00e9 pr\u00e8s de 20\u00a0cm et sur le pic du Canigou, 1\u00a0m. Les pr\u00e9visions de ce samedi annoncent des valeurs similaires\u00a0: 5 \u00e0 10\u00a0cm \u00e0 Font-Romeu, 5 \u00e0 20\u00a0cm \u00e0 Mont-Louis et jusqu\u2019\u00e0 40\u00a0cm pour certains secteurs.<\/p>\n<p>Mais quand allons-nous voir le bout du tunnel de cet \u00e9pisode m\u00e9diterran\u00e9en\u00a0? Les pr\u00e9visions annoncent une accalmie \u00e0 partir de la nuit de samedi \u00e0 dimanche. Mais rien n\u2019est encore gagn\u00e9. Si dimanche 28\u00a0d\u00e9cembre, on pourrait entrevoir quelques \u00e9claircies dans le ciel catalan, il faudra attendre ce lundi 29\u00a0d\u00e9cembre pour retrouver le beau temps et profiter comme il se doit de la derni\u00e8re semaine de l\u2019ann\u00e9e 2025.<\/p>\n","protected":false},"excerpt":{"rendered":"Alors que le d\u00e9partement des Pyr\u00e9n\u00e9es-Orientales est en vigilance orange pour pluie et inondations, mais aussi pour risque&hellip;\n","protected":false},"author":2,"featured_media":624095,"comment_status":"","ping_status":"","sticky":false,"template":"","format":"standard","meta":{"footnotes":""},"categories":[4],"tags":[1111,11,1011,27,15882,12,3464,11548,25],"class_list":{"0":"post-624094","1":"post","2":"type-post","3":"status-publish","4":"format-standard","5":"has-post-thumbnail","7":"category-france","8":"tag-actu","9":"tag-actualites","10":"tag-fr","11":"tag-france","12":"tag-mu00e9tu00e9o","13":"tag-news","14":"tag-perpignan","15":"tag-pyrenees-orientales","16":"tag-republique-francaise"},"share_on_mastodon":{"url":"https:\/\/pubeurope.com\/@fr\/115788180551072278","error":""},"_links":{"self":[{"href":"https:\/\/www.europesays.com\/fr\/wp-json\/wp\/v2\/posts\/624094","targetHints":{"allow":["GET"]}}],"collection":[{"href":"https:\/\/www.europesays.com\/fr\/wp-json\/wp\/v2\/posts"}],"about":[{"href":"https:\/\/www.europesays.com\/fr\/wp-json\/wp\/v2\/types\/post"}],"author":[{"embeddable":true,"href":"https:\/\/www.europesays.com\/fr\/wp-json\/wp\/v2\/users\/2"}],"replies":[{"embeddable":true,"href":"https:\/\/www.europesays.com\/fr\/wp-json\/wp\/v2\/comments?post=624094"}],"version-history":[{"count":0,"href":"https:\/\/www.europesays.com\/fr\/wp-json\/wp\/v2\/posts\/624094\/revisions"}],"wp:featuredmedia":[{"embeddable":true,"href":"https:\/\/www.europesays.com\/fr\/wp-json\/wp\/v2\/media\/624095"}],"wp:attachment":[{"href":"https:\/\/www.europesays.com\/fr\/wp-json\/wp\/v2\/media?parent=624094"}],"wp:term":[{"taxonomy":"category","embeddable":true,"href":"https:\/\/www.europesays.com\/fr\/wp-json\/wp\/v2\/categories?post=624094"},{"taxonomy":"post_tag","embeddable":true,"href":"https:\/\/www.europesays.com\/fr\/wp-json\/wp\/v2\/tags?post=624094"}],"curies":[{"name":"wp","href":"https:\/\/api.w.org\/{rel}","templated":true}]}}