{"id":624098,"date":"2025-12-26T22:18:17","date_gmt":"2025-12-26T22:18:17","guid":{"rendered":"https:\/\/www.europesays.com\/fr\/624098\/"},"modified":"2025-12-26T22:18:17","modified_gmt":"2025-12-26T22:18:17","slug":"retour-sur-limpressionnant-incendie-du-reveillon-a-la-talaudiere","status":"publish","type":"post","link":"https:\/\/www.europesays.com\/fr\/624098\/","title":{"rendered":"retour sur l&rsquo;impressionnant incendie du r\u00e9veillon \u00e0 La Talaudi\u00e8re"},"content":{"rendered":"<p>Le 24\u00a0d\u00e9cembre, peu apr\u00e8s 21 heures, le feu s\u2019est d\u00e9clar\u00e9 dans un garage rue Evrard, \u00e0 La Talaudi\u00e8re. Les habitants de l\u2019immeuble jouxtant le garage ont d\u00fb quitter leur logement pr\u00e9cipitamment mais, fort heureusement, l\u2019incendie a \u00e9t\u00e9 vite circonscrit.<\/p>\n<p>Les habitants de l\u2019immeuble \u00e9vacu\u00e9 tiennent \u00e0 saluer les pompiers. \u00ab\u00a0On les avait appel\u00e9s le soir, mais ils \u00e9taient d\u00e9j\u00e0 au courant, une voisine leur avait&#8230;<\/p>\n","protected":false},"excerpt":{"rendered":"Le 24\u00a0d\u00e9cembre, peu apr\u00e8s 21 heures, le feu s\u2019est d\u00e9clar\u00e9 dans un garage rue Evrard, \u00e0 La Talaudi\u00e8re.&hellip;\n","protected":false},"author":2,"featured_media":624099,"comment_status":"","ping_status":"","sticky":false,"template":"","format":"standard","meta":{"footnotes":""},"categories":[9653],"tags":[1111,11,2430,7539,1777,674,274,107,1011,27,1310,12053,3367,12,25,4001,9664],"class_list":{"0":"post-624098","1":"post","2":"type-post","3":"status-publish","4":"format-standard","5":"has-post-thumbnail","7":"category-saint-etienne","8":"tag-actu","9":"tag-actualites","10":"tag-auvergne-rhone-alpes","11":"tag-edition-loire-sud","12":"tag-eu","13":"tag-europe","14":"tag-faits-divers-justice","15":"tag-fil-info","16":"tag-fr","17":"tag-france","18":"tag-incendie","19":"tag-la-talaudiere","20":"tag-loire","21":"tag-news","22":"tag-republique-francaise","23":"tag-saint-etienne","24":"tag-saint-etienne-bassin"},"share_on_mastodon":{"url":"https:\/\/pubeurope.com\/@fr\/115788192425428952","error":""},"_links":{"self":[{"href":"https:\/\/www.europesays.com\/fr\/wp-json\/wp\/v2\/posts\/624098","targetHints":{"allow":["GET"]}}],"collection":[{"href":"https:\/\/www.europesays.com\/fr\/wp-json\/wp\/v2\/posts"}],"about":[{"href":"https:\/\/www.europesays.com\/fr\/wp-json\/wp\/v2\/types\/post"}],"author":[{"embeddable":true,"href":"https:\/\/www.europesays.com\/fr\/wp-json\/wp\/v2\/users\/2"}],"replies":[{"embeddable":true,"href":"https:\/\/www.europesays.com\/fr\/wp-json\/wp\/v2\/comments?post=624098"}],"version-history":[{"count":0,"href":"https:\/\/www.europesays.com\/fr\/wp-json\/wp\/v2\/posts\/624098\/revisions"}],"wp:featuredmedia":[{"embeddable":true,"href":"https:\/\/www.europesays.com\/fr\/wp-json\/wp\/v2\/media\/624099"}],"wp:attachment":[{"href":"https:\/\/www.europesays.com\/fr\/wp-json\/wp\/v2\/media?parent=624098"}],"wp:term":[{"taxonomy":"category","embeddable":true,"href":"https:\/\/www.europesays.com\/fr\/wp-json\/wp\/v2\/categories?post=624098"},{"taxonomy":"post_tag","embeddable":true,"href":"https:\/\/www.europesays.com\/fr\/wp-json\/wp\/v2\/tags?post=624098"}],"curies":[{"name":"wp","href":"https:\/\/api.w.org\/{rel}","templated":true}]}}